{"id":160155,"date":"2024-12-27T00:05:37","date_gmt":"2024-12-27T00:05:37","guid":{"rendered":"https:\/\/www.ole.com.ar\/autos\/colapinto-franco-formula-1-autos-mirtha-legrand-juana-viale_0_LnCtKCjzNA.html"},"modified":"2024-12-27T00:05:37","modified_gmt":"2024-12-27T00:05:37","slug":"colapinto-dio-a-conocer-por-que-no-estara-en-la-mesa-de-juana-viale","status":"publish","type":"post","link":"http:\/\/cordobadirecto.com\/index.php\/2024\/12\/27\/colapinto-dio-a-conocer-por-que-no-estara-en-la-mesa-de-juana-viale\/","title":{"rendered":"Colapinto dio a conocer por qu\u00e9 no estar\u00e1 en la mesa de Juana Viale"},"content":{"rendered":"<p><time class=\"createDate\" datetime=\"2024-12-26T21:05:37-03:00\">26\/12\/2024 21:05hs.<\/time><\/p>\n<div id=\"storyBody\">\n<div class=\"custom-text \" readability=\"41\">\n<p>Franco Colapinto, el joven piloto argentino de F\u00f3rmula 1, ha sido uno de los nombres m\u00e1s comentados en el automovilismo nacional e internacional en los \u00faltimos tiempos. A sus 21 a\u00f1os, el corredor ha sido confirmado como piloto de Reserva de la escuder\u00eda Williams para la temporada 2025, lo que representa un paso importante en su carrera y un voto de confianza por parte de uno de los equipos m\u00e1s hist\u00f3ricos de la F\u00f3rmula 1 pese a no poder quedarse con una de las butacas de cara al inicio de la temporada. Al ser una de las figuras destacadas del deporte argentino, el chico fue convocado para formar parte de la mesa de Juana Viale el pr\u00f3ximo domingo al mediod\u00eda. <strong>Y si bien todo parec\u00eda estar encaminado para que Franco estuviera presente en el almuerzo con la nieta de Mirtha Legrand, el piloto confirm\u00f3 que no estar\u00e1 por motivos personales y laborales.<\/strong><\/p>\n<\/div>\n<p><h2>Colapinto confirm\u00f3 que no ir\u00e1 a lo de Mirtha Legrand<\/h2>\n<\/p>\n<div class=\"custom-text \" readability=\"37\">\n<p>La expectativa era enorme. Luego de que desde el programa anunciar\u00e1n que Franco Colapinto iba a estar presente en la emisi\u00f3n del pr\u00f3ximo domingo, los fan\u00e1ticos se hab\u00edan ilusionado con poder ver el encuentro entre la nieta de Mirtha Legrand y el piloto. <strong>Sin embargo, el piloto argentino decidi\u00f3 declinar la oferta por razones tanto personales como laborales. <\/strong><\/p>\n<\/div>\n<div class=\"custom-text \" readability=\"36\">\n<p><strong>&#8220;Quer\u00eda contarles que lamentablemente que no voy a poder estar en la mesa de Juanita este domingo. <\/strong>Ten\u00eda muchas ganas de ir y quer\u00eda agradecerles por la invitaci\u00f3n y el espacio. Por temas personales y de trabajo no voy a poder estar. Ojal\u00e1 que en el futuro nos podamos encontrar y pueda ir para charlar con todos ustedes. Quer\u00eda agradecerle a todos los argentinos y a los que hicieron posible este a\u00f1o. <strong>Les deseo un muy feliz a\u00f1o y vamos por un gran 2025&#8243;<\/strong>, dijo el piloto.<\/p>\n<\/div>\n<div class=\"sc-734b4696-1 kFfZtB\">\n<div class=\"sc-d00d9e74-0 hnHYbk\" type=\"embed\">\n<div class=\"sc-d00d9e74-1 iKVbz videoText\" id=\"contentTitleembedZj0pIPjr\" type=\"embed\"><svg fill=\"#ffffff\"><symbol id=\"play\" viewBox=\"0 0 512 512\"><path d=\"M512 256C512 397.4 397.4 512 256 512C114.6 512 0 397.4 0 256C0 114.6 114.6 0 256 0C397.4 0 512 114.6 512 256zM176 168V344C176 352.7 180.7 360.7 188.3 364.9C195.8 369.2 205.1 369 212.5 364.5L356.5 276.5C363.6 272.1 368 264.4 368 256C368 247.6 363.6 239.9 356.5 235.5L212.5 147.5C205.1 142.1 195.8 142.8 188.3 147.1C180.7 151.3 176 159.3 176 168V168z\" \/><\/symbol><use xlink:href=\"#play\" \/><\/svg><\/p>\n<div class=\"right\">\n<p>Franco Colapinto<!-- --> &#8211; <span>&nbsp;<\/span><\/p>\n<h2 class=\"title-vid\">T\u00edtulo: Colapinto confirm\u00f3 que no estar\u00e1 en la mesa de Juana Viale<\/h2>\n<\/div>\n<\/div>\n<p><span class=\"back\" id=\"spanBackembedZj0pIPjr\"><\/span><\/div>\n<p>X (antes Twitter)<\/p>\n<\/div>\n<p><h2>El plan de Williams para ver a Colapinto en la F\u00f3rmula 1 a partir de 2026 o 2027<\/h2>\n<\/p>\n<div class=\"custom-text \" readability=\"39\">\n<p>Williams ya empez\u00f3 a aprovechar el valor de Carlos Sainz, su fichaje estrella para lo que viene.<strong> Para la llegada del espa\u00f1ol de 30 a\u00f1os tuvo que salir Franco, quien se sab\u00eda que se iba a subir al auto durante apenas nueve grandes premios<\/strong>. Luego, el impacto dentro y fuera de la pista movi\u00f3 todos los cimientos del conjunto brit\u00e1nico y tambi\u00e9n de la M\u00e1xima. Y si bien los flojos rendimientos del cierre del per\u00edodo (tres abandonos en las \u00faltimas cuatro carreras) pudieron haber modificado un poco la imagen, lo cierto es que Colapinto ya dio muestras de que cuenta con el potencial para ser un volante con muchos a\u00f1os en la F1.<\/p>\n<\/div>\n<div class=\"sc-e7b891c4-0 ifHnQL image-embed\"><img alt=\"Colapinto en modo Navidad. (Williams Racing)\" loading=\"lazy\" width=\"720\" height=\"100\" decoding=\"async\" data-nimg=\"1\" src=\"http:\/\/cordobadirecto.com\/wp-content\/uploads\/2024\/12\/colapinto-dio-a-conocer-por-que-no-estara-en-la-mesa-de-juana-viale.jpg\"><span class=\"epigraphe\">Colapinto en modo Navidad. (Williams Racing)<\/span><\/div>\n<div class=\"sc-a7166897-0 eoLsBE\" readability=\"6\">\n<section readability=\"2\"><picture><img alt=\"\u00a1Masta la vista! Por qu\u00e9 el 2024 de Mastantuono se ir\u00e1 al alargue...\" loading=\"lazy\" width=\"290\" height=\"290\" decoding=\"async\" data-nimg=\"1\" src=\"http:\/\/cordobadirecto.com\/wp-content\/uploads\/2024\/12\/colapinto-dio-a-conocer-por-que-no-estara-en-la-mesa-de-juana-viale-1.jpg\"><\/picture>\n<p><span>Mir\u00e1 tambi\u00e9n<\/span><\/p>\n<hr>\n<h3>\u00a1Masta la vista! Por qu\u00e9 el 2024 de Mastantuono se ir\u00e1 al alargue&#8230;<\/h3>\n<\/p>\n<\/section>\n<\/div>\n<div class=\"sc-a7166897-0 eoLsBE\" readability=\"6.5\">\n<section readability=\"3\"><picture><img alt=\"Racing espera una respuesta de Roger: Saja es optimista, pero...\" loading=\"lazy\" width=\"290\" height=\"290\" decoding=\"async\" data-nimg=\"1\" src=\"http:\/\/cordobadirecto.com\/wp-content\/uploads\/2024\/12\/colapinto-dio-a-conocer-por-que-no-estara-en-la-mesa-de-juana-viale-2.jpg\"><\/picture>\n<p><span>Mir\u00e1 tambi\u00e9n<\/span><\/p>\n<hr>\n<h3>Racing espera una respuesta de Roger: Saja es optimista, pero&#8230;<\/h3>\n<\/p>\n<\/section>\n<\/div>\n<div class=\"sc-a7166897-0 eoLsBE\" readability=\"6.5\">\n<section readability=\"3\"><picture><img alt=\"Gago lament\u00f3 perder a uno de los refuerzos que quer\u00eda: \u00bfqu\u00e9 otras opciones le quedan como cinco?\" loading=\"lazy\" width=\"290\" height=\"290\" decoding=\"async\" data-nimg=\"1\" src=\"http:\/\/cordobadirecto.com\/wp-content\/uploads\/2024\/12\/colapinto-dio-a-conocer-por-que-no-estara-en-la-mesa-de-juana-viale-3.jpg\"><\/picture>\n<p><span>Mir\u00e1 tambi\u00e9n<\/span><\/p>\n<hr>\n<h3>Gago lament\u00f3 perder a uno de los refuerzos que quer\u00eda: \u00bfqu\u00e9 otras opciones le quedan como cinco?<\/h3>\n<\/p>\n<\/section>\n<\/div>\n<\/div>\n","protected":false},"excerpt":{"rendered":"<p>26\/12\/2024 21:05hs. Franco Colapinto, el joven piloto argentino de F\u00f3rmula 1, ha sido uno de los nombres m\u00e1s comentados en el automovilismo nacional e internacional en los \u00faltimos tiempos. A sus 21 a\u00f1os, el corredor ha sido confirmado como piloto de Reserva de la escuder\u00eda Williams para la temporada 2025, lo que representa un paso [&hellip;]<\/p>\n","protected":false},"author":1,"featured_media":160156,"comment_status":"closed","ping_status":"closed","sticky":false,"template":"","format":"standard","meta":[],"categories":[21],"tags":[],"_links":{"self":[{"href":"http:\/\/cordobadirecto.com\/index.php\/wp-json\/wp\/v2\/posts\/160155"}],"collection":[{"href":"http:\/\/cordobadirecto.com\/index.php\/wp-json\/wp\/v2\/posts"}],"about":[{"href":"http:\/\/cordobadirecto.com\/index.php\/wp-json\/wp\/v2\/types\/post"}],"author":[{"embeddable":true,"href":"http:\/\/cordobadirecto.com\/index.php\/wp-json\/wp\/v2\/users\/1"}],"replies":[{"embeddable":true,"href":"http:\/\/cordobadirecto.com\/index.php\/wp-json\/wp\/v2\/comments?post=160155"}],"version-history":[{"count":0,"href":"http:\/\/cordobadirecto.com\/index.php\/wp-json\/wp\/v2\/posts\/160155\/revisions"}],"wp:featuredmedia":[{"embeddable":true,"href":"http:\/\/cordobadirecto.com\/index.php\/wp-json\/wp\/v2\/media\/160156"}],"wp:attachment":[{"href":"http:\/\/cordobadirecto.com\/index.php\/wp-json\/wp\/v2\/media?parent=160155"}],"wp:term":[{"taxonomy":"category","embeddable":true,"href":"http:\/\/cordobadirecto.com\/index.php\/wp-json\/wp\/v2\/categories?post=160155"},{"taxonomy":"post_tag","embeddable":true,"href":"http:\/\/cordobadirecto.com\/index.php\/wp-json\/wp\/v2\/tags?post=160155"}],"curies":[{"name":"wp","href":"https:\/\/api.w.org\/{rel}","templated":true}]}}