{"id":160168,"date":"2024-12-27T11:42:11","date_gmt":"2024-12-27T11:42:11","guid":{"rendered":"https:\/\/cordoba.gob.ar\/?p=65339"},"modified":"2024-12-27T11:42:11","modified_gmt":"2024-12-27T11:42:11","slug":"cordoba-ejercera-durante-el-2025-la-vicepresidencia-de-desarrollo-social-y-salud-de-mercociudades","status":"publish","type":"post","link":"http:\/\/cordobadirecto.com\/index.php\/2024\/12\/27\/cordoba-ejercera-durante-el-2025-la-vicepresidencia-de-desarrollo-social-y-salud-de-mercociudades\/","title":{"rendered":"C\u00f3rdoba ejercer\u00e1 durante el 2025 la vicepresidencia de Desarrollo Social y Salud de Mercociudades"},"content":{"rendered":"<div><img src=\"http:\/\/cordobadirecto.com\/wp-content\/uploads\/2024\/12\/cordoba-ejercera-durante-el-2025-la-vicepresidencia-de-desarrollo-social-y-salud-de-mercociudades.jpg\" class=\"ff-og-image-inserted\"><\/div>\n<ul>\n<li><strong>Esta red tiene como objetivo mejorar la calidad de vida de las ciudades que la integran.<\/strong><\/li>\n<li><strong><strong>Ciudades como Belo Horizonte y Montevideo son parte tambi\u00e9n de esta comitiva.<\/strong><\/strong><br \/>\n<hr>\n<\/li>\n<\/ul>\n<p>La Municipalidad de C\u00f3rdoba, a trav\u00e9s de la Secretaria de Integraci\u00f3n Regional y Vinculaci\u00f3n Institucional, participo de la la XXIX Cumbre de Mercociudades. Se trata de la Red de Gobiernos Locales m\u00e1s importantes de Sudam\u00e9rica, que nuclea 380 ciudades miembro donde habitan m\u00e1s de 120 millones de personas.<\/p>\n<p>Durante el c\u00f3nclave se le otorg\u00f3 a C\u00f3rdoba la Vicepresidencia Tem\u00e1tica de Desarrollo Social y Salud, lo que le permite a la ciudad acceder a la Direcci\u00f3n Ejecutiva de la Red.<\/p>\n<p>Mercociudades es una red cuyo objetivo principal es mejorar la calidad de vida en estas ciudades integradas, inclusivas y participativa, en la cual a ciudad de C\u00f3rdoba es miembro fundadora.<\/p>\n<p>En el evento, que se llev\u00f3 a cabo en el Municipio de Esteban Echeverria, estuvo presente Alberto Ambrosio, representando al Municipio capitalino y Francisco Zanichelli, director General de Relaciones Multilaterales y Mercociudades.<\/p>\n<p>Durante las tres intensas jornadas de trabajo que se llevaron adelante en el marco de la Cumbre, C\u00f3rdoba subcoordin\u00f3 la reuni\u00f3n de la Unidad Tem\u00e1tica de Derechos Humanos y Migraciones; intervino de manera activa en las reuniones de Autonom\u00eda, Gesti\u00f3n y Participaci\u00f3n y particip\u00f3 de los Seminarios de Descentralizaci\u00f3n y Econom\u00eda del Cuidado.<\/p>\n<p>Adem\u00e1s, junto a Rosario, Montevideo, Belo Horizonte, Tandil y Esteban Echeverr\u00eda, firmo el pedido para que se pueda proceder a la creaci\u00f3n de la Unidad Tem\u00e1tica de Pol\u00edticas Alimentarias Urbanas. Tambi\u00e9n particip\u00f3 de las reuniones del Consejo y la Asamblea de Jefes de Gobierno de la Red Mercociudades, \u00f3rganos m\u00e1ximos de deliberaci\u00f3n de la organizaci\u00f3n.<\/p>\n<p>Durante la Asamblea, en la cual se produjo el cambio de autoridades y Sao Paulo cedi\u00f3 la presidencia a Esteban Echeverr\u00eda, el secretario Ambrosio expuso sus reflexiones remarcando que C\u00f3rdoba fue miembro fundador de la Red y qued\u00f3 a disposici\u00f3n de las nuevas autoridades, celebrando que sea una ciudad argentina como Esteban Echeverr\u00eda la que tome la presidencia en este per\u00edodo, destacando la labor de los representantes de todos los municipios para impulsar la Red.<\/p>\n<p>Fue en ese contexto que se le otorg\u00f3 a C\u00f3rdoba la Vicepresidencia Tem\u00e1tica.<\/p>\n<p>El intendente de Esteban Echeverria, Fernando Grey, al momento del nombramiento, mostr\u00f3 un gran inter\u00e9s en que el intendente de la ciudad de C\u00f3rdoba, Daniel Passerini, por su perfil, sea parte de la Direcci\u00f3n Ejecutiva de la organizaci\u00f3n como un merecido reconocimiento al trabajo de la ciudad de C\u00f3rdoba y, especialmente al jefe del Municipio capitalino.<\/p>\n<p>Para la pr\u00f3xima reuni\u00f3n, que ser\u00e1 en Niteroi (Brasil), C\u00f3rdoba tendr\u00e1 a su cargo la subcoordinaci\u00f3n de las unidades tem\u00e1ticas de Derechos Humanos y Migraciones, de Autonom\u00eda, Gesti\u00f3n y Participaci\u00f3n, y de la Comisi\u00f3n de Fomento de Negocios.<\/p>\n<p>Adem\u00e1s, Ambrosio aprovech\u00f3 la ocasi\u00f3n para cursar formalmente la invitaci\u00f3n a todos los presentes a visitar nuestra ciudad y formar parte de la Conferencia del Observatorio Internacional de Democracia Participativa&nbsp;a desarrollarse los d\u00edas 21, 22 y 23 de mayo, organizado por las Secretar\u00edas de Participaci\u00f3n Ciudadana y Juventud y su par de Integraci\u00f3n Regional y Vinculaci\u00f3n Institucional.<\/p>\n<p>Durante el 2025 Mercociudades cumplir\u00e1 30 a\u00f1os como Red Internacional de Ciudades, por lo que el ejercicio de la vicepresidencia durante este per\u00edodo es de gran relevancia, potenciando esta oportunidad como un impulso para posicionar a C\u00f3rdoba como referente en el pa\u00eds y en Latinoam\u00e9rica y reafirmando el compromiso de integrar y conectar a C\u00f3rdoba con el mundo, y brindar m\u00e1s y mejores soluciones a los vecinos<\/p>\n","protected":false},"excerpt":{"rendered":"<p>Esta red tiene como objetivo mejorar la calidad de vida de las ciudades que la integran. Ciudades como Belo Horizonte y Montevideo son parte tambi\u00e9n de esta comitiva. La Municipalidad de C\u00f3rdoba, a trav\u00e9s de la Secretaria de Integraci\u00f3n Regional y Vinculaci\u00f3n Institucional, participo de la la XXIX Cumbre de Mercociudades. Se trata de la [&hellip;]<\/p>\n","protected":false},"author":1,"featured_media":160169,"comment_status":"closed","ping_status":"closed","sticky":false,"template":"","format":"standard","meta":[],"categories":[44],"tags":[],"_links":{"self":[{"href":"http:\/\/cordobadirecto.com\/index.php\/wp-json\/wp\/v2\/posts\/160168"}],"collection":[{"href":"http:\/\/cordobadirecto.com\/index.php\/wp-json\/wp\/v2\/posts"}],"about":[{"href":"http:\/\/cordobadirecto.com\/index.php\/wp-json\/wp\/v2\/types\/post"}],"author":[{"embeddable":true,"href":"http:\/\/cordobadirecto.com\/index.php\/wp-json\/wp\/v2\/users\/1"}],"replies":[{"embeddable":true,"href":"http:\/\/cordobadirecto.com\/index.php\/wp-json\/wp\/v2\/comments?post=160168"}],"version-history":[{"count":0,"href":"http:\/\/cordobadirecto.com\/index.php\/wp-json\/wp\/v2\/posts\/160168\/revisions"}],"wp:featuredmedia":[{"embeddable":true,"href":"http:\/\/cordobadirecto.com\/index.php\/wp-json\/wp\/v2\/media\/160169"}],"wp:attachment":[{"href":"http:\/\/cordobadirecto.com\/index.php\/wp-json\/wp\/v2\/media?parent=160168"}],"wp:term":[{"taxonomy":"category","embeddable":true,"href":"http:\/\/cordobadirecto.com\/index.php\/wp-json\/wp\/v2\/categories?post=160168"},{"taxonomy":"post_tag","embeddable":true,"href":"http:\/\/cordobadirecto.com\/index.php\/wp-json\/wp\/v2\/tags?post=160168"}],"curies":[{"name":"wp","href":"https:\/\/api.w.org\/{rel}","templated":true}]}}