{"id":160174,"date":"2024-12-27T15:44:54","date_gmt":"2024-12-27T15:44:54","guid":{"rendered":"http:\/\/cordobadirecto.com\/index.php\/2024\/12\/27\/luis-caputo-se-mostro-optimista-de-llegar-a-un-acuerdo-con-el-fmi-y-levantar-el-cepo-en-2025\/"},"modified":"2024-12-27T15:44:54","modified_gmt":"2024-12-27T15:44:54","slug":"luis-caputo-se-mostro-optimista-de-llegar-a-un-acuerdo-con-el-fmi-y-levantar-el-cepo-en-2025","status":"publish","type":"post","link":"http:\/\/cordobadirecto.com\/index.php\/2024\/12\/27\/luis-caputo-se-mostro-optimista-de-llegar-a-un-acuerdo-con-el-fmi-y-levantar-el-cepo-en-2025\/","title":{"rendered":"Luis Caputo se mostr\u00f3 optimista de llegar a un acuerdo con el FMI y levantar el cepo en 2025"},"content":{"rendered":"<p>El ministro de <b>Econom\u00eda<\/b> no dio fechas precisas pero asegur\u00f3 que trabajan &quot;para que se cumplan lo m\u00e1s r\u00e1pido posible&quot;. <\/p>\n","protected":false},"excerpt":{"rendered":"<p>El ministro de Econom\u00eda no dio fechas precisas pero asegur\u00f3 que trabajan &quot;para que se cumplan lo m\u00e1s r\u00e1pido posible&quot;.<\/p>\n","protected":false},"author":1,"featured_media":0,"comment_status":"closed","ping_status":"closed","sticky":false,"template":"","format":"standard","meta":[],"categories":[40],"tags":[],"_links":{"self":[{"href":"http:\/\/cordobadirecto.com\/index.php\/wp-json\/wp\/v2\/posts\/160174"}],"collection":[{"href":"http:\/\/cordobadirecto.com\/index.php\/wp-json\/wp\/v2\/posts"}],"about":[{"href":"http:\/\/cordobadirecto.com\/index.php\/wp-json\/wp\/v2\/types\/post"}],"author":[{"embeddable":true,"href":"http:\/\/cordobadirecto.com\/index.php\/wp-json\/wp\/v2\/users\/1"}],"replies":[{"embeddable":true,"href":"http:\/\/cordobadirecto.com\/index.php\/wp-json\/wp\/v2\/comments?post=160174"}],"version-history":[{"count":0,"href":"http:\/\/cordobadirecto.com\/index.php\/wp-json\/wp\/v2\/posts\/160174\/revisions"}],"wp:attachment":[{"href":"http:\/\/cordobadirecto.com\/index.php\/wp-json\/wp\/v2\/media?parent=160174"}],"wp:term":[{"taxonomy":"category","embeddable":true,"href":"http:\/\/cordobadirecto.com\/index.php\/wp-json\/wp\/v2\/categories?post=160174"},{"taxonomy":"post_tag","embeddable":true,"href":"http:\/\/cordobadirecto.com\/index.php\/wp-json\/wp\/v2\/tags?post=160174"}],"curies":[{"name":"wp","href":"https:\/\/api.w.org\/{rel}","templated":true}]}}