{"id":160186,"date":"2024-12-27T23:24:27","date_gmt":"2024-12-27T23:24:27","guid":{"rendered":"https:\/\/cordoba.gob.ar\/?p=65364"},"modified":"2024-12-27T23:24:27","modified_gmt":"2024-12-27T23:24:27","slug":"robotica-programacion-impresion-3d-y-videojuegos-passerini-inauguro-la-cuarta-tecnoteca-municipal-crea","status":"publish","type":"post","link":"http:\/\/cordobadirecto.com\/index.php\/2024\/12\/27\/robotica-programacion-impresion-3d-y-videojuegos-passerini-inauguro-la-cuarta-tecnoteca-municipal-crea\/","title":{"rendered":"Rob\u00f3tica, programaci\u00f3n, impresi\u00f3n 3D y videojuegos: Passerini inaugur\u00f3 la cuarta Tecnoteca Municipal CREA"},"content":{"rendered":"<div><img src=\"http:\/\/cordobadirecto.com\/wp-content\/uploads\/2024\/12\/robotica-programacion-impresion-3d-y-videojuegos-passerini-inauguro-la-cuarta-tecnoteca-municipal-crea.jpg\" class=\"ff-og-image-inserted\"><\/div>\n<ul class=\"ak-ul\">\n<li><strong>El flamante espacio del Parque Educativo Estaci\u00f3n Flores est\u00e1 equipado con notebooks, c\u00e1maras, micr\u00f3fonos, entre otros, con el objetivo de que los cientos de personas que asisten a este punto de la zona suroeste aprendan jugando.<\/strong><\/li>\n<\/ul>\n<hr>\n<p>El intendente Daniel Passerini inaugur\u00f3 la cuarta Tecnoteca Municipal CREA (Centros de Recursos para la Experimentaci\u00f3n y la Acci\u00f3n), un espacio dise\u00f1ado para promover el aprendizaje y la producci\u00f3n en ciencia, arte, comunicaci\u00f3n y tecnolog\u00eda.<\/p>\n<p>El nuevo sitio, ubicado en el Parque Educativo Estaci\u00f3n Flores, cuenta con equipamiento de \u00faltima generaci\u00f3n, como notebooks, impresoras 3D, c\u00e1maras, micr\u00f3fonos y otros dispositivos destinados a la producci\u00f3n audiovisual, sonora, rob\u00f3tica, videojuegos e impresi\u00f3n 3D.<\/p>\n<p>\u201cEstos espacios no tienen techo en cuanto a las oportunidades que pueden crear y queremos ponerlos a disposici\u00f3n de la comunidad; porque la educaci\u00f3n es la verdadera herramienta de la justicia social, y es ah\u00ed donde estamos invirtiendo\u201d, expres\u00f3 Passerini durante la inauguraci\u00f3n.<\/p>\n<p>El intendente recorri\u00f3 la Tecnoteca. Fueron los propios usuarios que asisten diariamente al Parque Educativo, quienes le explicaron c\u00f3mo producen videojuegos y el concepto del espacio, mientras un grupo de m\u00fasicos realizaron una grabaci\u00f3n en vivo.<\/p>\n<p>La organizaci\u00f3n de los CREA se piensa en tres estaciones, en relaci\u00f3n al proyecto que se va a desarrollar y el mobiliario y la tecnolog\u00eda a utilizar para las actividades.<\/p>\n<p>Se encuentra la Estaci\u00f3n 360\u00b0, un ambiente circular para el trabajo colectivo y la experimentaci\u00f3n tecnol\u00f3gica, equipada con notebooks y tablets. Tambi\u00e9n la Estaci\u00f3n Rec, destinada a la producci\u00f3n audiovisual y sonora, que incluye un set de rodaje y una cabina de grabaci\u00f3n de sonido.<\/p>\n<p>Finalmente, se encuentra la Estaci\u00f3n Gamer y Microcine, que ofrece experiencias virtuales de entretenimiento y aprendizaje con consolas de videojuegos, visores de realidad aumentada y proyecci\u00f3n en calidad HD-4K.<\/p>\n<p>Los \u201cCentros de Recursos para la Experimentaci\u00f3n y la Acci\u00f3n\u201d (CREA) buscan reducir la desigualdad digital y brindar formaci\u00f3n de calidad sobre Cultura Digital bajo la modalidad de propuestas y experiencias de producci\u00f3n y aprendizaje.<\/p>\n<p>Se trata de un espacio en constante mutaci\u00f3n, donde un aula renovada ofrece una disposici\u00f3n y equipamiento flexibles que se adaptan a diversos proyectos y actividades. Este entorno circular transforma el concepto tradicional de aula en un espacio de aprendizaje en formato 360\u00b0, potenciando as\u00ed el trabajo colaborativo y la interacci\u00f3n entre los estudiantes.<\/p>\n<p>La secretar\u00eda de Educaci\u00f3n, Alicia La Terza, destac\u00f3: \u201cCon esta nueva Tecnoteca, logramos reducir la desigualdad digital y brindar formaci\u00f3n de calidad\u201d.<\/p>\n<p>Con esta inauguraci\u00f3n, ya son cuatro los espacios creados por la Subsecretar\u00eda de Educaci\u00f3n Social, Cient\u00edfica y Tecnol\u00f3gica de la Secretar\u00eda de Educaci\u00f3n, en los Parques Educativos Noroeste (barrio Villa Allende Parque), Sur (barrio Congreso) y Este (Campo de la Ribera).<\/p>\n<p>\u201cLas cuatro Tecnotecas son lugares para habitar, experimentar, hacer y disfrutar\u201d, concluy\u00f3 la subsecretar\u00eda de Educaci\u00f3n Social Cient\u00edfica y Tecnol\u00f3gica, Eugenia Rotondi.<\/p>\n","protected":false},"excerpt":{"rendered":"<p>El flamante espacio del Parque Educativo Estaci\u00f3n Flores est\u00e1 equipado con notebooks, c\u00e1maras, micr\u00f3fonos, entre otros, con el objetivo de que los cientos de personas que asisten a este punto de la zona suroeste aprendan jugando. El intendente Daniel Passerini inaugur\u00f3 la cuarta Tecnoteca Municipal CREA (Centros de Recursos para la Experimentaci\u00f3n y la Acci\u00f3n), [&hellip;]<\/p>\n","protected":false},"author":1,"featured_media":160187,"comment_status":"closed","ping_status":"closed","sticky":false,"template":"","format":"standard","meta":[],"categories":[44],"tags":[],"_links":{"self":[{"href":"http:\/\/cordobadirecto.com\/index.php\/wp-json\/wp\/v2\/posts\/160186"}],"collection":[{"href":"http:\/\/cordobadirecto.com\/index.php\/wp-json\/wp\/v2\/posts"}],"about":[{"href":"http:\/\/cordobadirecto.com\/index.php\/wp-json\/wp\/v2\/types\/post"}],"author":[{"embeddable":true,"href":"http:\/\/cordobadirecto.com\/index.php\/wp-json\/wp\/v2\/users\/1"}],"replies":[{"embeddable":true,"href":"http:\/\/cordobadirecto.com\/index.php\/wp-json\/wp\/v2\/comments?post=160186"}],"version-history":[{"count":0,"href":"http:\/\/cordobadirecto.com\/index.php\/wp-json\/wp\/v2\/posts\/160186\/revisions"}],"wp:featuredmedia":[{"embeddable":true,"href":"http:\/\/cordobadirecto.com\/index.php\/wp-json\/wp\/v2\/media\/160187"}],"wp:attachment":[{"href":"http:\/\/cordobadirecto.com\/index.php\/wp-json\/wp\/v2\/media?parent=160186"}],"wp:term":[{"taxonomy":"category","embeddable":true,"href":"http:\/\/cordobadirecto.com\/index.php\/wp-json\/wp\/v2\/categories?post=160186"},{"taxonomy":"post_tag","embeddable":true,"href":"http:\/\/cordobadirecto.com\/index.php\/wp-json\/wp\/v2\/tags?post=160186"}],"curies":[{"name":"wp","href":"https:\/\/api.w.org\/{rel}","templated":true}]}}