{"id":160190,"date":"2024-12-27T22:35:51","date_gmt":"2024-12-27T22:35:51","guid":{"rendered":"https:\/\/www.ole.com.ar\/autos\/franco-colapinto-subio-karting-zarate-furor-redes-sociales_0_01JhmHutPj.html"},"modified":"2024-12-27T22:35:51","modified_gmt":"2024-12-27T22:35:51","slug":"franco-colapinto-se-subio-a-un-karting-en-zarate-y-fue-furor-en-las-redes-sociales","status":"publish","type":"post","link":"http:\/\/cordobadirecto.com\/index.php\/2024\/12\/27\/franco-colapinto-se-subio-a-un-karting-en-zarate-y-fue-furor-en-las-redes-sociales\/","title":{"rendered":"Franco Colapinto se subi\u00f3 a un karting en Z\u00e1rate y fue furor en las redes sociales"},"content":{"rendered":"<p><span class=\"createDate\">27\/12\/2024 19:35hs.<\/span><time class=\"modificatedDate\" datetime=\"2024-12-27T19:55:30-03:00\"> Actualizado al 27\/12\/2024 19:55hs.<\/time><\/p>\n<div id=\"storyBody\">\n<div class=\"custom-text \" readability=\"35.130952380952\">\n<p><strong>Franco Colapinto<\/strong> regres\u00f3 a la Argentina para pasar las Fiestas junto a su familia, luego de un a\u00f1o cargado de emoci\u00f3n en la <strong>F\u00f3rmula 1<\/strong>, donde el pilarense dijo presente en las \u00faltimas nueve carreras del a\u00f1o. Tras captar la atenci\u00f3n del p\u00fablico con su desempe\u00f1o en la M\u00e1xima (seguir\u00e1 como piloto de reserva para Williams en 2025), y de haber sido <strong><a href=\"https:\/\/www.ole.com.ar\/tema\/H0ONXaoBhF.html\" title=\"elegido como el mejor deportista nacional del a\u00f1o\" alt=\"elegido como el mejor deportista nacional del a\u00f1o\">elegido como el mejor deportista nacional del a\u00f1o<\/a><\/strong> (junto al Dibu Mart\u00ednez) en los Premios Olimpia, el volante empez\u00f3 a disfrutar su tiempo libre.<\/p>\n<\/div>\n<div class=\"custom-text \" readability=\"36\">\n<p>En ese sentido, la noticia que despert\u00f3 este viernes el entusiasmo de sus seguidores y del mundo del automovilismo albiceleste lleg\u00f3 a trav\u00e9s de las redes sociales: <strong>Colapinto volvi\u00f3 a las pistas del karting en el Kart\u00f3dromo de Z\u00e1rate<\/strong>, donde dio sus primeros pasos en el deporte motor.<\/p>\n<\/div>\n<div class=\"custom-text \" readability=\"36\">\n<p>La imagen del piloto girando en un kart fue compartida por Mat\u00edas Bonvin, director del MB1 Racing Kart, quien public\u00f3 una foto en su cuenta de Instagram acompa\u00f1ada de un emotivo mensaje:<strong> \u201cQue lindo verte manejar\u201d<\/strong>.<\/p>\n<\/div>\n<div class=\"sc-e7b891c4-0 ifHnQL image-embed\"><img alt=\"Colapinto gir\u00f3 en el Kart\u00f3dromo de Z\u00e1rate. (@Corazondef1)\" loading=\"lazy\" width=\"720\" height=\"100\" decoding=\"async\" data-nimg=\"1\" src=\"http:\/\/cordobadirecto.com\/wp-content\/uploads\/2024\/12\/franco-colapinto-se-subio-a-un-karting-en-zarate-y-fue-furor-en-las-redes-sociales.jpg\"><span class=\"epigraphe\">Colapinto gir\u00f3 en el Kart\u00f3dromo de Z\u00e1rate. (@Corazondef1)<\/span><\/div>\n<div class=\"custom-text \" readability=\"39\">\n<p>A su vez, <strong>el pilarense comparti\u00f3 en sus historias de Instagram varios videos suyos a bordo del KZ que manej\u00f3<\/strong>, incluido un fragmento publicado por el usuario @leoarriola, en donde se lo puede ver disfrutando de algunas vueltas en el trazado. M\u00e1s tarde, el usuario de X (ex Twitter) Coraz\u00f3n de F1 subi\u00f3 un video m\u00e1s completo y resumido de los giros que Franco realiz\u00f3.<\/p>\n<\/div>\n<div class=\"sc-e7b891c4-0 ifHnQL image-embed\"><img alt=\"Colapinto volvi\u00f3 al Karting en Z\u00e1rate. (@Corazondef1)\" loading=\"lazy\" width=\"720\" height=\"100\" decoding=\"async\" data-nimg=\"1\" src=\"http:\/\/cordobadirecto.com\/wp-content\/uploads\/2024\/12\/franco-colapinto-se-subio-a-un-karting-en-zarate-y-fue-furor-en-las-redes-sociales-1.jpg\"><span class=\"epigraphe\">Colapinto volvi\u00f3 al Karting en Z\u00e1rate. (@Corazondef1)<\/span><\/div>\n<div class=\"custom-text \" readability=\"39\">\n<p>Adem\u00e1s, Colapinto no estuvo solo. Junto a \u00e9l, se lo pudo ver a su gran amigo <strong>Gabriel Gandulia<\/strong>, el piloto del TC Pista, con quien mantiene una relaci\u00f3n desde hace a\u00f1os. De hecho, estuvo presente el d\u00eda de su debut con la F1 en Monza.<\/p>\n<\/div>\n<div class=\"sc-734b4696-1 kFfZtB\">\n<div class=\"sc-d00d9e74-0 hnHYbk\" type=\"embed\">\n<div class=\"sc-d00d9e74-1 iKVbz videoText\" id=\"contentTitleembedkhUJX2d5\" type=\"embed\"><svg fill=\"#ffffff\"><symbol id=\"play\" viewBox=\"0 0 512 512\"><path d=\"M512 256C512 397.4 397.4 512 256 512C114.6 512 0 397.4 0 256C0 114.6 114.6 0 256 0C397.4 0 512 114.6 512 256zM176 168V344C176 352.7 180.7 360.7 188.3 364.9C195.8 369.2 205.1 369 212.5 364.5L356.5 276.5C363.6 272.1 368 264.4 368 256C368 247.6 363.6 239.9 356.5 235.5L212.5 147.5C205.1 142.1 195.8 142.8 188.3 147.1C180.7 151.3 176 159.3 176 168V168z\" \/><\/symbol><use xlink:href=\"#play\" \/><\/svg><\/p>\n<div class=\"right\">\n<p>Franco Colapinto<!-- --> &#8211; <span>&nbsp;<\/span><\/p>\n<h2 class=\"title-vid\">Colapinto anduvo en karting en Z\u00e1rate<\/h2>\n<\/div>\n<\/div>\n<p><span class=\"back\" id=\"spanBackembedkhUJX2d5\"><\/span><\/div>\n<p>Cr\u00e9dito: Coraz\u00f3n de F1<\/p>\n<\/div>\n<p><h2><strong>El plan de Williams para ver a Colapinto en la F\u00f3rmula 1 a partir de 2026 o 2027<\/strong><\/h2>\n<\/p>\n<div class=\"custom-text \" readability=\"39\">\n<p>Williams ya empez\u00f3 a aprovechar el valor de Carlos Sainz, su fichaje estrella para lo que viene. Para la llegada del espa\u00f1ol de 30 a\u00f1os tuvo que salir Franco, quien se sab\u00eda que se iba a subir al auto durante apenas nueve grandes premios. Luego, el impacto dentro y fuera de la pista movi\u00f3 todos los cimientos del conjunto brit\u00e1nico y tambi\u00e9n de la M\u00e1xima. Y si bien los flojos rendimientos del cierre del per\u00edodo (tres abandonos en las \u00faltimas cuatro carreras) pudieron haber modificado un poco la imagen, lo cierto es que <strong>Colapinto ya dio muestras de que cuenta con el potencial para ser un volante con muchos a\u00f1os en la F1.<\/strong><\/p>\n<\/div>\n<div class=\"sc-e7b891c4-0 ifHnQL image-embed\"><img alt=\"Colapinto no seguir\u00e1 como piloto titular de Williams en 2025, m\u00e1s s\u00ed lo har\u00e1 como reserva.\" loading=\"lazy\" width=\"720\" height=\"100\" decoding=\"async\" data-nimg=\"1\" src=\"http:\/\/cordobadirecto.com\/wp-content\/uploads\/2024\/12\/franco-colapinto-se-subio-a-un-karting-en-zarate-y-fue-furor-en-las-redes-sociales-2.jpg\"><span class=\"epigraphe\">Colapinto no seguir\u00e1 como piloto titular de Williams en 2025, m\u00e1s s\u00ed lo har\u00e1 como reserva.<\/span><\/div>\n<div class=\"custom-text \" readability=\"42\">\n<p>Bajo ese criterio, el objetivo de todas las partes es que el fan\u00e1tico de Boca se pueda mantener activo para cuando aparezca la oportunidad. Williams sabe que tiene una gema entre manos y, en efecto, no lo largar\u00e1 con facilidad, dado que encima se trata de un hombre formado en su academia. De hecho, <strong>Alex Albon tiene un v\u00ednculo hasta 2027<\/strong>, pero se sabe que no dio la talla durante el segundo semestre de la pasada temporada y estar\u00e1 bajo la lupa constante. Sainz es una pieza inamovible, aunque el mercado de la F\u00f3rmula 1 es muy l\u00edquido. <\/p>\n<\/div>\n<div class=\"custom-text \" readability=\"46\">\n<p>Entonces, tal como ocurri\u00f3 este a\u00f1o, nadie descarta que en 2025 le llegue una o varias propuestas para ir a un equipo de punta con mayores aspiraciones. Por ahora, parece dif\u00edcil, pero todo puede cambiar de un segundo al otro. Lo mismo ocurre para Colapinto, quien alz\u00f3 la mano y todos los conjuntos saben que pueden negociar por \u00e9l, en caso de que deban meter un volantazo a mitad de a\u00f1o. Por ejemplo, se habla de que <strong>Jack Doohan<\/strong>, el rookie que correr\u00e1 con Alpine la siguiente temporada, <strong>firm\u00f3 un v\u00ednculo con revisiones constantes por rendimiento<\/strong>. Y Flavio Briatore, asesor de los franceses, ya avis\u00f3 en m\u00e1s de una oportunidad que Franco le interesa y mucho&#8230;<\/p>\n<\/div>\n<div class=\"sc-a7166897-0 eoLsBE\" readability=\"7\">\n<section readability=\"4\"><picture><img alt=\"Otro argentino en la \u00e9lite: a los 15 a\u00f1os, un piloto correr\u00e1 en la F\u00f3rmula 4 de Italia \" loading=\"lazy\" width=\"290\" height=\"290\" decoding=\"async\" data-nimg=\"1\" src=\"http:\/\/cordobadirecto.com\/wp-content\/uploads\/2024\/12\/franco-colapinto-se-subio-a-un-karting-en-zarate-y-fue-furor-en-las-redes-sociales-3.jpg\"><\/picture>\n<p><span>Mir\u00e1 tambi\u00e9n<\/span><\/p>\n<hr>\n<h3>Otro argentino en la \u00e9lite: a los 15 a\u00f1os, un piloto correr\u00e1 en la F\u00f3rmula 4 de Italia <\/h3>\n<\/p>\n<\/section>\n<\/div>\n<div class=\"sc-a7166897-0 eoLsBE\" readability=\"6\">\n<section readability=\"2\"><picture><img alt=\"Video: Colapinto quiso preparar sushi pero no logr\u00f3 su objetivo \" loading=\"lazy\" width=\"290\" height=\"290\" decoding=\"async\" data-nimg=\"1\" src=\"http:\/\/cordobadirecto.com\/wp-content\/uploads\/2024\/12\/franco-colapinto-se-subio-a-un-karting-en-zarate-y-fue-furor-en-las-redes-sociales-4.jpg\"><\/picture>\n<p><span>Mir\u00e1 tambi\u00e9n<\/span><\/p>\n<hr>\n<h3>Video: Colapinto quiso preparar sushi pero no logr\u00f3 su objetivo<br \/>\n<\/h3>\n<\/p>\n<\/section>\n<\/div>\n<div class=\"sc-a7166897-0 eoLsBE\" readability=\"6\">\n<section readability=\"2\"><picture><img alt=\"Kevin y Luciano Benavides: del 2024 a los golpes a c\u00f3mo encaran el Dakar 2025\" loading=\"lazy\" width=\"290\" height=\"290\" decoding=\"async\" data-nimg=\"1\" src=\"http:\/\/cordobadirecto.com\/wp-content\/uploads\/2024\/12\/franco-colapinto-se-subio-a-un-karting-en-zarate-y-fue-furor-en-las-redes-sociales-5.jpg\"><\/picture>\n<p><span>Mir\u00e1 tambi\u00e9n<\/span><\/p>\n<hr>\n<h3>Kevin y Luciano Benavides: del 2024 a los golpes a c\u00f3mo encaran el Dakar 2025<\/h3>\n<\/p>\n<\/section>\n<\/div>\n<div class=\"sc-a7166897-0 eoLsBE\" readability=\"6\">\n<section readability=\"2\"><picture><img alt=\"Colapinto dio a conocer por qu\u00e9 no estar\u00e1 en la mesa de Juana Viale\" loading=\"lazy\" width=\"290\" height=\"290\" decoding=\"async\" data-nimg=\"1\" src=\"http:\/\/cordobadirecto.com\/wp-content\/uploads\/2024\/12\/franco-colapinto-se-subio-a-un-karting-en-zarate-y-fue-furor-en-las-redes-sociales-6.jpg\"><\/picture>\n<p><span>Mir\u00e1 tambi\u00e9n<\/span><\/p>\n<hr>\n<h3>Colapinto dio a conocer por qu\u00e9 no estar\u00e1 en la mesa de Juana Viale<\/h3>\n<\/p>\n<\/section>\n<\/div>\n<\/div>\n","protected":false},"excerpt":{"rendered":"<p>27\/12\/2024 19:35hs. Actualizado al 27\/12\/2024 19:55hs. Franco Colapinto regres\u00f3 a la Argentina para pasar las Fiestas junto a su familia, luego de un a\u00f1o cargado de emoci\u00f3n en la F\u00f3rmula 1, donde el pilarense dijo presente en las \u00faltimas nueve carreras del a\u00f1o. Tras captar la atenci\u00f3n del p\u00fablico con su desempe\u00f1o en la M\u00e1xima [&hellip;]<\/p>\n","protected":false},"author":1,"featured_media":160191,"comment_status":"closed","ping_status":"closed","sticky":false,"template":"","format":"standard","meta":[],"categories":[21],"tags":[],"_links":{"self":[{"href":"http:\/\/cordobadirecto.com\/index.php\/wp-json\/wp\/v2\/posts\/160190"}],"collection":[{"href":"http:\/\/cordobadirecto.com\/index.php\/wp-json\/wp\/v2\/posts"}],"about":[{"href":"http:\/\/cordobadirecto.com\/index.php\/wp-json\/wp\/v2\/types\/post"}],"author":[{"embeddable":true,"href":"http:\/\/cordobadirecto.com\/index.php\/wp-json\/wp\/v2\/users\/1"}],"replies":[{"embeddable":true,"href":"http:\/\/cordobadirecto.com\/index.php\/wp-json\/wp\/v2\/comments?post=160190"}],"version-history":[{"count":0,"href":"http:\/\/cordobadirecto.com\/index.php\/wp-json\/wp\/v2\/posts\/160190\/revisions"}],"wp:featuredmedia":[{"embeddable":true,"href":"http:\/\/cordobadirecto.com\/index.php\/wp-json\/wp\/v2\/media\/160191"}],"wp:attachment":[{"href":"http:\/\/cordobadirecto.com\/index.php\/wp-json\/wp\/v2\/media?parent=160190"}],"wp:term":[{"taxonomy":"category","embeddable":true,"href":"http:\/\/cordobadirecto.com\/index.php\/wp-json\/wp\/v2\/categories?post=160190"},{"taxonomy":"post_tag","embeddable":true,"href":"http:\/\/cordobadirecto.com\/index.php\/wp-json\/wp\/v2\/tags?post=160190"}],"curies":[{"name":"wp","href":"https:\/\/api.w.org\/{rel}","templated":true}]}}