{"id":160192,"date":"2024-12-27T18:48:49","date_gmt":"2024-12-27T18:48:49","guid":{"rendered":"https:\/\/www.ole.com.ar\/autos\/video-colapinto-preparacion-sushi_0_nyJrCenlJD.html"},"modified":"2024-12-27T18:48:49","modified_gmt":"2024-12-27T18:48:49","slug":"video-colapinto-quiso-preparar-sushi-pero-no-logro-su-objetivo","status":"publish","type":"post","link":"http:\/\/cordobadirecto.com\/index.php\/2024\/12\/27\/video-colapinto-quiso-preparar-sushi-pero-no-logro-su-objetivo\/","title":{"rendered":"Video: Colapinto quiso preparar sushi pero no logr\u00f3 su objetivo"},"content":{"rendered":"<p><time class=\"createDate\" datetime=\"2024-12-27T15:48:49-03:00\">27\/12\/2024 15:48hs.<\/time><\/p>\n<div id=\"storyBody\">\n<div class=\"custom-text \" readability=\"40.589393939394\">\n<p><strong>Franco Colapinto <\/strong>sigue esperando la resoluci\u00f3n de su futuro en la <strong>F\u00f3rmula 1<\/strong>. Mientras todos los caminos parecen conducir a que ser\u00e1 <strong><a href=\"https:\/\/www.ole.com.ar\/autos\/futuro-franco-colapinto-williams-mirada-largo-plazo_0_VbZtDXmON7.html\" target=\"_blank\" title=\"piloto de reserva de Williams en 2025\" alt=\"piloto de reserva de Williams en 2025\" rel=\"noopener\">piloto de reserva de Williams en 2025<\/a><\/strong>, hay negociaciones que siguen en pie. De hecho, se cree que puede llegar a subirse a un <strong>Alpine <\/strong>en la pr\u00f3xima temporada, dado que a Flavio Briatore, asesor de los franceses, le gusta mucho el perfil deportivo del argentino. Ahora bien, a la par de que sus representantes trabajan a contrarreloj para solucionar el tema, \u00e9l disfruta de unos d\u00edas de vacaciones en Buenos Aires. Y en la noche del jueves fue a comer a Norimoto, un famoso restaurante de sushi en la Ciudad de Buenos Aires.<\/p>\n<\/div>\n<div class=\"custom-text \" readability=\"37\">\n<p>Luego de haber disfrutado de la cena, el argentino intent\u00f3 ponerse en el rol de chef de sushi con una tarea sencilla para la profesi\u00f3n: <strong>tostar el alga nori.<\/strong> Sin embargo, en su af\u00e1n por lograr el objetivo, se pas\u00f3 de fuerza con el mechero y termin\u00f3 quem\u00e1ndola.<\/p>\n<\/div>\n<p><h2><strong>Video: Colapinto no pudo en su incursi\u00f3n en la cocina<\/strong><\/h2>\n<\/p>\n<div class=\"custom-text \" readability=\"36\">\n<p>&#8220;Che, no puedo ni tostar el alga. <strong>Que desilusi\u00f3n, yo que quer\u00eda ser chef<\/strong>&#8220;, escribi\u00f3 en sus historias de Instagram para acompa\u00f1ar del video en cuesti\u00f3n.<\/p>\n<\/div>\n<div class=\"sc-734b4696-1 kFfZtB\" readability=\"7\">\n<div class=\"sc-d00d9e74-0 hnHYbk\" type=\"embed\">\n<div class=\"sc-d00d9e74-1 iKVbz videoText\" id=\"contentTitleembedbm404G7t\" type=\"embed\"><svg fill=\"#ffffff\"><symbol id=\"play\" viewBox=\"0 0 512 512\"><path d=\"M512 256C512 397.4 397.4 512 256 512C114.6 512 0 397.4 0 256C0 114.6 114.6 0 256 0C397.4 0 512 114.6 512 256zM176 168V344C176 352.7 180.7 360.7 188.3 364.9C195.8 369.2 205.1 369 212.5 364.5L356.5 276.5C363.6 272.1 368 264.4 368 256C368 247.6 363.6 239.9 356.5 235.5L212.5 147.5C205.1 142.1 195.8 142.8 188.3 147.1C180.7 151.3 176 159.3 176 168V168z\" \/><\/symbol><use xlink:href=\"#play\" \/><\/svg><\/p>\n<div class=\"right\">\n<p>Franco Colapinto<!-- --> &#8211; <span>&nbsp;<\/span><\/p>\n<h2 class=\"title-vid\">Franco Colapinto como chef<\/h2>\n<\/div>\n<\/div>\n<p><span class=\"back\" id=\"spanBackembedbm404G7t\"><\/span><\/div>\n<p>Cr\u00e9dito: IG\/francocolapinto<\/p>\n<\/div>\n<p><h2><strong>Colapinto dio a conocer por qu\u00e9 no estar\u00e1 en la mesa de Juana Viale<\/strong><\/h2>\n<\/p>\n<div class=\"custom-text \" readability=\"35.574112734864\">\n<p>Al ser una de las figuras destacadas del deporte argentino (de hecho, fue premiado con el Olimpia de Oro), Colapa hab\u00eda sido convocado para formar parte de la mesa de Juana Viale del pr\u00f3ximo domingo al mediod\u00eda. Y si bien todo parec\u00eda estar encaminado para que estuviera presente en el almuerzo con la nieta de Mirtha Legrand (la conductora, incluso, lo hab\u00eda garantizado en la \u00faltima emisi\u00f3n), el piloto confirm\u00f3 que <strong><a href=\"https:\/\/www.ole.com.ar\/autos\/colapinto-franco-formula-1-autos-mirtha-legrand-juana-viale_0_LnCtKCjzNA.html\" target=\"_blank\" title=\"no dir\u00e1 presente por motivos personales y laborales.\" alt=\"no dir\u00e1 presente por motivos personales y laborales.\" rel=\"noopener\">no dir\u00e1 presente por motivos personales y laborales.<\/a><\/strong><\/p>\n<\/div>\n<div class=\"sc-734b4696-1 kFfZtB\">\n<div class=\"sc-d00d9e74-0 hnHYbk\" type=\"embed\">\n<div class=\"sc-d00d9e74-1 iKVbz videoText\" id=\"contentTitleembedZj0pIPjr\" type=\"embed\"><svg fill=\"#ffffff\"><symbol id=\"play\" viewBox=\"0 0 512 512\"><path d=\"M512 256C512 397.4 397.4 512 256 512C114.6 512 0 397.4 0 256C0 114.6 114.6 0 256 0C397.4 0 512 114.6 512 256zM176 168V344C176 352.7 180.7 360.7 188.3 364.9C195.8 369.2 205.1 369 212.5 364.5L356.5 276.5C363.6 272.1 368 264.4 368 256C368 247.6 363.6 239.9 356.5 235.5L212.5 147.5C205.1 142.1 195.8 142.8 188.3 147.1C180.7 151.3 176 159.3 176 168V168z\" \/><\/symbol><use xlink:href=\"#play\" \/><\/svg><\/p>\n<div class=\"right\">\n<p>Franco Colapinto<!-- --> &#8211; <span>&nbsp;<\/span><\/p>\n<h2 class=\"title-vid\">T\u00edtulo: Colapinto confirm\u00f3 que no estar\u00e1 en la mesa de Juana Viale<\/h2>\n<\/div>\n<\/div>\n<p><span class=\"back\" id=\"spanBackembedZj0pIPjr\"><\/span><\/div>\n<p>X (antes Twitter)<\/p>\n<\/div>\n<div class=\"custom-text \" readability=\"37\">\n<p>&#8220;Quer\u00eda contarles que lamentablemente que no voy a poder estar en la mesa de Juanita este domingo. Ten\u00eda muchas ganas de ir y quer\u00eda agradecerles por la invitaci\u00f3n y el espacio. Por temas personales y de trabajo no voy a poder estar. Ojal\u00e1 que en el futuro nos podamos encontrar y pueda ir para charlar con todos ustedes. Quer\u00eda agradecerle a todos los argentinos y a los que hicieron posible este a\u00f1o. Les deseo un muy feliz a\u00f1o y vamos por un gran 2025&#8221;, dijo el piloto, en un video compartido por el programa.<\/p>\n<\/div>\n<div class=\"sc-a7166897-0 eoLsBE\" readability=\"6.5\">\n<section readability=\"3\"><picture><img alt=\"C\u00f3mo Williams planifica el futuro de Colapinto: mirada a mediano plazo y foco en 2026\" loading=\"lazy\" width=\"290\" height=\"290\" decoding=\"async\" data-nimg=\"1\" src=\"http:\/\/cordobadirecto.com\/wp-content\/uploads\/2024\/12\/video-colapinto-quiso-preparar-sushi-pero-no-logro-su-objetivo.jpg\"><\/picture>\n<p><span>Mir\u00e1 tambi\u00e9n<\/span><\/p>\n<hr>\n<h3>C\u00f3mo Williams planifica el futuro de Colapinto: mirada a mediano plazo y foco en 2026<\/h3>\n<\/p>\n<\/section>\n<\/div>\n<div class=\"sc-a7166897-0 eoLsBE\" readability=\"7\">\n<section readability=\"4\"><picture><img alt=\"Otro argentino en la \u00e9lite: a los 15 a\u00f1os, un piloto correr\u00e1 en la F\u00f3rmula 4 de Italia \" loading=\"lazy\" width=\"290\" height=\"290\" decoding=\"async\" data-nimg=\"1\" src=\"http:\/\/cordobadirecto.com\/wp-content\/uploads\/2024\/12\/video-colapinto-quiso-preparar-sushi-pero-no-logro-su-objetivo-1.jpg\"><\/picture>\n<p><span>Mir\u00e1 tambi\u00e9n<\/span><\/p>\n<hr>\n<h3>Otro argentino en la \u00e9lite: a los 15 a\u00f1os, un piloto correr\u00e1 en la F\u00f3rmula 4 de Italia <\/h3>\n<\/p>\n<\/section>\n<\/div>\n<div class=\"sc-a7166897-0 eoLsBE\" readability=\"6\">\n<section readability=\"2\"><picture><img alt=\"Deporte argentino 2024 y lo que viene: es lo que hay\" loading=\"lazy\" width=\"290\" height=\"290\" decoding=\"async\" data-nimg=\"1\" src=\"http:\/\/cordobadirecto.com\/wp-content\/uploads\/2024\/12\/video-colapinto-quiso-preparar-sushi-pero-no-logro-su-objetivo-2.jpg\"><\/picture>\n<p><span>Mir\u00e1 tambi\u00e9n<\/span><\/p>\n<hr>\n<h3>Deporte argentino 2024 y lo que viene: es lo que hay<\/h3>\n<\/p>\n<\/section>\n<\/div>\n<\/div>\n","protected":false},"excerpt":{"rendered":"<p>27\/12\/2024 15:48hs. Franco Colapinto sigue esperando la resoluci\u00f3n de su futuro en la F\u00f3rmula 1. Mientras todos los caminos parecen conducir a que ser\u00e1 piloto de reserva de Williams en 2025, hay negociaciones que siguen en pie. De hecho, se cree que puede llegar a subirse a un Alpine en la pr\u00f3xima temporada, dado que [&hellip;]<\/p>\n","protected":false},"author":1,"featured_media":160193,"comment_status":"closed","ping_status":"closed","sticky":false,"template":"","format":"standard","meta":[],"categories":[21],"tags":[],"_links":{"self":[{"href":"http:\/\/cordobadirecto.com\/index.php\/wp-json\/wp\/v2\/posts\/160192"}],"collection":[{"href":"http:\/\/cordobadirecto.com\/index.php\/wp-json\/wp\/v2\/posts"}],"about":[{"href":"http:\/\/cordobadirecto.com\/index.php\/wp-json\/wp\/v2\/types\/post"}],"author":[{"embeddable":true,"href":"http:\/\/cordobadirecto.com\/index.php\/wp-json\/wp\/v2\/users\/1"}],"replies":[{"embeddable":true,"href":"http:\/\/cordobadirecto.com\/index.php\/wp-json\/wp\/v2\/comments?post=160192"}],"version-history":[{"count":0,"href":"http:\/\/cordobadirecto.com\/index.php\/wp-json\/wp\/v2\/posts\/160192\/revisions"}],"wp:featuredmedia":[{"embeddable":true,"href":"http:\/\/cordobadirecto.com\/index.php\/wp-json\/wp\/v2\/media\/160193"}],"wp:attachment":[{"href":"http:\/\/cordobadirecto.com\/index.php\/wp-json\/wp\/v2\/media?parent=160192"}],"wp:term":[{"taxonomy":"category","embeddable":true,"href":"http:\/\/cordobadirecto.com\/index.php\/wp-json\/wp\/v2\/categories?post=160192"},{"taxonomy":"post_tag","embeddable":true,"href":"http:\/\/cordobadirecto.com\/index.php\/wp-json\/wp\/v2\/tags?post=160192"}],"curies":[{"name":"wp","href":"https:\/\/api.w.org\/{rel}","templated":true}]}}