{"id":160208,"date":"2024-12-28T12:12:34","date_gmt":"2024-12-28T12:12:34","guid":{"rendered":"https:\/\/cordoba.gob.ar\/?p=65286"},"modified":"2024-12-28T12:12:34","modified_gmt":"2024-12-28T12:12:34","slug":"este-ano-egresaron-135-alumnos-y-alumnas-que-se-propusieron-como-meta-finalizar-sus-estudios","status":"publish","type":"post","link":"http:\/\/cordobadirecto.com\/index.php\/2024\/12\/28\/este-ano-egresaron-135-alumnos-y-alumnas-que-se-propusieron-como-meta-finalizar-sus-estudios\/","title":{"rendered":"Este a\u00f1o egresaron 135 alumnos y alumnas que se propusieron como meta finalizar sus estudios"},"content":{"rendered":"<div><img src=\"http:\/\/cordobadirecto.com\/wp-content\/uploads\/2024\/12\/este-ano-egresaron-135-alumnos-y-alumnas-que-se-propusieron-como-meta-finalizar-sus-estudios.jpg\" class=\"ff-og-image-inserted\"><\/div>\n<ul>\n<li data-pm-slice=\"0 0 []\"><strong>A trav\u00e9s del programa Aprendo se incorpora a los sistemas educativos municipal y provincial a personas adultas.<\/strong><\/li>\n<li><strong>Desde que comenz\u00f3 en 2022, ya son 279 vecinos y vecinas que se grad\u00faan en los diferentes niveles educativos.<\/strong><\/li>\n<li><strong><strong>Durante el 2024 se inscribieron 453 personas para realizar el secundario y 189 para iniciar o completar el nivel primario.<\/strong><\/strong><br \/>\n<hr>\n<\/li>\n<\/ul>\n<p>D\u00edas atr\u00e1s se realiz\u00f3 el acto de colaci\u00f3n de egresadas y egresados 2024 del Programa APRENDO.<\/p>\n<p>A trav\u00e9s del programa Aprendo la Municipalidad de C\u00f3rdoba, trabaja desde el 2022 con el objetivo de brindar a las personas enmarcadas en el Programa de Servidores Urbanos la posibilidad de terminar sus estudios, ya sean de nivel primario o secundario.<\/p>\n<p>Desde entonces, egresaron 279 personas:&nbsp; 52 en 2022 (13 primaria y 39 de secundaria),&nbsp; 92 en 2023 (32 primaria y 60 de secundaria) y 135 en 2024 (32 en primaria y 103 en secundaria).<\/p>\n<p>Tras estos alentadores resultados, desde 2024 se ampli\u00f3 el Programa Aprendo, en donde se incorporaron tambi\u00e9n a j\u00f3venes y adultos referentes de espacios socio comunitarios como lo son los comedores, merenderos y copa de leche.<\/p>\n<p>En el desarrollo del Programa APRENDO a\u00f1o 2024, se inscribieron para cursar&nbsp; 642 servidoras y servidores urbanos (189 en primaria y 453 en secundaria) y 112 referentas y referentes sociales (36 en primaria y 76 en secundaria) .<\/p>\n<p>La promoci\u00f3n de quienes iniciaron el cursado de sus estudios ha ido aumentando a\u00f1o a a\u00f1o, lo que significa un impacto positivo en la vida de estas personas.<\/p>\n<p>Durante el ciclo lectivo 2024, 135 estudiantes finalizaron sus estudios: 32 personas egresadas de primaria, de las 25 son servidoras\/es urbanos y 7 pertenecientes a espacios comunitarios y 103 personas egresaron del nivel secundario, de las cuales 95 son servidoras\/es urbanos y 8 son parte de espacios comunitarios.<\/p>\n<p>Aprendo es una pol\u00edtica de la Secretar\u00eda de Pol\u00edticas Sociales y Desarrollo Humano a trav\u00e9s la Subdirecci\u00f3n de Pol\u00edticas Socioeducativas y la Subsecretar\u00eda de Nuevas Econom\u00edas.<\/p>\n<p>Con el objetivo de acompa\u00f1ar y fortalecer la reinserci\u00f3n escolar y la permanencia en el proceso educativo de las y los servidores urbanos y las y los referentes de espacios comunitarios, se dise\u00f1\u00f3 el voluntariado universitario.<\/p>\n<p>Este acompa\u00f1amiento pedag\u00f3gico para j\u00f3venes y adultos del Programa Aprendo suma a estudiantes universitarios y de nivel superior de la Universidad Nacional de C\u00f3rdoba, Universidad Provincial de C\u00f3rdoba, Universidad Tecnol\u00f3gica Nacional, Universidad Nacional de Villa Mar\u00eda, Universidad Cat\u00f3lica de C\u00f3rdoba, Universidad Siglo 21 y cuatro Institutos de Formaci\u00f3n Docente: Instituto de Ense\u00f1anza Superior Sim\u00f3n Bol\u00edvar, Instituto Superior Carlos Alberto Leguizam\u00f3n, Escuela Normal Superior Dr. Alejandro Carb\u00f3 e Instituto Superior del Profesorado Tecnol\u00f3gico,&nbsp; que acompa\u00f1aron pedag\u00f3gicamente a las y los beneficiarios.<\/p>\n<p>Esta labor de acompa\u00f1amiento sirvi\u00f3 para reforzar los contenidos y saberes aprendidos en las escuelas, para fortalecer la lecto-comprensi\u00f3n y la lecto-escritura, fomentar la comprensi\u00f3n de consignas, la resoluci\u00f3n de problemas y tambi\u00e9n apuntalar la reincorporaci\u00f3n de las din\u00e1micas escolares, la autonom\u00eda y la organizaci\u00f3n escolar.<\/p>\n<p>Este grupo de estudiantes acompa\u00f1\u00f3 a 250 servidoras\/es urbanas\/os y referentas\/es de espacios comunitarios en 14 puntos de la ciudad y en 21 horarios diferenciados, elegidos en funci\u00f3n de la cercan\u00eda y disponibilidad horaria de las y los beneficiarios.<\/p>\n","protected":false},"excerpt":{"rendered":"<p>A trav\u00e9s del programa Aprendo se incorpora a los sistemas educativos municipal y provincial a personas adultas. Desde que comenz\u00f3 en 2022, ya son 279 vecinos y vecinas que se grad\u00faan en los diferentes niveles educativos. Durante el 2024 se inscribieron 453 personas para realizar el secundario y 189 para iniciar o completar el nivel [&hellip;]<\/p>\n","protected":false},"author":1,"featured_media":160209,"comment_status":"closed","ping_status":"closed","sticky":false,"template":"","format":"standard","meta":[],"categories":[44],"tags":[],"_links":{"self":[{"href":"http:\/\/cordobadirecto.com\/index.php\/wp-json\/wp\/v2\/posts\/160208"}],"collection":[{"href":"http:\/\/cordobadirecto.com\/index.php\/wp-json\/wp\/v2\/posts"}],"about":[{"href":"http:\/\/cordobadirecto.com\/index.php\/wp-json\/wp\/v2\/types\/post"}],"author":[{"embeddable":true,"href":"http:\/\/cordobadirecto.com\/index.php\/wp-json\/wp\/v2\/users\/1"}],"replies":[{"embeddable":true,"href":"http:\/\/cordobadirecto.com\/index.php\/wp-json\/wp\/v2\/comments?post=160208"}],"version-history":[{"count":0,"href":"http:\/\/cordobadirecto.com\/index.php\/wp-json\/wp\/v2\/posts\/160208\/revisions"}],"wp:featuredmedia":[{"embeddable":true,"href":"http:\/\/cordobadirecto.com\/index.php\/wp-json\/wp\/v2\/media\/160209"}],"wp:attachment":[{"href":"http:\/\/cordobadirecto.com\/index.php\/wp-json\/wp\/v2\/media?parent=160208"}],"wp:term":[{"taxonomy":"category","embeddable":true,"href":"http:\/\/cordobadirecto.com\/index.php\/wp-json\/wp\/v2\/categories?post=160208"},{"taxonomy":"post_tag","embeddable":true,"href":"http:\/\/cordobadirecto.com\/index.php\/wp-json\/wp\/v2\/tags?post=160208"}],"curies":[{"name":"wp","href":"https:\/\/api.w.org\/{rel}","templated":true}]}}