{"id":160210,"date":"2024-12-27T20:58:23","date_gmt":"2024-12-27T20:58:23","guid":{"rendered":"https:\/\/cordoba.gob.ar\/?p=65377"},"modified":"2024-12-27T20:58:23","modified_gmt":"2024-12-27T20:58:23","slug":"passerini-asistio-a-la-asuncion-del-nuevo-ministro-de-cooperativas-y-mutuales-de-la-provincia-gustavo-brandan","status":"publish","type":"post","link":"http:\/\/cordobadirecto.com\/index.php\/2024\/12\/27\/passerini-asistio-a-la-asuncion-del-nuevo-ministro-de-cooperativas-y-mutuales-de-la-provincia-gustavo-brandan\/","title":{"rendered":"Passerini asisti\u00f3 a la asunci\u00f3n del nuevo ministro de Cooperativas y Mutuales de la Provincia, Gustavo Brand\u00e1n"},"content":{"rendered":"<div><img src=\"http:\/\/cordobadirecto.com\/wp-content\/uploads\/2024\/12\/passerini-asistio-a-la-asuncion-del-nuevo-ministro-de-cooperativas-y-mutuales-de-la-provincia-gustavo-brandan.jpg\" class=\"ff-og-image-inserted\"><\/div>\n<p>El intendente de la ciudad de C\u00f3rdoba, Daniel Passerini, asisti\u00f3 este viernes a la toma de juramento por parte del gobernador Mart\u00edn Llaryora hacia el flamante ministro de Cooperativas y Mutuales de la Provincia, Gustavo Brand\u00e1n.<\/p>\n<p>La ceremonia tuvo lugar en el Centro C\u00edvico, con la presencia de la vicegobernadora, Myrian Prunotto; y dem\u00e1s fiscales, miembros del gabinete provincial, diputados, legisladores y representantes de cooperativas y mutuales de la provincia.<\/p>\n<p>Brand\u00e1n fue intendente de Colonia Caroya durante dos per\u00edodos y se desempe\u00f1aba como secretario de Coordinaci\u00f3n de Infraestructura en el Ministerio de Infraestructura y Servicios P\u00fablicos.<\/p>\n<p>Desde hoy asume responsabilidad como ministro de Cooperativas y Mutuales, en aras de promover el desarrollo y la generaci\u00f3n de empleo, bajo la transversalidad de la inclusi\u00f3n social.<\/p>\n","protected":false},"excerpt":{"rendered":"<p>El intendente de la ciudad de C\u00f3rdoba, Daniel Passerini, asisti\u00f3 este viernes a la toma de juramento por parte del gobernador Mart\u00edn Llaryora hacia el flamante ministro de Cooperativas y Mutuales de la Provincia, Gustavo Brand\u00e1n. La ceremonia tuvo lugar en el Centro C\u00edvico, con la presencia de la vicegobernadora, Myrian Prunotto; y dem\u00e1s fiscales, [&hellip;]<\/p>\n","protected":false},"author":1,"featured_media":160211,"comment_status":"closed","ping_status":"closed","sticky":false,"template":"","format":"standard","meta":[],"categories":[44],"tags":[],"_links":{"self":[{"href":"http:\/\/cordobadirecto.com\/index.php\/wp-json\/wp\/v2\/posts\/160210"}],"collection":[{"href":"http:\/\/cordobadirecto.com\/index.php\/wp-json\/wp\/v2\/posts"}],"about":[{"href":"http:\/\/cordobadirecto.com\/index.php\/wp-json\/wp\/v2\/types\/post"}],"author":[{"embeddable":true,"href":"http:\/\/cordobadirecto.com\/index.php\/wp-json\/wp\/v2\/users\/1"}],"replies":[{"embeddable":true,"href":"http:\/\/cordobadirecto.com\/index.php\/wp-json\/wp\/v2\/comments?post=160210"}],"version-history":[{"count":0,"href":"http:\/\/cordobadirecto.com\/index.php\/wp-json\/wp\/v2\/posts\/160210\/revisions"}],"wp:featuredmedia":[{"embeddable":true,"href":"http:\/\/cordobadirecto.com\/index.php\/wp-json\/wp\/v2\/media\/160211"}],"wp:attachment":[{"href":"http:\/\/cordobadirecto.com\/index.php\/wp-json\/wp\/v2\/media?parent=160210"}],"wp:term":[{"taxonomy":"category","embeddable":true,"href":"http:\/\/cordobadirecto.com\/index.php\/wp-json\/wp\/v2\/categories?post=160210"},{"taxonomy":"post_tag","embeddable":true,"href":"http:\/\/cordobadirecto.com\/index.php\/wp-json\/wp\/v2\/tags?post=160210"}],"curies":[{"name":"wp","href":"https:\/\/api.w.org\/{rel}","templated":true}]}}