{"id":160235,"date":"2024-12-28T22:22:22","date_gmt":"2024-12-28T22:22:22","guid":{"rendered":"https:\/\/www.ole.com.ar\/autos\/nico-nicolas-varrone-argentino-acerca-f2-formula-2-bastante-avanzado_0_Khwdo5sR8a.html"},"modified":"2024-12-28T22:22:22","modified_gmt":"2024-12-28T22:22:22","slug":"un-argentino-se-acerca-a-la-formula-2-esta-bastante-avanzado","status":"publish","type":"post","link":"http:\/\/cordobadirecto.com\/index.php\/2024\/12\/28\/un-argentino-se-acerca-a-la-formula-2-esta-bastante-avanzado\/","title":{"rendered":"Un argentino se acerca a la F\u00f3rmula 2: &#8220;Est\u00e1 bastante avanzado&#8221;"},"content":{"rendered":"<p><time class=\"createDate\" datetime=\"2024-12-28T19:22:22-03:00\">28\/12\/2024 19:22hs.<\/time><\/p>\n<div id=\"storyBody\">\n<div class=\"custom-text \" readability=\"31.30081300813\">\n<p><strong>Franco Colapinto<\/strong> abri\u00f3 una puerta important\u00edsima para el automovilismo argentino. Adem\u00e1s de haber permitido que el p\u00fablico albiceleste volviera a gozar de uno de los suyos en la F\u00f3rmula 1, logr\u00f3 darles visibilidad a muchos colegas que est\u00e1n haciendo la escalera hacia la M\u00e1xima. <a href=\"https:\/\/www.ole.com.ar\/autos\/gino-trappa-pasos-colapinto-f4-espana-formula1_0_iJwkODnwmR.html\" target=\"_self\" title=\"Uno es Gino Trappa, quien correr\u00e1 en la F4 Espa\u00f1ola\" alt=\"Uno es Gino Trappa, quien correr\u00e1 en la F4 Espa\u00f1ola\" rel=\"noopener\">Uno es <\/a><strong><a href=\"https:\/\/www.ole.com.ar\/autos\/gino-trappa-pasos-colapinto-f4-espana-formula1_0_iJwkODnwmR.html\" target=\"_self\" title=\"Uno es Gino Trappa, quien correr\u00e1 en la F4 Espa\u00f1ola\" alt=\"Uno es Gino Trappa, quien correr\u00e1 en la F4 Espa\u00f1ola\" rel=\"noopener\">Gino Trappa<\/a><\/strong><a href=\"https:\/\/www.ole.com.ar\/autos\/gino-trappa-pasos-colapinto-f4-espana-formula1_0_iJwkODnwmR.html\" target=\"_self\" title=\"Uno es Gino Trappa, quien correr\u00e1 en la F4 Espa\u00f1ola\" alt=\"Uno es Gino Trappa, quien correr\u00e1 en la F4 Espa\u00f1ola\" rel=\"noopener\">, quien correr\u00e1 en la F4 Espa\u00f1ola<\/a>; <a href=\"https:\/\/www.ole.com.ar\/autos\/piloto-argentino-teo-schropp-formula4-italiana-2025_0_OZsdIm8Hzg.html\" target=\"_self\" title=\"otro, Teo Schropp, que har\u00e1 lo propio en la F4 Italiana\" alt=\"otro, Teo Schropp, que har\u00e1 lo propio en la F4 Italiana\" rel=\"noopener\">otro, <\/a><strong><a href=\"https:\/\/www.ole.com.ar\/autos\/piloto-argentino-teo-schropp-formula4-italiana-2025_0_OZsdIm8Hzg.html\" target=\"_self\" title=\"otro, Teo Schropp, que har\u00e1 lo propio en la F4 Italiana\" alt=\"otro, Teo Schropp, que har\u00e1 lo propio en la F4 Italiana\" rel=\"noopener\">Teo Schropp<\/a><\/strong><a href=\"https:\/\/www.ole.com.ar\/autos\/piloto-argentino-teo-schropp-formula4-italiana-2025_0_OZsdIm8Hzg.html\" target=\"_self\" title=\"otro, Teo Schropp, que har\u00e1 lo propio en la F4 Italiana\" alt=\"otro, Teo Schropp, que har\u00e1 lo propio en la F4 Italiana\" rel=\"noopener\">, que har\u00e1 lo propio en la F4 Italiana<\/a>, y hay uno m\u00e1s que podr\u00eda quedar a un pasito de la F1 al sumarse a la F2: <strong>Nicol\u00e1s Varrone.<\/strong><\/p>\n<\/div>\n<div class=\"custom-text \" readability=\"38\">\n<p>El oriundo de Ingeniero Maschwitz, con mucha experiencia en las carreras de resistencia (lleg\u00f3 a ganar las 24 Horas de Le Mans) y un breve paso por las competiciones de f\u00f3rmula, <strong>particip\u00f3 en los test de fin de a\u00f1o de la F\u00f3rmula 2 en Abu Dhabi y dej\u00f3 una grand\u00edsima impresi\u00f3n<\/strong> (termin\u00f3 2\u00b0 en la \u00faltima prueba). A pocos d\u00edas de que termine el a\u00f1o, Nico ya le pidi\u00f3 un regalito a Pap\u00e1 Noel y se ve que est\u00e1 cerquita de tra\u00e9rselo&#8230;<\/p>\n<\/div>\n<div class=\"sc-e7b891c4-0 ifHnQL image-embed\"><img alt=\"Varrone con la m\u00e1quina verdinegra del AIX Racing. (@NicoVarrone)\" loading=\"lazy\" width=\"720\" height=\"100\" decoding=\"async\" data-nimg=\"1\" src=\"http:\/\/cordobadirecto.com\/wp-content\/uploads\/2024\/12\/un-argentino-se-acerca-a-la-formula-2-esta-bastante-avanzado.jpg\"><span class=\"epigraphe\">Varrone con la m\u00e1quina verdinegra del AIX Racing. (@NicoVarrone)<\/span><\/div>\n<div class=\"custom-text \" readability=\"30.612244897959\">\n<p>En el marco de las <strong>100 Vueltas de Buenos Aires<\/strong>, un evento que se disput\u00f3 en el Aut\u00f3dromo Oscar y Juan G\u00e1lvez (<a href=\"https:\/\/www.ole.com.ar\/autos\/nico-nicolas-varrone-encontro-franco-colapinto-doble-galvez-100-vueltas-buenos-aires_0_R7hHV4KjVJ.html\" target=\"_self\" title=\"all\u00ed se encontr\u00f3 con el doble de Colapinto\" alt=\"all\u00ed se encontr\u00f3 con el doble de Colapinto\" rel=\"noopener\">all\u00ed se encontr\u00f3 con el doble de Colapinto<\/a>), Varrone dialog\u00f3 con Carburando y expuso que su arribo a la F\u00f3rmula 2 est\u00e1 cerca de concretarse:<strong> &#8220;Hay muchas chances de estar ah\u00ed&#8221;.<\/strong><\/p>\n<\/div>\n<p><h2><strong>Nico Varrone est\u00e1 cerquita de abrochar su llegada a la F\u00f3rmula 2<\/strong><\/h2>\n<\/p>\n<div class=\"custom-text \" readability=\"39\">\n<p>&#8220;Obviamente que la prueba en la F2 fue s\u00faper buena. Se abre un lindo futuro en los autos de f\u00f3rmula. <strong>Estamos trabajando para cerrarlo, las cosas est\u00e1n bastante avanzadas.<\/strong> Hay una opci\u00f3n con el AIX Racing (<strong>NdeR<\/strong>: el equipo con el que prob\u00f3 en Emiratos \u00c1rabes Unidos), hay otras cosas que no se pueden decir, pero estamos charlando. <strong>En los pr\u00f3ximos d\u00edas vamos a tener novedades<\/strong>&#8220;, ampli\u00f3 el piloto de 24 a\u00f1os. <\/p>\n<\/div>\n<div class=\"sc-734b4696-1 kFfZtB\">\n<div class=\"sc-d00d9e74-0 hnHYbk\" type=\"embed\">\n<div class=\"sc-d00d9e74-1 iKVbz videoText\" id=\"contentTitleembedhDMl5KQC\" type=\"embed\"><svg fill=\"#ffffff\"><symbol id=\"play\" viewBox=\"0 0 512 512\"><path d=\"M512 256C512 397.4 397.4 512 256 512C114.6 512 0 397.4 0 256C0 114.6 114.6 0 256 0C397.4 0 512 114.6 512 256zM176 168V344C176 352.7 180.7 360.7 188.3 364.9C195.8 369.2 205.1 369 212.5 364.5L356.5 276.5C363.6 272.1 368 264.4 368 256C368 247.6 363.6 239.9 356.5 235.5L212.5 147.5C205.1 142.1 195.8 142.8 188.3 147.1C180.7 151.3 176 159.3 176 168V168z\" \/><\/symbol><use xlink:href=\"#play\" \/><\/svg><\/p>\n<div class=\"right\">\n<p>Nicol\u00e1s Varrone<!-- --> &#8211; <span>&nbsp;<\/span><\/p>\n<h2 class=\"title-vid\">Nicol\u00e1s Varrone cont\u00f3 c\u00f3mo vienen las negociaciones para estar en la F\u00f3rmula 2<\/h2>\n<\/div>\n<\/div>\n<p><span class=\"back\" id=\"spanBackembedhDMl5KQC\"><\/span><\/div>\n<p>Carburando<\/p>\n<\/div>\n<div class=\"custom-text \" readability=\"40\">\n<p>Por lo pronto, Nico seguir\u00e1 enfocado en las carreras de resistencia, teniendo que arrancar la temporada temprano en el 2025:<strong> formar\u00e1 parte de las 24 Horas de Daytona entre el 23 y el 26 de enero<\/strong>. &#8220;Obviamente que tengo cerrado lo de IMSA con el equipo oficial Corvette, pero lo que es F\u00f3rmula 2 se est\u00e1 hablando y tratando de llegar a un acuerdo&#8221;, dijo entonces Varrone, ilusionado con seguir los pasos de Colapinto y terminar llegando a la M\u00e1xima.<\/p>\n<\/div>\n<div class=\"sc-e7b891c4-0 ifHnQL image-embed\"><img alt=\"A comienzos del 2025, Varrone correr\u00e1 con un Chevrolet Corvette en Daytona. (@Corazondef1)\" loading=\"lazy\" width=\"720\" height=\"100\" decoding=\"async\" data-nimg=\"1\" src=\"http:\/\/cordobadirecto.com\/wp-content\/uploads\/2024\/12\/un-argentino-se-acerca-a-la-formula-2-esta-bastante-avanzado-1.jpg\"><span class=\"epigraphe\">A comienzos del 2025, Varrone correr\u00e1 con un Chevrolet Corvette en Daytona. (@Corazondef1)<\/span><\/div>\n<div class=\"sc-a7166897-0 eoLsBE\" readability=\"6\">\n<section readability=\"2\"><picture><img alt=\"Nico Varrone se encontr\u00f3 con... \u00bfFranco Colapinto?\" loading=\"lazy\" width=\"290\" height=\"290\" decoding=\"async\" data-nimg=\"1\" src=\"http:\/\/cordobadirecto.com\/wp-content\/uploads\/2024\/12\/un-argentino-se-acerca-a-la-formula-2-esta-bastante-avanzado-2.jpg\"><\/picture>\n<p><span>Mir\u00e1 tambi\u00e9n<\/span><\/p>\n<hr>\n<h3>Nico Varrone se encontr\u00f3 con&#8230; \u00bfFranco Colapinto?<\/h3>\n<\/p>\n<\/section>\n<\/div>\n<div class=\"sc-a7166897-0 eoLsBE\" readability=\"7\">\n<section readability=\"4\"><picture><img alt=\"Manuel And\u00fajar, con Ol\u00e9: del nuevo desaf\u00edo en el Rally Dakar a su charla bostera con Colapinto\" loading=\"lazy\" width=\"290\" height=\"290\" decoding=\"async\" data-nimg=\"1\" src=\"http:\/\/cordobadirecto.com\/wp-content\/uploads\/2024\/12\/un-argentino-se-acerca-a-la-formula-2-esta-bastante-avanzado-3.jpg\"><\/picture>\n<p><span>Mir\u00e1 tambi\u00e9n<\/span><\/p>\n<hr>\n<h3>Manuel And\u00fajar, con Ol\u00e9: del nuevo desaf\u00edo en el Rally Dakar a su charla bostera con Colapinto<\/h3>\n<\/p>\n<\/section>\n<\/div>\n<div class=\"sc-a7166897-0 eoLsBE\" readability=\"6\">\n<section readability=\"2\"><picture><img alt=\"Nico Varrone vol\u00f3 en los test de la F\u00f3rmula 2 y sue\u00f1a con una butaca\" loading=\"lazy\" width=\"290\" height=\"290\" decoding=\"async\" data-nimg=\"1\" src=\"http:\/\/cordobadirecto.com\/wp-content\/uploads\/2024\/12\/un-argentino-se-acerca-a-la-formula-2-esta-bastante-avanzado-4.jpg\"><\/picture>\n<p><span>Mir\u00e1 tambi\u00e9n<\/span><\/p>\n<hr>\n<h3>Nico Varrone vol\u00f3 en los test de la F\u00f3rmula 2 y sue\u00f1a con una butaca<\/h3>\n<\/p>\n<\/section>\n<\/div>\n<div class=\"sc-a7166897-0 eoLsBE\" readability=\"6\">\n<section readability=\"2\"><picture><img alt=\"Franco Colapinto se subi\u00f3 a un karting en Z\u00e1rate y fue furor en las redes sociales\" loading=\"lazy\" width=\"290\" height=\"290\" decoding=\"async\" data-nimg=\"1\" src=\"http:\/\/cordobadirecto.com\/wp-content\/uploads\/2024\/12\/un-argentino-se-acerca-a-la-formula-2-esta-bastante-avanzado-5.jpg\"><\/picture>\n<p><span>Mir\u00e1 tambi\u00e9n<\/span><\/p>\n<hr>\n<h3>Franco Colapinto se subi\u00f3 a un karting en Z\u00e1rate y fue furor en las redes sociales<\/h3>\n<\/p>\n<\/section>\n<\/div>\n<\/div>\n","protected":false},"excerpt":{"rendered":"<p>28\/12\/2024 19:22hs. Franco Colapinto abri\u00f3 una puerta important\u00edsima para el automovilismo argentino. Adem\u00e1s de haber permitido que el p\u00fablico albiceleste volviera a gozar de uno de los suyos en la F\u00f3rmula 1, logr\u00f3 darles visibilidad a muchos colegas que est\u00e1n haciendo la escalera hacia la M\u00e1xima. Uno es Gino Trappa, quien correr\u00e1 en la F4 [&hellip;]<\/p>\n","protected":false},"author":1,"featured_media":160236,"comment_status":"closed","ping_status":"closed","sticky":false,"template":"","format":"standard","meta":[],"categories":[21],"tags":[],"_links":{"self":[{"href":"http:\/\/cordobadirecto.com\/index.php\/wp-json\/wp\/v2\/posts\/160235"}],"collection":[{"href":"http:\/\/cordobadirecto.com\/index.php\/wp-json\/wp\/v2\/posts"}],"about":[{"href":"http:\/\/cordobadirecto.com\/index.php\/wp-json\/wp\/v2\/types\/post"}],"author":[{"embeddable":true,"href":"http:\/\/cordobadirecto.com\/index.php\/wp-json\/wp\/v2\/users\/1"}],"replies":[{"embeddable":true,"href":"http:\/\/cordobadirecto.com\/index.php\/wp-json\/wp\/v2\/comments?post=160235"}],"version-history":[{"count":0,"href":"http:\/\/cordobadirecto.com\/index.php\/wp-json\/wp\/v2\/posts\/160235\/revisions"}],"wp:featuredmedia":[{"embeddable":true,"href":"http:\/\/cordobadirecto.com\/index.php\/wp-json\/wp\/v2\/media\/160236"}],"wp:attachment":[{"href":"http:\/\/cordobadirecto.com\/index.php\/wp-json\/wp\/v2\/media?parent=160235"}],"wp:term":[{"taxonomy":"category","embeddable":true,"href":"http:\/\/cordobadirecto.com\/index.php\/wp-json\/wp\/v2\/categories?post=160235"},{"taxonomy":"post_tag","embeddable":true,"href":"http:\/\/cordobadirecto.com\/index.php\/wp-json\/wp\/v2\/tags?post=160235"}],"curies":[{"name":"wp","href":"https:\/\/api.w.org\/{rel}","templated":true}]}}