{"id":160237,"date":"2024-12-28T21:35:30","date_gmt":"2024-12-28T21:35:30","guid":{"rendered":"https:\/\/www.ole.com.ar\/polideportivo\/deportista-ano-ole-colapinto-dibu-martinez-maligno-torres-encuesta_0_7NtBTvuHce.html"},"modified":"2024-12-28T21:35:30","modified_gmt":"2024-12-28T21:35:30","slug":"vota-en-ole-al-deportista-argentino-del-ano-dibu-martinez-maligno-torres-o-colapinto","status":"publish","type":"post","link":"http:\/\/cordobadirecto.com\/index.php\/2024\/12\/28\/vota-en-ole-al-deportista-argentino-del-ano-dibu-martinez-maligno-torres-o-colapinto\/","title":{"rendered":"Vota en Ol\u00e9 al deportista argentino del a\u00f1o: Dibu Mart\u00ednez, Maligno Torres o Colapinto"},"content":{"rendered":"<p><time class=\"createDate\" datetime=\"2024-12-28T18:35:30-03:00\">28\/12\/2024 18:35hs.<\/time><\/p>\n<div id=\"storyBody\">\n<div class=\"custom-text \" readability=\"36.741573033708\">\n<p><strong>Luego de la entrega de los Premios Olimpia<\/strong>, <a href=\"https:\/\/www.ole.com.ar\/polideportivo\/premios-olimpia-franco-colapinto-dibu-martinez-ganador-oro_0_H0ONXaoBhF.html\" target=\"_self\" title=\"con Franco Colapinto y Dibu Mart\u00ednez compartiendo el pro a mejor deportista argentino del a\u00f1o\" alt=\"con Franco Colapinto y Dibu Mart\u00ednez compartiendo el pro a mejor deportista argentino del a\u00f1o\" rel=\"noopener\">con Franco Colapinto y Dibu Mart\u00ednez compartiendo el premio a mejor deportista argentino del a\u00f1o<\/a>, en <strong>Ol\u00e9<\/strong> continuamos el debate generado en redes sociales agregando a Maligno Torres, medallista dorado en los Juegos Ol\u00edmpicos de Par\u00eds. As\u00ed, hicimos<strong> una encuesta para determinar, en funci\u00f3n de los votos del p\u00fablico, qui\u00e9n fue el atleta nacional del a\u00f1o entre ellos, desde luego.<\/strong> Abajo, el apartado para votar y, tambi\u00e9n, el repaso del a\u00f1o de cada uno. \u00bfQui\u00e9n lo merece para vos? <\/p>\n<\/div>\n<p><h2><strong>Emiliano Dibu Mart\u00ednez<\/strong><\/h2>\n<\/p>\n<div class=\"sc-e7b891c4-0 ifHnQL image-embed\"><img alt=\"Dibu y su The Best al mejor arquero del mundo este 2024. (Foto: EFE)\" loading=\"lazy\" width=\"720\" height=\"100\" decoding=\"async\" data-nimg=\"1\" src=\"http:\/\/cordobadirecto.com\/wp-content\/uploads\/2024\/12\/vota-en-ole-al-deportista-argentino-del-ano-dibu-martinez-maligno-torres-o-colapinto.jpg\"><span class=\"epigraphe\">Dibu y su The Best al mejor arquero del mundo este 2024. (Foto: EFE)<\/span><\/div>\n<div class=\"custom-text \" readability=\"38\">\n<p>El Dibu, quien compiti\u00f3 en la terna con Lautaro Mart\u00ednez y Maravilla Mart\u00ednez, vivi\u00f3 otro a\u00f1o consagratorio que lo mantuvo en la cima de la \u00e9lite. Figura y l\u00edder del Aston Villa, l<strong>lev\u00f3 a su equipo a regresar a la Champions League despu\u00e9s de 41 a\u00f1os<\/strong> y se la banc\u00f3 cada vez que jug\u00f3 ante los pesos pesados de la Premier League.<\/p>\n<\/div>\n<div class=\"custom-text \" readability=\"38\">\n<p>Ni hablar de su trabajo con la celeste blanca. Apenas recibi\u00f3 seis goles en 13 partidos y en nueve de ellos puso un muro en su arco. Adem\u00e1s, fue fundamental en m\u00e1s de una oportunidad, aunque nuevamente su punto m\u00e1s alto se dio en una serie por penales. Recordando las tandas durante Qatar 2022, <strong>se hizo gigante bajo palos ante Ecuador y le entreg\u00f3 el pase a las semifinales de la Copa Am\u00e9rica 2024 al combinado nacional.<\/strong><\/p>\n<\/div>\n<div class=\"custom-text \" readability=\"37\">\n<p>Y el reconocimiento del mundo del f\u00fatbol fue un\u00e1nime. Salvo un pu\u00f1ado de cr\u00edticas malintencionadas de algunos sectores amarillistas, cuyo juzgamiento se basa m\u00e1s por los exc\u00e9ntricos movimientos dentro del campo, el ambiente lo considera el mejor. <strong>Por algo gan\u00f3 los premios The Best y Lev Yashin por segundo a\u00f1o al hilo&#8230;<\/strong><\/p>\n<\/div>\n<p><h2><strong>Franco Colapinto<\/strong><\/h2>\n<\/p>\n<div class=\"sc-e7b891c4-0 ifHnQL image-embed\"><img alt=\"Franco Colapinto en los Premios Olimpia. (Foto: Enrique Garc\u00eda Medina)\" loading=\"lazy\" width=\"720\" height=\"100\" decoding=\"async\" data-nimg=\"1\" src=\"http:\/\/cordobadirecto.com\/wp-content\/uploads\/2024\/12\/vota-en-ole-al-deportista-argentino-del-ano-dibu-martinez-maligno-torres-o-colapinto-1.jpg\"><span class=\"epigraphe\">Franco Colapinto en los Premios Olimpia. (Foto: Enrique Garc\u00eda Medina)<\/span><\/div>\n<div class=\"custom-text \" readability=\"36\">\n<p><strong>Colapinto irrumpi\u00f3 en la F\u00f3rmula 1 y movi\u00f3 los cimientos de la categor\u00eda reina del mundo motor. <\/strong>Con su carisma, sencillez y habilidad, cautiv\u00f3 en la cinta asf\u00e1ltica pero tambi\u00e9n cuando se bajaba del FW46 de Williams y charlaba con los medios.<\/p>\n<\/div>\n<div class=\"custom-text \" readability=\"38\">\n<p>Era un im\u00e1n que atrapaba a todo lo que ten\u00eda cerca. Los n\u00fameros, adem\u00e1s, lo demuestran: aumento considerable en el rating de TV, un boom en la venta de merchandising no oficial, llegada de sponsors y conversaci\u00f3n sobre su entidad en redes sociales.<\/p>\n<\/div>\n<div class=\"custom-text \" readability=\"38\">\n<p>Asimismo, al momento de la verdad respond\u00eda. Y vaya manera: en las primeras cinco carreras, mejor\u00f3 su posici\u00f3n de largada, puntu\u00f3 dos veces (cuando finaliz\u00f3 octavo en Azerbaiy\u00e1n y d\u00e9cimo en Estados Unidos) y hasta pas\u00f3 a Q3, todo con uno de los peores autos de la parrilla.<\/p>\n<\/div>\n<p><h2><strong>Maligno Torres<\/strong><\/h2>\n<\/p>\n<div class=\"sc-e7b891c4-0 ifHnQL image-embed\"><img alt=\"Maligno Torres y su medalla de oro. (Foto: REUTERS\/Esa Alexander)\" loading=\"lazy\" width=\"720\" height=\"100\" decoding=\"async\" data-nimg=\"1\" src=\"http:\/\/cordobadirecto.com\/wp-content\/uploads\/2024\/12\/vota-en-ole-al-deportista-argentino-del-ano-dibu-martinez-maligno-torres-o-colapinto-2.jpg\"><span class=\"epigraphe\">Maligno Torres y su medalla de oro. (Foto: REUTERS\/Esa Alexander)<\/span><\/div>\n<div class=\"custom-text \" readability=\"39\">\n<p>El cordob\u00e9s puso a la Argentina como protagonista en BMX Freestyle, cuando realiz\u00f3 la mejor marca (94.82) de toda la prueba en Par\u00eds 2024 y se qued\u00f3 con la medalla dorada en su debut ol\u00edmpico, la \u00fanica de oro para el pa\u00eds en estos JJOO <strong>y la primera de ese tipo en llegar despu\u00e9s de ocho a\u00f1os (2016), cuando Los Leones en hockey, Paula Pareto en judo y la dupla Santiago Lange &#8211; Cecilia Carranza en vela sumaron un total de tres.<\/strong><\/p>\n<\/div>\n<div class=\"custom-text \" readability=\"40\">\n<p>Aquel mi\u00e9rcoles 31 de julio quedar\u00e1 por siempre en la historia del deporte argentino, porque supuso adem\u00e1s la primera medalla para el pa\u00eds en esos Juegos Ol\u00edmpicos, hasta que Mateo Majdalani y Eugenia Bosco en vela, y Las Leonas en hockey, aportaran sus bronces. <strong>Un merecid\u00edsimo premio para el Maligno, campe\u00f3n panamericano en Santiago 2023 y Asunci\u00f3n 2022 y que ven\u00eda de ser s\u00e9ptimo en el \u00faltimo preol\u00edmpico.<\/strong><\/p>\n<\/div>\n<div class=\"custom-text \" readability=\"36\">\n<p>Y si bien ya no cont\u00f3 para la elecci\u00f3n en los Premios Olimpia, hay que agregar que cerr\u00f3 el a\u00f1o coron\u00e1ndose subcampe\u00f3n del mundo en el Mundial de BMX Freestyle el s\u00e1bado pasado, dos d\u00edas despu\u00e9s de la gala.<\/p>\n<\/div>\n<div class=\"sc-a7166897-0 eoLsBE\" readability=\"6\">\n<section readability=\"2\"><picture><img alt=\"Otra bomba: Estudiantes quiere cerrar a Alario\" loading=\"lazy\" width=\"290\" height=\"290\" decoding=\"async\" data-nimg=\"1\" src=\"http:\/\/cordobadirecto.com\/wp-content\/uploads\/2024\/12\/vota-en-ole-al-deportista-argentino-del-ano-dibu-martinez-maligno-torres-o-colapinto-3.jpg\"><\/picture>\n<p><span>Mir\u00e1 tambi\u00e9n<\/span><\/p>\n<hr>\n<h3>Otra bomba: Estudiantes quiere cerrar a Alario<\/h3>\n<\/p>\n<\/section>\n<\/div>\n<div class=\"sc-a7166897-0 eoLsBE\" readability=\"6.5\">\n<section readability=\"3\"><picture><img alt=\"La contundente respuesta del DT de Benfica a favor de Di Mar\u00eda y Otamendi por los viajes a Argentina por Navidad\" loading=\"lazy\" width=\"290\" height=\"290\" decoding=\"async\" data-nimg=\"1\" src=\"http:\/\/cordobadirecto.com\/wp-content\/uploads\/2024\/12\/vota-en-ole-al-deportista-argentino-del-ano-dibu-martinez-maligno-torres-o-colapinto-4.jpg\"><\/picture>\n<p><span>Mir\u00e1 tambi\u00e9n<\/span><\/p>\n<hr>\n<h3>La contundente respuesta del DT de Benfica a favor de Di Mar\u00eda y Otamendi por los viajes a Argentina por Navidad<\/h3>\n<\/p>\n<\/section>\n<\/div>\n<div class=\"sc-a7166897-0 eoLsBE\" readability=\"6\">\n<section readability=\"2\"><picture><img alt=\"\u00bfAlgo pendiente? Lautaro se la agarr\u00f3 fuerte con Jerry Mina en Inter - Cagliari\" loading=\"lazy\" width=\"290\" height=\"290\" decoding=\"async\" data-nimg=\"1\" src=\"http:\/\/cordobadirecto.com\/wp-content\/uploads\/2024\/12\/vota-en-ole-al-deportista-argentino-del-ano-dibu-martinez-maligno-torres-o-colapinto-5.jpg\"><\/picture>\n<p><span>Mir\u00e1 tambi\u00e9n<\/span><\/p>\n<hr>\n<h3>\u00bfAlgo pendiente? Lautaro se la agarr\u00f3 fuerte con Jerry Mina en Inter &#8211; Cagliari<\/h3>\n<\/p>\n<\/section>\n<\/div>\n<\/div>\n","protected":false},"excerpt":{"rendered":"<p>28\/12\/2024 18:35hs. Luego de la entrega de los Premios Olimpia, con Franco Colapinto y Dibu Mart\u00ednez compartiendo el premio a mejor deportista argentino del a\u00f1o, en Ol\u00e9 continuamos el debate generado en redes sociales agregando a Maligno Torres, medallista dorado en los Juegos Ol\u00edmpicos de Par\u00eds. As\u00ed, hicimos una encuesta para determinar, en funci\u00f3n de [&hellip;]<\/p>\n","protected":false},"author":1,"featured_media":160238,"comment_status":"closed","ping_status":"closed","sticky":false,"template":"","format":"standard","meta":[],"categories":[21],"tags":[],"_links":{"self":[{"href":"http:\/\/cordobadirecto.com\/index.php\/wp-json\/wp\/v2\/posts\/160237"}],"collection":[{"href":"http:\/\/cordobadirecto.com\/index.php\/wp-json\/wp\/v2\/posts"}],"about":[{"href":"http:\/\/cordobadirecto.com\/index.php\/wp-json\/wp\/v2\/types\/post"}],"author":[{"embeddable":true,"href":"http:\/\/cordobadirecto.com\/index.php\/wp-json\/wp\/v2\/users\/1"}],"replies":[{"embeddable":true,"href":"http:\/\/cordobadirecto.com\/index.php\/wp-json\/wp\/v2\/comments?post=160237"}],"version-history":[{"count":0,"href":"http:\/\/cordobadirecto.com\/index.php\/wp-json\/wp\/v2\/posts\/160237\/revisions"}],"wp:featuredmedia":[{"embeddable":true,"href":"http:\/\/cordobadirecto.com\/index.php\/wp-json\/wp\/v2\/media\/160238"}],"wp:attachment":[{"href":"http:\/\/cordobadirecto.com\/index.php\/wp-json\/wp\/v2\/media?parent=160237"}],"wp:term":[{"taxonomy":"category","embeddable":true,"href":"http:\/\/cordobadirecto.com\/index.php\/wp-json\/wp\/v2\/categories?post=160237"},{"taxonomy":"post_tag","embeddable":true,"href":"http:\/\/cordobadirecto.com\/index.php\/wp-json\/wp\/v2\/tags?post=160237"}],"curies":[{"name":"wp","href":"https:\/\/api.w.org\/{rel}","templated":true}]}}