{"id":160246,"date":"2024-12-27T20:28:24","date_gmt":"2024-12-27T20:28:24","guid":{"rendered":"https:\/\/cordoba.gob.ar\/?p=65374"},"modified":"2024-12-27T20:28:24","modified_gmt":"2024-12-27T20:28:24","slug":"ya-te-podes-inscribir-para-participar-de-la-maraton-ciudad-de-cordoba-2025","status":"publish","type":"post","link":"http:\/\/cordobadirecto.com\/index.php\/2024\/12\/27\/ya-te-podes-inscribir-para-participar-de-la-maraton-ciudad-de-cordoba-2025\/","title":{"rendered":"Ya te pod\u00e9s inscribir para participar de la Marat\u00f3n Ciudad de C\u00f3rdoba 2025"},"content":{"rendered":"<div><img src=\"http:\/\/cordobadirecto.com\/wp-content\/uploads\/2024\/12\/ya-te-podes-inscribir-para-participar-de-la-maraton-ciudad-de-cordoba-2025.jpg\" class=\"ff-og-image-inserted\"><\/div>\n<ul>\n<li><strong>Desde las 17:00 qued\u00f3 habilitado el portal oficial de la carrera <a href=\"http:\/\/www.maratondecordoba.com\">http:\/\/www.maratondecordoba.com<\/a> para sumarse a la competici\u00f3n.<\/strong><\/li>\n<li><strong>Los corredores pueden registrarse para participar de una de las citas m\u00e1s esperadas del running nacional e internacional.<\/strong><\/li>\n<li><strong>Con distancias para todos, la Marat\u00f3n promete ser una experiencia \u00fanica el pr\u00f3ximo 6 de Julio.<\/strong><\/li>\n<\/ul>\n<hr>\n<p>\u00a1Es hora de ponerte en movimiento! La Marat\u00f3n Ciudad de C\u00f3rdoba 2025 comenz\u00f3 desde las 17:00 horas con la recepci\u00f3n de las inscripciones y la cuenta regresiva para vivir una experiencia \u00fanica.<\/p>\n<p>Los corredores ya pueden anotarse para esta gran cita deportiva que promete llenar de adrenalina las calles de la ciudad.<\/p>\n<p>El pr\u00f3ximo 6 de julio, C\u00f3rdoba se convertir\u00e1 nuevamente en el epicentro del running argentino y sudamericano.<\/p>\n<p>Con salida y llegada al emblem\u00e1tico Estadio Mario Alberto Kempes, la marat\u00f3n ofrecer\u00e1 distancias para todos los niveles: 5K, 10K, 21K y 42K, con categor\u00edas competitivas, adaptadas y participativas.<\/p>\n<p>Este evento, que ya es una tradici\u00f3n en el calendario deportivo, se perfila como una de las m\u00e1s importantes del pa\u00eds.<\/p>\n<p><strong>Recorriendo los puntos m\u00e1s representativos de la ciudad<\/strong><\/p>\n<p>Los circuitos estar\u00e1n muy cerca de las ediciones anteriores (2021 y 2022), pero con algunos detalles renovados que har\u00e1n de esta edici\u00f3n una experiencia inolvidable.<\/p>\n<p>La distancia de 5K recorrer\u00e1 los alrededores del estadio, pasando por el Parque del Kempes; los 10K atravesar\u00e1n el pintoresco barrio Urca; los 21K llegar\u00e1n hasta el puente 450 Aniversario, uniendo Plaza Austria con el Parque Las Heras Elisa; y, finalmente, los 42K cubrir\u00e1n un recorrido desafiante hasta Ciudad Universitaria, para luego regresar al estadio.<\/p>\n<p>A partir de hoy, los interesados \u200b\u200bpueden inscribirse en el portal oficial de la marat\u00f3n <a href=\"http:\/\/www.maratondecordoba.com\">http:\/\/www.maratondecordoba.com<\/a><\/p>\n<p>La inscripci\u00f3n es arancelada y los precios van desde los $19.500 para la distancia de 5K, &nbsp;hasta los $51.550 para la marat\u00f3n de 42K, lo que incluye camiseta oficial (para hombre o mujer), n\u00famero de corredor con chip de cronometraje, clasificaci\u00f3n, hidrataci\u00f3n, servicio m\u00e9dico, guardarropas y la medalla finalizadora al cruzar la meta.<\/p>\n<p><strong>Un impacto econ\u00f3mico y tur\u00edstico para la ciudad.<\/strong><\/p>\n<p>La Marat\u00f3n Ciudad de C\u00f3rdoba no es solo un evento deportivo; es una fiesta para la ciudad.<\/p>\n<p>M\u00e1s all\u00e1 de la competencia, la marat\u00f3n tiene un fuerte impacto econ\u00f3mico y tur\u00edstico, posicionando a C\u00f3rdoba como uno de los destinos clave del turismo deportivo.<\/p>\n<p>La llegada de corredores, sus familias y visitantes impulsa la oferta hotelera, gastron\u00f3mica y comercial local a la vez que inspira al desarrollo de la actividad f\u00edsica y el bienestar.<\/p>\n<p>\u201cEl trabajo conjunto entre la Provincia, la Municipalidad y el sector privado es fundamental para que este tipo de eventos se lleven a cabo. C\u00f3rdoba debe estar a la altura de los grandes desaf\u00edos deportivos, y esta marat\u00f3n es un ejemplo claro de lo que podemos lograr cuando nos unimos para hacer de nuestra ciudad un destino de primer nivel\u201d, expres\u00f3 H\u00e9ctor Campana, secretario de Fortalecimiento Vecinal y Deportes.<\/p>\n<p><strong>C\u00f3rdoba, ciudad del deporte y la inclusi\u00f3n<\/strong><\/p>\n<p>A trav\u00e9s de \u00e9sta propuesta deportiva, C\u00f3rdoba reafirma su rol como un punto de encuentro para corredores de todo el mundo, consolid\u00e1ndose como una ciudad inclusiva que promueve el deporte, la participaci\u00f3n y el bienestar. Una cita que, m\u00e1s all\u00e1 de los kil\u00f3metros recorridos, ser\u00e1 una verdadera celebraci\u00f3n de la vida activa y del esp\u00edritu deportivo.<\/p>\n","protected":false},"excerpt":{"rendered":"<p>Desde las 17:00 qued\u00f3 habilitado el portal oficial de la carrera http:\/\/www.maratondecordoba.com para sumarse a la competici\u00f3n. Los corredores pueden registrarse para participar de una de las citas m\u00e1s esperadas del running nacional e internacional. Con distancias para todos, la Marat\u00f3n promete ser una experiencia \u00fanica el pr\u00f3ximo 6 de Julio. \u00a1Es hora de ponerte [&hellip;]<\/p>\n","protected":false},"author":1,"featured_media":160247,"comment_status":"closed","ping_status":"closed","sticky":false,"template":"","format":"standard","meta":[],"categories":[44],"tags":[],"_links":{"self":[{"href":"http:\/\/cordobadirecto.com\/index.php\/wp-json\/wp\/v2\/posts\/160246"}],"collection":[{"href":"http:\/\/cordobadirecto.com\/index.php\/wp-json\/wp\/v2\/posts"}],"about":[{"href":"http:\/\/cordobadirecto.com\/index.php\/wp-json\/wp\/v2\/types\/post"}],"author":[{"embeddable":true,"href":"http:\/\/cordobadirecto.com\/index.php\/wp-json\/wp\/v2\/users\/1"}],"replies":[{"embeddable":true,"href":"http:\/\/cordobadirecto.com\/index.php\/wp-json\/wp\/v2\/comments?post=160246"}],"version-history":[{"count":0,"href":"http:\/\/cordobadirecto.com\/index.php\/wp-json\/wp\/v2\/posts\/160246\/revisions"}],"wp:featuredmedia":[{"embeddable":true,"href":"http:\/\/cordobadirecto.com\/index.php\/wp-json\/wp\/v2\/media\/160247"}],"wp:attachment":[{"href":"http:\/\/cordobadirecto.com\/index.php\/wp-json\/wp\/v2\/media?parent=160246"}],"wp:term":[{"taxonomy":"category","embeddable":true,"href":"http:\/\/cordobadirecto.com\/index.php\/wp-json\/wp\/v2\/categories?post=160246"},{"taxonomy":"post_tag","embeddable":true,"href":"http:\/\/cordobadirecto.com\/index.php\/wp-json\/wp\/v2\/tags?post=160246"}],"curies":[{"name":"wp","href":"https:\/\/api.w.org\/{rel}","templated":true}]}}