{"id":160283,"date":"2024-12-30T00:50:19","date_gmt":"2024-12-30T00:50:19","guid":{"rendered":"http:\/\/cordobadirecto.com\/index.php\/2024\/12\/30\/subsidian-el-empleo-privado-y-las-empresas-en-detrimento-de-la-economia-popular-y\/"},"modified":"2024-12-30T00:50:19","modified_gmt":"2024-12-30T00:50:19","slug":"subsidian-el-empleo-privado-y-las-empresas-en-detrimento-de-la-economia-popular-y","status":"publish","type":"post","link":"http:\/\/cordobadirecto.com\/index.php\/2024\/12\/30\/subsidian-el-empleo-privado-y-las-empresas-en-detrimento-de-la-economia-popular-y\/","title":{"rendered":"\u201cSubsidian el empleo privado y las empresas en detrimento de la <b>econom\u00eda<\/b> popular y &#8230;"},"content":{"rendered":"<p>Suena incre\u00edble, pero <b>C\u00f3rdoba<\/b> no cuenta con una pol\u00edtica p\u00fablica de vivienda. El referente del Movimiento Carlos Mugica lo plante\u00f3 en las audiencias&nbsp;&#8230; <\/p>\n","protected":false},"excerpt":{"rendered":"<p>Suena incre\u00edble, pero C\u00f3rdoba no cuenta con una pol\u00edtica p\u00fablica de vivienda. El referente del Movimiento Carlos Mugica lo plante\u00f3 en las audiencias&nbsp;&#8230;<\/p>\n","protected":false},"author":1,"featured_media":0,"comment_status":"closed","ping_status":"closed","sticky":false,"template":"","format":"standard","meta":[],"categories":[40],"tags":[],"_links":{"self":[{"href":"http:\/\/cordobadirecto.com\/index.php\/wp-json\/wp\/v2\/posts\/160283"}],"collection":[{"href":"http:\/\/cordobadirecto.com\/index.php\/wp-json\/wp\/v2\/posts"}],"about":[{"href":"http:\/\/cordobadirecto.com\/index.php\/wp-json\/wp\/v2\/types\/post"}],"author":[{"embeddable":true,"href":"http:\/\/cordobadirecto.com\/index.php\/wp-json\/wp\/v2\/users\/1"}],"replies":[{"embeddable":true,"href":"http:\/\/cordobadirecto.com\/index.php\/wp-json\/wp\/v2\/comments?post=160283"}],"version-history":[{"count":0,"href":"http:\/\/cordobadirecto.com\/index.php\/wp-json\/wp\/v2\/posts\/160283\/revisions"}],"wp:attachment":[{"href":"http:\/\/cordobadirecto.com\/index.php\/wp-json\/wp\/v2\/media?parent=160283"}],"wp:term":[{"taxonomy":"category","embeddable":true,"href":"http:\/\/cordobadirecto.com\/index.php\/wp-json\/wp\/v2\/categories?post=160283"},{"taxonomy":"post_tag","embeddable":true,"href":"http:\/\/cordobadirecto.com\/index.php\/wp-json\/wp\/v2\/tags?post=160283"}],"curies":[{"name":"wp","href":"https:\/\/api.w.org\/{rel}","templated":true}]}}