{"id":160286,"date":"2024-12-30T13:11:06","date_gmt":"2024-12-30T13:11:06","guid":{"rendered":"https:\/\/cordoba.gob.ar\/?p=65382"},"modified":"2024-12-30T13:11:06","modified_gmt":"2024-12-30T13:11:06","slug":"en-2024-mas-de-45-000-personas-participaron-de-las-propuestas-de-los-parques-educativos","status":"publish","type":"post","link":"http:\/\/cordobadirecto.com\/index.php\/2024\/12\/30\/en-2024-mas-de-45-000-personas-participaron-de-las-propuestas-de-los-parques-educativos\/","title":{"rendered":"En 2024 m\u00e1s de 45.000 personas participaron de las propuestas de los Parques Educativos"},"content":{"rendered":"<div><img src=\"http:\/\/cordobadirecto.com\/wp-content\/uploads\/2024\/12\/en-2024-mas-de-45-000-personas-participaron-de-las-propuestas-de-los-parques-educativos.jpg\" class=\"ff-og-image-inserted\"><\/div>\n<ul class=\"ak-ul\">\n<li><strong>Vecinos y vecinas pudieron disfrutar de propuestas vinculadas al deporte, las artes, el ambiente, la salud, la ciencia y tecnolog\u00eda, la formaci\u00f3n laboral y profesional, la inclusi\u00f3n educativa, la cultura digital, y m\u00e1s disciplinas abiertas a todo p\u00fablico.<\/strong><\/li>\n<\/ul>\n<hr>\n<p>Durante el a\u00f1o 2024, m\u00e1s de 45.000 vecinos y vecinas participaron de las propuestas y actividades educativas, recreativas y participativas de los seis Parques Educativos de la ciudad.<\/p>\n<p>A trav\u00e9s de la Subsecretar\u00eda de Educaci\u00f3n Social, Cient\u00edfica y Tecnol\u00f3gica de la Secretar\u00eda de Educaci\u00f3n, se coordinaron m\u00e1s de 1300 acciones vinculadas al deporte, las artes, el ambiente, la salud, la ciencia y tecnolog\u00eda, la formaci\u00f3n laboral y profesional, la inclusi\u00f3n educativa, la cultura digital, entre otras.<\/p>\n<p>En este marco, el programa \u201cAprender y Hacer en Comunidad\u201d tuvo una participaci\u00f3n destacada con m\u00e1s de 30.000 personas involucradas en propuestas regulares que incluyeron talleres de arte, deporte, terminalidad educativa, alfabetizaci\u00f3n digital, proyectos integrales y eventos comunitarios.<\/p>\n<p>Adem\u00e1s, se lanz\u00f3 el programa \u201cC\u00f3rdoba por el Derecho a la Educaci\u00f3n\u201d, destinado a garantizar trayectorias educativas completas, continuas y de calidad para ni\u00f1as, ni\u00f1os, j\u00f3venes y adultos.<\/p>\n<p>Dicho programa permiti\u00f3 la creaci\u00f3n de dispositivos de acompa\u00f1amiento y mesas socioeducativas en los Parques Educativos, impactando directamente en m\u00e1s de 3000 j\u00f3venes a trav\u00e9s de acciones realizadas en articulaci\u00f3n con instituciones educativas.<\/p>\n<p>En el \u00e1rea de educaci\u00f3n y cultura digital, las Tecnotecas Municipales CREA de los Parques Educativos Noroeste, Este y Sur se consolidaron como referentes de innovaci\u00f3n educativa, convocando a m\u00e1s de 6500 vecinos y vecinas en m\u00e1s de 100 actividades. Estas incluyeron alfabetizaci\u00f3n digital, rob\u00f3tica, programaci\u00f3n, producci\u00f3n sonora y audiovisual, y talleres de videojuegos, entre otras propuestas que combinaron ciencia, tecnolog\u00eda y creatividad.<\/p>\n<p>A su vez, se realizaron m\u00e1s de 90 acciones vinculadas a la promoci\u00f3n cient\u00edfica, tecnol\u00f3gica y art\u00edstica, alcanzando a m\u00e1s de 4200 personas. Estas actividades incluyeron talleres de narrativa audiovisual, rob\u00f3tica, inteligencia artificial y jornadas de divulgaci\u00f3n cient\u00edfica destinadas a todas las edades.<\/p>\n<p>En el \u00e1mbito de la formaci\u00f3n profesional y laboral, los Centros de Formaci\u00f3n de los Parques Educativos ofrecieron m\u00e1s de 30 cursos en oficios tradicionales como carpinter\u00eda, peluquer\u00eda y panader\u00eda, as\u00ed como en \u00e1reas digitales como marketing, dise\u00f1o web y fotograf\u00eda digital. Estas propuestas capacitaron a m\u00e1s de 800 personas, ampliando sus oportunidades laborales.<\/p>\n<p>A trav\u00e9s del programa CERCA, se desarrollaron operativos de salud, acceso a la justicia y promoci\u00f3n de derechos, junto con iniciativas de educaci\u00f3n ambiental, gesti\u00f3n de tr\u00e1mites digitales y actividades de inclusi\u00f3n social. Estos esfuerzos fortalecieron el v\u00ednculo entre los Parques Educativos y las comunidades, consolidando su rol como espacios integrales de bienestar.<\/p>\n<p>En el \u00faltimo trimestre del a\u00f1o, se llev\u00f3 a cabo el ciclo \u201cMes de la Educaci\u00f3n Social\u201d, un espacio de di\u00e1logo y formaci\u00f3n que cont\u00f3 con la participaci\u00f3n de m\u00e1s de 500 docentes del sistema educativo municipal, quienes recibieron certificaci\u00f3n por su capacitaci\u00f3n.<\/p>\n<p>La actividad cultural tambi\u00e9n tuvo un lugar destacado con el evento \u201cViva la Ciudad\u201d, en el que m\u00e1s de 350 artistas comunitarios de los Parques Educativos realizaron intervenciones en espacios p\u00fablicos para celebrar el 451\u00b0 aniversario de C\u00f3rdoba.<\/p>\n<p>\u201c<em>Los Parques Educativos son el reflejo de c\u00f3mo la educaci\u00f3n puede transformar vidas. Estos espacios son un orgullo para C\u00f3rdoba y una herramienta clave para la inclusi\u00f3n<\/em>\u201d, expres\u00f3 la secretaria de Educaci\u00f3n, Alicia La Terza.<\/p>\n<p>Por su parte, la subsecretar\u00eda de Educaci\u00f3n Social, Cient\u00edfica y Tecnol\u00f3gica, Eugenia Rotondi, mencion\u00f3 que \u201c<em>este trabajo fue obra de todo el equipo de gesti\u00f3n, trabajadores, trabajadoras, docentes, talleristas, que hacen de los Parques Educativos instituciones centrales para el ejercicio de los derechos b\u00e1sicos, mejorando la calidad de vida de miles de cordobeses y cordobesas<\/em>\u201d.<\/p>\n","protected":false},"excerpt":{"rendered":"<p>Vecinos y vecinas pudieron disfrutar de propuestas vinculadas al deporte, las artes, el ambiente, la salud, la ciencia y tecnolog\u00eda, la formaci\u00f3n laboral y profesional, la inclusi\u00f3n educativa, la cultura digital, y m\u00e1s disciplinas abiertas a todo p\u00fablico. Durante el a\u00f1o 2024, m\u00e1s de 45.000 vecinos y vecinas participaron de las propuestas y actividades educativas, [&hellip;]<\/p>\n","protected":false},"author":1,"featured_media":160287,"comment_status":"closed","ping_status":"closed","sticky":false,"template":"","format":"standard","meta":[],"categories":[44],"tags":[],"_links":{"self":[{"href":"http:\/\/cordobadirecto.com\/index.php\/wp-json\/wp\/v2\/posts\/160286"}],"collection":[{"href":"http:\/\/cordobadirecto.com\/index.php\/wp-json\/wp\/v2\/posts"}],"about":[{"href":"http:\/\/cordobadirecto.com\/index.php\/wp-json\/wp\/v2\/types\/post"}],"author":[{"embeddable":true,"href":"http:\/\/cordobadirecto.com\/index.php\/wp-json\/wp\/v2\/users\/1"}],"replies":[{"embeddable":true,"href":"http:\/\/cordobadirecto.com\/index.php\/wp-json\/wp\/v2\/comments?post=160286"}],"version-history":[{"count":0,"href":"http:\/\/cordobadirecto.com\/index.php\/wp-json\/wp\/v2\/posts\/160286\/revisions"}],"wp:featuredmedia":[{"embeddable":true,"href":"http:\/\/cordobadirecto.com\/index.php\/wp-json\/wp\/v2\/media\/160287"}],"wp:attachment":[{"href":"http:\/\/cordobadirecto.com\/index.php\/wp-json\/wp\/v2\/media?parent=160286"}],"wp:term":[{"taxonomy":"category","embeddable":true,"href":"http:\/\/cordobadirecto.com\/index.php\/wp-json\/wp\/v2\/categories?post=160286"},{"taxonomy":"post_tag","embeddable":true,"href":"http:\/\/cordobadirecto.com\/index.php\/wp-json\/wp\/v2\/tags?post=160286"}],"curies":[{"name":"wp","href":"https:\/\/api.w.org\/{rel}","templated":true}]}}