{"id":160288,"date":"2024-12-30T12:45:34","date_gmt":"2024-12-30T12:45:34","guid":{"rendered":"https:\/\/cordoba.gob.ar\/?p=65393"},"modified":"2024-12-30T12:45:34","modified_gmt":"2024-12-30T12:45:34","slug":"passerini-inauguro-las-obras-de-recuperacion-de-7000-metros-cuadrados-de-la-plaza-ceferino-namuncura","status":"publish","type":"post","link":"http:\/\/cordobadirecto.com\/index.php\/2024\/12\/30\/passerini-inauguro-las-obras-de-recuperacion-de-7000-metros-cuadrados-de-la-plaza-ceferino-namuncura\/","title":{"rendered":"Passerini inaugur\u00f3 las obras de recuperaci\u00f3n de 7000 metros cuadrados de la plaza Ceferino Namuncur\u00e1"},"content":{"rendered":"<div><img src=\"http:\/\/cordobadirecto.com\/wp-content\/uploads\/2024\/12\/passerini-inauguro-las-obras-de-recuperacion-de-7000-metros-cuadrados-de-la-plaza-ceferino-namuncura.jpg\" class=\"ff-og-image-inserted\"><\/div>\n<ul>\n<li><strong>Juegos inclusivos, equipamiento deportivo, cancha de b\u00e1squet renovada, p\u00e9rgola para actividades culturales, mobiliario urbano, flora y m\u00e1s elementos completan el espacio verde de la zona suroeste de la ciudad.<\/strong><\/li>\n<\/ul>\n<hr>\n<p>Barrio Santa Isabel III Secci\u00f3n ahora tiene una plaza que es el centro deportivo y recreativo de los m\u00e1s de 4.000 vecinos y vecinas que residen en las inmediaciones. El intendente Daniel Passerini junto a la titular del COyS, Ver\u00f3nica Bruera, inauguraron la recuperaci\u00f3n del espacio.<\/p>\n<p>En los 7000 m2 ubicados a metros de Av. Armada Argentina se instal\u00f3 equipamiento de entretenimiento entre los que se destaca el sube y baja, calesita, hamacas, toboganes; as\u00ed como tambi\u00e9n juegos inclusivos para personas con movilidad reducida.<\/p>\n<p>\u00abHa sido un a\u00f1o que a todos nos ha costado mucho llevarlo adelante, pero en C\u00f3rdoba lo hicimos de la mejor manera, trabajando todos juntos\u00bb, afirm\u00f3 el intendente, Daniel Passerini.<\/p>\n<p>\u00abEstamos orgullosos de haber construido esto junto al Centro Vecinal. Esta obra es patrimonio del barrio, de los vecinos y a partir de ahora es un orgullo de todos los cordobeses\u00bb, cerr\u00f3 el mandatario.<\/p>\n<p>Por su parte, la titular del COyS, Ver\u00f3nica Bruera, expres\u00f3: \u00abHemos trabajado todo el a\u00f1o para lograr este objetivo, respondiendo a una serie de requerimientos y solicitudes de los vecinos a trav\u00e9s del centro vecinal, que quer\u00edan que su plaza no solamente estuviera nueva, sino que adem\u00e1s estuviera mucho m\u00e1s linda de lo que hab\u00eda estado antes\u00bb.<\/p>\n<p>Para los que deciden hacer actividad f\u00edsica, cuenta con dos caminadoras simples, barras, juegos de volantes y banco simple para hacer abdominales.<\/p>\n<p>La cancha de b\u00e1squet ya exist\u00eda, pero fue mejorada con nuevos aros y un cerco perimetral, separando el espacio entre los que eligen hacer deporte y los que utilizan la plaza de modo recreativo.<\/p>\n<p>Con el fin de albergar actividades culturales y ferias barriales con participaci\u00f3n comunitaria, se construy\u00f3 una p\u00e9rgola de 140 m2.<\/p>\n<p>La plaza cuenta con un dispositivo que contiene un meg\u00e1fono instalado para reproducir m\u00fasica, y una bocina de alerta para solicitar ayuda r\u00e1pidamente.<\/p>\n<p>Se crearon senderos y \u00e1reas equipadas con bancos y mesas de hormig\u00f3n, invitando a la permanencia; adem\u00e1s de cestos de basura por toda la superficie.<\/p>\n<p>Las estatuas de la plaza fueron puestas en valor, tanto la de la Virgen como la de Ceferino. Tambi\u00e9n se instal\u00f3 un m\u00e1stil de 8 metros de altura para fomentar el encuentro de actos patrios.<\/p>\n<p>En todo el sector verde de incorporaron 710 plantines, entre lavandas, dietes, salvias de varios colores, penisetums y jazmines amarillos. Para su cuidado se instal\u00f3 un sistema de riego por aspersi\u00f3n.<\/p>\n","protected":false},"excerpt":{"rendered":"<p>Juegos inclusivos, equipamiento deportivo, cancha de b\u00e1squet renovada, p\u00e9rgola para actividades culturales, mobiliario urbano, flora y m\u00e1s elementos completan el espacio verde de la zona suroeste de la ciudad. Barrio Santa Isabel III Secci\u00f3n ahora tiene una plaza que es el centro deportivo y recreativo de los m\u00e1s de 4.000 vecinos y vecinas que residen [&hellip;]<\/p>\n","protected":false},"author":1,"featured_media":160289,"comment_status":"closed","ping_status":"closed","sticky":false,"template":"","format":"standard","meta":[],"categories":[44],"tags":[],"_links":{"self":[{"href":"http:\/\/cordobadirecto.com\/index.php\/wp-json\/wp\/v2\/posts\/160288"}],"collection":[{"href":"http:\/\/cordobadirecto.com\/index.php\/wp-json\/wp\/v2\/posts"}],"about":[{"href":"http:\/\/cordobadirecto.com\/index.php\/wp-json\/wp\/v2\/types\/post"}],"author":[{"embeddable":true,"href":"http:\/\/cordobadirecto.com\/index.php\/wp-json\/wp\/v2\/users\/1"}],"replies":[{"embeddable":true,"href":"http:\/\/cordobadirecto.com\/index.php\/wp-json\/wp\/v2\/comments?post=160288"}],"version-history":[{"count":0,"href":"http:\/\/cordobadirecto.com\/index.php\/wp-json\/wp\/v2\/posts\/160288\/revisions"}],"wp:featuredmedia":[{"embeddable":true,"href":"http:\/\/cordobadirecto.com\/index.php\/wp-json\/wp\/v2\/media\/160289"}],"wp:attachment":[{"href":"http:\/\/cordobadirecto.com\/index.php\/wp-json\/wp\/v2\/media?parent=160288"}],"wp:term":[{"taxonomy":"category","embeddable":true,"href":"http:\/\/cordobadirecto.com\/index.php\/wp-json\/wp\/v2\/categories?post=160288"},{"taxonomy":"post_tag","embeddable":true,"href":"http:\/\/cordobadirecto.com\/index.php\/wp-json\/wp\/v2\/tags?post=160288"}],"curies":[{"name":"wp","href":"https:\/\/api.w.org\/{rel}","templated":true}]}}