{"id":160290,"date":"2024-12-30T15:57:24","date_gmt":"2024-12-30T15:57:24","guid":{"rendered":"http:\/\/cordobadirecto.com\/index.php\/2024\/12\/30\/flybondi-aclaro-que-paso-con-el-avion-que-retorno-a-cordoba-cuando-iba-a-bariloche\/"},"modified":"2024-12-30T15:57:24","modified_gmt":"2024-12-30T15:57:24","slug":"flybondi-aclaro-que-paso-con-el-avion-que-retorno-a-cordoba-cuando-iba-a-bariloche","status":"publish","type":"post","link":"http:\/\/cordobadirecto.com\/index.php\/2024\/12\/30\/flybondi-aclaro-que-paso-con-el-avion-que-retorno-a-cordoba-cuando-iba-a-bariloche\/","title":{"rendered":"Flybondi aclar\u00f3 qu\u00e9 pas\u00f3 con el avi\u00f3n que retorn\u00f3 a <b>C\u00f3rdoba<\/b> cuando iba a Bariloche"},"content":{"rendered":"<p>Qu\u00e9 pasar\u00e1 con los vuelos de Flybondi en Navidad y A\u00f1o <b>Nuevo<\/b>: el comunicado oficial de la aerol\u00ednea &#8230; Redacci\u00f3n <b>Econom\u00eda<\/b> Los Andes. hace 1 hora. <\/p>\n","protected":false},"excerpt":{"rendered":"<p>Qu\u00e9 pasar\u00e1 con los vuelos de Flybondi en Navidad y A\u00f1o Nuevo: el comunicado oficial de la aerol\u00ednea &#8230; Redacci\u00f3n Econom\u00eda Los Andes. hace 1 hora.<\/p>\n","protected":false},"author":1,"featured_media":0,"comment_status":"closed","ping_status":"closed","sticky":false,"template":"","format":"standard","meta":[],"categories":[40],"tags":[],"_links":{"self":[{"href":"http:\/\/cordobadirecto.com\/index.php\/wp-json\/wp\/v2\/posts\/160290"}],"collection":[{"href":"http:\/\/cordobadirecto.com\/index.php\/wp-json\/wp\/v2\/posts"}],"about":[{"href":"http:\/\/cordobadirecto.com\/index.php\/wp-json\/wp\/v2\/types\/post"}],"author":[{"embeddable":true,"href":"http:\/\/cordobadirecto.com\/index.php\/wp-json\/wp\/v2\/users\/1"}],"replies":[{"embeddable":true,"href":"http:\/\/cordobadirecto.com\/index.php\/wp-json\/wp\/v2\/comments?post=160290"}],"version-history":[{"count":0,"href":"http:\/\/cordobadirecto.com\/index.php\/wp-json\/wp\/v2\/posts\/160290\/revisions"}],"wp:attachment":[{"href":"http:\/\/cordobadirecto.com\/index.php\/wp-json\/wp\/v2\/media?parent=160290"}],"wp:term":[{"taxonomy":"category","embeddable":true,"href":"http:\/\/cordobadirecto.com\/index.php\/wp-json\/wp\/v2\/categories?post=160290"},{"taxonomy":"post_tag","embeddable":true,"href":"http:\/\/cordobadirecto.com\/index.php\/wp-json\/wp\/v2\/tags?post=160290"}],"curies":[{"name":"wp","href":"https:\/\/api.w.org\/{rel}","templated":true}]}}