{"id":160307,"date":"2024-12-31T03:42:47","date_gmt":"2024-12-31T03:42:47","guid":{"rendered":"https:\/\/www.ole.com.ar\/ascenso\/ascenso-colon-primera-nacional_0_lv4oPq4yqQ.html"},"modified":"2024-12-31T03:42:47","modified_gmt":"2024-12-31T03:42:47","slug":"colon-piensa-en-el-2025-tecnico-primerizo-rearmado-de-plantel-y-el-objetivo-de-ascender","status":"publish","type":"post","link":"http:\/\/cordobadirecto.com\/index.php\/2024\/12\/31\/colon-piensa-en-el-2025-tecnico-primerizo-rearmado-de-plantel-y-el-objetivo-de-ascender\/","title":{"rendered":"Col\u00f3n piensa en el 2025: t\u00e9cnico primerizo, rearmado de plantel y el objetivo de ascender"},"content":{"rendered":"<p><time class=\"createDate\" datetime=\"2024-12-30T18:56:48-03:00\">30\/12\/2024 18:56hs.<\/time><\/p>\n<div id=\"storyBody\">\n<div class=\"custom-text \" readability=\"37.209836065574\">\n<p><a href=\"https:\/\/www.ole.com.ar\/tema\/colon.html\" title=\"Col\u00f3n\" alt=\"Col\u00f3n\" class=\"slug\">Col\u00f3n<\/a> result\u00f3 ser una de las grandes decepciones del 2024, en el que su nivel fue de mayor a menor y termin\u00f3 quedando afuera del <a href=\"https:\/\/www.ole.com.ar\/tema\/primera-nacional.html\" title=\"Primera Nacional\" alt=\"Primera Nacional\" class=\"slug\">Reducido<\/a> por el segundo ascenso en la primera ronda. Por eso,<strong> con el cambio de a\u00f1o, se renuevan las esperanzas, cambian los nombres y las expectativas para lo que se viene.<\/strong><\/p>\n<\/div>\n<div class=\"custom-text \" readability=\"32.152671755725\">\n<p>Y sin dudas que lo que se aproxima no es para nada f\u00e1cil, pero deber\u00e1 encararlo de la mejor manera. A priori, la incertidumbre parece adue\u00f1arse del pueblo. \u00bfLos motivos?<strong> <a href=\"https:\/\/www.ole.com.ar\/ascenso\/ascenso-primera-nacional-ayudante-schelotto-colon_0_OMMKPyMqE1.html\" target=\"_self\" title=\"La llegada de Ariel &quot;Pata&quot; Pereyra, en dupla con Diego Castagno Su\u00e1rez\" alt=\"La llegada de Ariel &quot;Pata&quot; Pereyra, en dupla con Diego Castagno Su\u00e1rez\" rel=\"noopener\">La llegada de Ariel Pata Pereyra, en dupla con Diego Castagno Su\u00e1rez<\/a>, como det\u00e9 <\/strong>(tendr\u00e1 su primera experiencia al mando de un plantel profesional)<strong> y un mercado con pocos movimientos de peso.<\/strong> A barajar y dar de nuevo.<\/p>\n<\/div>\n<div class=\"custom-text \" readability=\"38\">\n<p>En este contexto<strong> es que el plantel rojinegro volvi\u00f3 a las pr\u00e1cticas tras algunas semanas de descanso. Lo hizo con un gran n\u00famero de juveniles entre sus filas y algunas pocas caras que se mantienen del \u00faltimo torneo<\/strong> (Joel So\u00f1ora, Ignacio Lago, Oscar Garrido, Federico Jourdan, entre otros).<\/p>\n<\/div>\n<div class=\"sc-e7b891c4-0 ifHnQL image-embed\"><img alt=\"Col\u00f3n ya est\u00e1 de pretemporada\" loading=\"lazy\" width=\"720\" height=\"100\" decoding=\"async\" data-nimg=\"1\" src=\"http:\/\/cordobadirecto.com\/wp-content\/uploads\/2024\/12\/colon-piensa-en-el-2025-tecnico-primerizo-rearmado-de-plantel-y-el-objetivo-de-ascender.jpg\"><span class=\"epigraphe\">Col\u00f3n ya est\u00e1 de pretemporada<\/span><\/div>\n<p><h2><strong>Los jugadores que realizan la pretemporada<\/strong><\/h2>\n<\/p>\n<div class=\"custom-text \" readability=\"34\">\n<p>\u2022 Arqueros: Lucas Cuffia, Tom\u00e1s Gim\u00e9nez, Tom\u00e1s Paredes.<\/p>\n<\/div>\n<div class=\"custom-text \" readability=\"38\">\n<p>\u2022 Defensores: Nicol\u00e1s Fern\u00e1ndez, Juan Antonini, Lucas Picech, Nicol\u00e1s Utrera, Conrado Ibarra, Zahir Ibarra.<\/p>\n<\/div>\n<div class=\"custom-text \" readability=\"47\">\n<p>\u2022 Mediocampistas: Kevin Colli, Oscar Garrido, Joel So\u00f1ora, Alan Forneris, Lautaro Labori\u00e9, Christian Bernardi, Brian Farioli, Zahir Yunis, Facundo Taborda, Nicol\u00e1s Talpone, Federico Jourdan, Iv\u00e1n Barbona, Agust\u00edn Gim\u00e9nez, Tom\u00e1s Gallay.<\/p>\n<\/div>\n<div class=\"custom-text \" readability=\"35\">\n<p>\u2022 Delanteros: Jos\u00e9 Neris, Ignacio Lago, Iv\u00e1n Ojeda, Genaro Rossi.<\/p>\n<\/div>\n<div class=\"custom-embedhtml\" readability=\"9.7319034852547\">\n<blockquote class=\"twitter-tweet\" readability=\"13.270777479893\">\n<p lang=\"es\" dir=\"ltr\">En el d\u00eda de hoy, el plantel profesional comenz\u00f3 la pretemporada bajo las \u00f3rdenes de Ariel Pereyra y su cuerpo t\u00e9cnico.<\/p>\n<p>Los jugadores con contrato vigente presentes en la pr\u00e1ctica fueron los siguientes:<\/p>\n<p>\u2022 Arqueros:<br \/>Lucas Cuffia, Tom\u00e1s Gim\u00e9nez, Tom\u00e1s Paredes.<\/p>\n<p>\u2022 Defensores:\u2026 <a href=\"https:\/\/t.co\/9BbuLr0w1h\">pic.twitter.com\/9BbuLr0w1h<\/a><\/p>\n<p>\u2014 Club Atl\u00e9tico Col\u00f3n \u2b50 (@ColonOficial) <a href=\"https:\/\/twitter.com\/ColonOficial\/status\/1872768258727612754?ref_src=twsrc%5Etfw\">December 27, 2024<\/a><\/p><\/blockquote><\/div>\n<p><h2><strong>El mercado de pases de Col\u00f3n <\/strong><\/h2>\n<\/p>\n<div class=\"custom-text \" readability=\"40\">\n<p>ALTAS: Marcos D\u00edaz, Gonzalo Bettini, Brian Negro y Nicol\u00e1s Thaller. Adem\u00e1s, negocia por Junior Arias, de \u00faltimo paso por San Mart\u00edn de Tucum\u00e1n, y Nicol\u00e1s S\u00e1nchez, con pasado en Deportivo Madryn.<\/p>\n<\/div>\n<div class=\"sc-e7b891c4-0 ifHnQL image-embed\"><img alt=\"Col\u00f3n cerr\u00f3 a Nicol\u00e1s Thaller (Prensa Col\u00f3n)\" loading=\"lazy\" width=\"720\" height=\"100\" decoding=\"async\" data-nimg=\"1\" src=\"http:\/\/cordobadirecto.com\/wp-content\/uploads\/2024\/12\/colon-piensa-en-el-2025-tecnico-primerizo-rearmado-de-plantel-y-el-objetivo-de-ascender-1.jpg\"><span class=\"epigraphe\">Col\u00f3n cerr\u00f3 a Nicol\u00e1s Thaller (Prensa Col\u00f3n)<\/span><\/div>\n<div class=\"custom-text \" readability=\"44\">\n<p>BAJAS: Paolo Goltz, Axel Rodr\u00edguez, Alexis Sabella, Nicol\u00e1s Delgadillo, Juli\u00e1n Navas, Andrew Teuten, Ezequiel Herrera, Hern\u00e1n Lopes, Edhard Greising, Bruno Juncos (Deportivo Madryn), Javier Toledo (Temperley) y Brian Farioli. <\/p>\n<\/div>\n<p><h2><strong>Un proyecto diferente para el 2025&#8230;<\/strong><\/h2>\n<\/p>\n<div class=\"custom-text \" readability=\"32.628242074928\">\n<p>Despu\u00e9s de un 2024 revolucionado en cuanto a lo deportivo, Col\u00f3n va en busca de un proyecto que se pueda mantener en el largo plazo<strong>. Los pasos de <a href=\"https:\/\/www.ole.com.ar\/tema\/ivan-delfino.html\" title=\"Iv\u00e1n Delfino\" alt=\"Iv\u00e1n Delfino\" class=\"slug\">Iv\u00e1n Delfino<\/a>, <a href=\"https:\/\/www.ole.com.ar\/tema\/rodolfo-de-paoli.html\" title=\"Rodolfo De Paoli\" alt=\"Rodolfo De Paoli\" class=\"slug\">Rodolfo De Paoli<\/a> y <a href=\"https:\/\/www.ole.com.ar\/tema\/diego-osella.html\" title=\"Diego Osella\" alt=\"Diego Osella\" class=\"slug\">Diego Osella<\/a> en la \u00faltima temporada marcaron un precedente de errores que el club no debe sostener<\/strong> de cara al objetivo primordial de volver a la m\u00e1xima categor\u00eda.<\/p>\n<\/div>\n<div class=\"custom-text \" readability=\"43\">\n<p>Incluso, el propio Ariel Pereyra, flamante det\u00e9 del Negro, en su presentaci\u00f3n habl\u00f3 de respetar la historia del club, ser un equipo ofensivo, protagonista y que luche por devolver al conjunto santafesino a la \u00e9lite del f\u00fatbol local. <strong>&#8220;Necesitamos un equipo que proponga. Nosotros formamos parte del proyecto del m\u00e1nager, que tiene de objetivo final ascender, y vamos a intentarlo de todas maneras&#8221;, dijo.<\/strong><\/p>\n<\/div>\n<div class=\"sc-a7166897-0 eoLsBE\" readability=\"6\">\n<section readability=\"2\"><picture><img alt=\"El defensor de Racing pretendido por otro club y con chances de irse\" loading=\"lazy\" width=\"290\" height=\"290\" decoding=\"async\" data-nimg=\"1\" src=\"http:\/\/cordobadirecto.com\/wp-content\/uploads\/2024\/12\/colon-piensa-en-el-2025-tecnico-primerizo-rearmado-de-plantel-y-el-objetivo-de-ascender-2.jpg\"><\/picture>\n<p><span>Mir\u00e1 tambi\u00e9n<\/span><\/p>\n<hr>\n<h3>El defensor de Racing pretendido por otro club y con chances de irse<\/h3>\n<\/p>\n<\/section>\n<\/div>\n<div class=\"sc-a7166897-0 eoLsBE\" readability=\"6\">\n<section readability=\"2\"><picture><img alt=\"Un defensor de San Lorenzo muy cerca de compartir plantel con Messi\" loading=\"lazy\" width=\"290\" height=\"290\" decoding=\"async\" data-nimg=\"1\" src=\"http:\/\/cordobadirecto.com\/wp-content\/uploads\/2024\/12\/colon-piensa-en-el-2025-tecnico-primerizo-rearmado-de-plantel-y-el-objetivo-de-ascender-3.jpg\"><\/picture>\n<p><span>Mir\u00e1 tambi\u00e9n<\/span><\/p>\n<hr>\n<h3>Un defensor de San Lorenzo muy cerca de compartir plantel con Messi<\/h3>\n<\/p>\n<\/section>\n<\/div>\n<\/div>\n","protected":false},"excerpt":{"rendered":"<p>30\/12\/2024 18:56hs. Col\u00f3n result\u00f3 ser una de las grandes decepciones del 2024, en el que su nivel fue de mayor a menor y termin\u00f3 quedando afuera del Reducido por el segundo ascenso en la primera ronda. Por eso, con el cambio de a\u00f1o, se renuevan las esperanzas, cambian los nombres y las expectativas para lo [&hellip;]<\/p>\n","protected":false},"author":1,"featured_media":160308,"comment_status":"closed","ping_status":"closed","sticky":false,"template":"","format":"standard","meta":[],"categories":[21],"tags":[],"_links":{"self":[{"href":"http:\/\/cordobadirecto.com\/index.php\/wp-json\/wp\/v2\/posts\/160307"}],"collection":[{"href":"http:\/\/cordobadirecto.com\/index.php\/wp-json\/wp\/v2\/posts"}],"about":[{"href":"http:\/\/cordobadirecto.com\/index.php\/wp-json\/wp\/v2\/types\/post"}],"author":[{"embeddable":true,"href":"http:\/\/cordobadirecto.com\/index.php\/wp-json\/wp\/v2\/users\/1"}],"replies":[{"embeddable":true,"href":"http:\/\/cordobadirecto.com\/index.php\/wp-json\/wp\/v2\/comments?post=160307"}],"version-history":[{"count":0,"href":"http:\/\/cordobadirecto.com\/index.php\/wp-json\/wp\/v2\/posts\/160307\/revisions"}],"wp:featuredmedia":[{"embeddable":true,"href":"http:\/\/cordobadirecto.com\/index.php\/wp-json\/wp\/v2\/media\/160308"}],"wp:attachment":[{"href":"http:\/\/cordobadirecto.com\/index.php\/wp-json\/wp\/v2\/media?parent=160307"}],"wp:term":[{"taxonomy":"category","embeddable":true,"href":"http:\/\/cordobadirecto.com\/index.php\/wp-json\/wp\/v2\/categories?post=160307"},{"taxonomy":"post_tag","embeddable":true,"href":"http:\/\/cordobadirecto.com\/index.php\/wp-json\/wp\/v2\/tags?post=160307"}],"curies":[{"name":"wp","href":"https:\/\/api.w.org\/{rel}","templated":true}]}}