{"id":160312,"date":"2024-12-30T21:25:32","date_gmt":"2024-12-30T21:25:32","guid":{"rendered":"https:\/\/cordoba.gob.ar\/?p=65406"},"modified":"2024-12-30T21:25:32","modified_gmt":"2024-12-30T21:25:32","slug":"con-sede-propia-el-ente-municipal-de-fiscalizacion-y-control-ya-permite-realizar-multiples-tramites-en-un-solo-lugar-y-agilizar-los-procesos","status":"publish","type":"post","link":"http:\/\/cordobadirecto.com\/index.php\/2024\/12\/30\/con-sede-propia-el-ente-municipal-de-fiscalizacion-y-control-ya-permite-realizar-multiples-tramites-en-un-solo-lugar-y-agilizar-los-procesos\/","title":{"rendered":"Con sede propia, el Ente Municipal de Fiscalizaci\u00f3n y Control ya permite realizar m\u00faltiples tr\u00e1mites en un solo lugar y agilizar los procesos"},"content":{"rendered":"<div><img src=\"http:\/\/cordobadirecto.com\/wp-content\/uploads\/2024\/12\/con-sede-propia-el-ente-municipal-de-fiscalizacion-y-control-ya-permite-realizar-multiples-tramites-en-un-solo-lugar-y-agilizar-los-procesos.jpg\" class=\"ff-og-image-inserted\"><\/div>\n<ul class=\"ak-ul\">\n<li><strong>En sus nuevas oficinas de avenida Col\u00f3n 3550 concentra todas las \u00e1reas de control y brinda una respuesta m\u00e1s r\u00e1pida a los vecinos y vecinas.<\/strong><\/li>\n<li><strong>Atiende de lunes a viernes entre las 7:00 y las 18:00 horas, incluyendo una mesa de consultas presencial.<\/strong><\/li>\n<\/ul>\n<hr>\n<p>Este lunes comenz\u00f3 a operar en sede propia el Ente Municipal de Fiscalizaci\u00f3n y Control (EMFyC), que viene desarrollando su actividad de manera articulada con otras \u00e1reas municipales.<\/p>\n<p>La nueva sede del organismo, creado a fines de febrero de este a\u00f1o por iniciativa del intendente Daniel Passerini, integra las \u00e1reas de control en una sola unidad de decisi\u00f3n, para generar una respuesta m\u00e1s eficaz y din\u00e1mica.<\/p>\n<p>Con sus dependencias agrupadas en un solo lugar, el \u00f3rgano permite concentrar la recepci\u00f3n de la documentaci\u00f3n exigida para habilitaciones y agilizar el proceso de verificaci\u00f3n. A la par se encarga de definir un \u00fanico criterio de condiciones y caracter\u00edsticas de la tarea de fiscalizaci\u00f3n y control.<\/p>\n<p>Se trata de tareas prioritarias para la Municipalidad de C\u00f3rdoba y que ya se desarrollan de manera coordinada con diversas \u00e1reas, que transparentan y profesionalizan los&nbsp;procedimientos a cargo del organismo.<\/p>\n<p>Para facilitar la realizaci\u00f3n de tr\u00e1mites al vecino, el EMFyC atiende de lunes a viernes entre las 7:00 y las 18:00 horas, ofreciendo tambi\u00e9n una mesa de consultas presencial.<\/p>\n<p>En una segunda etapa, se prev\u00e9 ampliar el espacio del Ente Municipal de Fiscalizaci\u00f3n y Control para incorporar a todo el personal que se desempe\u00f1a en las \u00e1reas alcanzadas&nbsp;por el organismo.<\/p>\n<p>Al respecto, el secretario de Gobierno, Fiscalizaci\u00f3n y Control, Rodrigo Fern\u00e1ndez, aclar\u00f3: \u201cLa intenci\u00f3n es vincular la operatoria de los tr\u00e1mites y evitar que los vecinos pasen de oficina en oficina\u201d.<\/p>\n<p>A los servicios tambi\u00e9n se suma la Mesa de Atenci\u00f3n al Vecino, que incorpora nuevas tecnolog\u00edas para una mayor celeridad, seguridad y transparencia en los procesos administrativos. Esto se traduce en tranquilidad, menos demoras y tr\u00e1mites que realizar.<\/p>\n<p>Entre sus tareas, el Ente se encarga de habilitar, autorizar y fiscalizar el funcionamiento de las actividades econ\u00f3micas, con o sin fines de lucro, adem\u00e1s del control integral de la v\u00eda p\u00fablica. De igual manera, revisa el cumplimiento de las condiciones de seguridad e higiene de establecimientos y m\u00f3dulos en actividad.<\/p>\n<p>En el mismo edificio funciona el \u00e1rea de Espect\u00e1culos P\u00fablicos, que da curso a los expedientes que habilitan, autorizan y fiscalizan el funcionamiento de eventos de concurrencia masiva de p\u00fablico, Ferias Francas y Mercados Municipales, por mencionar algunos.<\/p>\n<p><strong>Mejores controles<\/strong><\/p>\n<p>Con la administraci\u00f3n centralizada de la Fiscalizaci\u00f3n y Control Municipal, se continuar\u00e1 con el desarrollo de las competencias plenas del Ente como:<\/p>\n<ul class=\"ak-ul\">\n<li>Colaborar y coordinar con otras \u00e1reas del municipio la autorizaci\u00f3n de establecimientos y m\u00f3dulos o eventos de concurrencia masiva de p\u00fablico.<\/li>\n<li>Elevar a los Tribunales Administrativos Municipales de Faltas las actuaciones en las que se hubieran labrado actas, las cuales garantizar\u00e1n progresivamente la integridad y trazabilidad digital de los datos.<\/li>\n<li>Difundir ampliamente la normativa vigente, mediante campa\u00f1as de concientizaci\u00f3n y estrategias de fiscalizaci\u00f3n.<\/li>\n<li>Evacuar consultas sobre solicitudes de habilitaciones y asistir a los interesados en el proceso administrativo para agilizar la obtenci\u00f3n de los certificados de habilitaci\u00f3n, autorizaciones y\/o permisos.<\/li>\n<li>Fiscalizar y controlar el cumplimiento de la normativa municipal que se establezca conforme a su objeto.<\/li>\n<\/ul>\n<p>De esta manera, el \u00f3rgano podr\u00e1 continuar con sus facultades, establecidas por ordenanza, para:<\/p>\n<ul class=\"ak-ul\">\n<li>Suscribir contratos, acuerdos y\/o compromisos, y celebrar convenios con personas humanas y jur\u00eddicas, entes y organismos p\u00fablicos o privados.<\/li>\n<li>Adquirir y contratar toda clase de bienes y servicios necesarios para el efectivo cumplimiento de su objeto y funciones.<\/li>\n<li>Gestionar, solicitar y adquirir todo tipo de permisos, autorizaciones, licencias.<\/li>\n<li>Administrar y disponer los recursos que asigne el Ejecutivo Municipal.<\/li>\n<li>Convocar al Consejo Consultivo para dictar su reglamento interno de funcionamiento y convocatoria, entre otros.<\/li>\n<\/ul>\n<p><strong>Un paso hacia una ciudad m\u00e1s moderna<\/strong><\/p>\n<p>El EMFyC simboliza el compromiso de la Municipalidad de C\u00f3rdoba con el desarrollo econ\u00f3mico y la mejora de la calidad de vida de los cordobeses. Seg\u00fan lo expres\u00f3 el intendente Daniel Passerini, esta iniciativa busca fortalecer una ciudad moderna, eficiente y orientada a las necesidades de sus ciudadanos.<\/p>\n<p>Con la inauguraci\u00f3n de las nuevas oficinas, C\u00f3rdoba se posiciona como un modelo de gesti\u00f3n innovadora que promueve la formalizaci\u00f3n y el crecimiento econ\u00f3mico.<\/p>\n","protected":false},"excerpt":{"rendered":"<p>En sus nuevas oficinas de avenida Col\u00f3n 3550 concentra todas las \u00e1reas de control y brinda una respuesta m\u00e1s r\u00e1pida a los vecinos y vecinas. Atiende de lunes a viernes entre las 7:00 y las 18:00 horas, incluyendo una mesa de consultas presencial. Este lunes comenz\u00f3 a operar en sede propia el Ente Municipal de [&hellip;]<\/p>\n","protected":false},"author":1,"featured_media":160313,"comment_status":"closed","ping_status":"closed","sticky":false,"template":"","format":"standard","meta":[],"categories":[44],"tags":[],"_links":{"self":[{"href":"http:\/\/cordobadirecto.com\/index.php\/wp-json\/wp\/v2\/posts\/160312"}],"collection":[{"href":"http:\/\/cordobadirecto.com\/index.php\/wp-json\/wp\/v2\/posts"}],"about":[{"href":"http:\/\/cordobadirecto.com\/index.php\/wp-json\/wp\/v2\/types\/post"}],"author":[{"embeddable":true,"href":"http:\/\/cordobadirecto.com\/index.php\/wp-json\/wp\/v2\/users\/1"}],"replies":[{"embeddable":true,"href":"http:\/\/cordobadirecto.com\/index.php\/wp-json\/wp\/v2\/comments?post=160312"}],"version-history":[{"count":0,"href":"http:\/\/cordobadirecto.com\/index.php\/wp-json\/wp\/v2\/posts\/160312\/revisions"}],"wp:featuredmedia":[{"embeddable":true,"href":"http:\/\/cordobadirecto.com\/index.php\/wp-json\/wp\/v2\/media\/160313"}],"wp:attachment":[{"href":"http:\/\/cordobadirecto.com\/index.php\/wp-json\/wp\/v2\/media?parent=160312"}],"wp:term":[{"taxonomy":"category","embeddable":true,"href":"http:\/\/cordobadirecto.com\/index.php\/wp-json\/wp\/v2\/categories?post=160312"},{"taxonomy":"post_tag","embeddable":true,"href":"http:\/\/cordobadirecto.com\/index.php\/wp-json\/wp\/v2\/tags?post=160312"}],"curies":[{"name":"wp","href":"https:\/\/api.w.org\/{rel}","templated":true}]}}