{"id":160321,"date":"2024-12-31T16:43:39","date_gmt":"2024-12-31T16:43:39","guid":{"rendered":"https:\/\/cordoba.gob.ar\/?p=65399"},"modified":"2024-12-31T16:43:39","modified_gmt":"2024-12-31T16:43:39","slug":"passerini-compartio-un-almuerzo-en-nuestra-casa-el-espacio-de-acompanamiento-para-personas-que-estuvieron-en-situacion-de-calle","status":"publish","type":"post","link":"http:\/\/cordobadirecto.com\/index.php\/2024\/12\/31\/passerini-compartio-un-almuerzo-en-nuestra-casa-el-espacio-de-acompanamiento-para-personas-que-estuvieron-en-situacion-de-calle\/","title":{"rendered":"Passerini comparti\u00f3 un almuerzo en \u201cNuestra Casa\u201d, el espacio de acompa\u00f1amiento para personas que estuvieron en situaci\u00f3n de calle"},"content":{"rendered":"<div><img src=\"http:\/\/cordobadirecto.com\/wp-content\/uploads\/2024\/12\/passerini-compartio-un-almuerzo-en-nuestra-casa-el-espacio-de-acompanamiento-para-personas-que-estuvieron-en-situacion-de-calle.jpg\" class=\"ff-og-image-inserted\"><\/div>\n<p>El intendente de la ciudad de C\u00f3rdoba, Daniel Passerini, comparti\u00f3 un almuerzo en \u201cNuestra Casa\u201d, el espacio municipal creado para acompa\u00f1ar y alojar espec\u00edficamente a quienes han transitado etapas anteriores del Programa para Personas en Situaci\u00f3n de Calle y que llegan con una perspectiva concreta de revinculaci\u00f3n a la vida social, laboral y afectiva.<\/p>\n<p>El dispositivo es de primera categor\u00eda: es un lugar de \u201cpre-egreso\u201d, ideado a partir de tratados y legislaciones en materia de protecci\u00f3n de los derechos de las personas.<\/p>\n<p><em>\u201cAqu\u00ed hay un programa de trabajo en donde todos somos tratados como personas. Para nosotros, a diferencia de lo que se dice hoy en la pol\u00edtica nacional, no importan los n\u00fameros: nos importa la gente\u201d<\/em>, se\u00f1al\u00f3 el intendente durante el almuerzo de fin de a\u00f1o.<\/p>\n<p><em>\u201cQue la experiencia de ustedes, que est\u00e1 plasmada ac\u00e1, sea una gu\u00eda en el camino para los que van a entrar. Necesitamos que le digan a los que la est\u00e1n pasando mal que ac\u00e1 hay un lugar lleno de gente linda, de gente buena y que ustedes son parte de la soluci\u00f3n\u201d<\/em>, a\u00f1adi\u00f3 Passerini, dirigi\u00e9ndose a las personas alojadas en Nuestra Casa.<\/p>\n<p>Finalmente, el mandatario local anhel\u00f3: \u201cQue tengamos un feliz a\u00f1o nuevo, que el a\u00f1o que viene nos encuentre trabajando juntos en comunidad, con mucha salud, en paz; siempre con la mano abierta y no con el pu\u00f1o cerrado\u201d.<\/p>\n<p>Durante este a\u00f1o, 74 personas pasaron por \u00abNuestra Casa\u00bb, 22 contin\u00faan alojados actualmente, 40 egresaron y se encuentran viviendo de manera aut\u00f3noma y mientras que otros 12 quedaron fuera del programa por derivaciones o motu propio.<\/p>\n<p>En cada caso, se hace un abordaje integral de cada una de estas personas con alojamiento, alimentaci\u00f3n, controles sanitarios, tratamientos espec\u00edficos para quienes tienen alg\u00fan tipo de consumo problem\u00e1tico de sustancias.<\/p>\n<p>El trabajo realizado desde \u00abNuestra Casa\u00bb por el equipo t\u00e9cnico interdisciplinario se desarrolla en tres etapas principales: la adaptaci\u00f3n al dispositivo, la identificaci\u00f3n y abordaje de problem\u00e1ticas y, finalmente, el egreso.<\/p>\n<p>Este abordaje incluye gesti\u00f3n y articulaci\u00f3n en documentaci\u00f3n personal, inserci\u00f3n laboral y acceso a servicios de salud, as\u00ed como tambi\u00e9n acompa\u00f1amiento psicosocial, que abarca intervenciones en la convivencia diaria, contenci\u00f3n emocional y seguimiento individualizado.<\/p>\n<p>En este espacio se trabaja de manera colaborativa con instituciones para la plena reintegraci\u00f3n social: la Direcci\u00f3n de Especialidades M\u00e9dicas Oeste, el Centro Asistencial C\u00f3rdoba, Lazos, Tramas, el Hospital Neuropsiqui\u00e1trico Provincial, el Programa Aprendo, la Residencia Municipal de Larga Estad\u00eda para Adultos Mayores Padre La Monaca, Peque\u00f1a Residencia, el Hogar El Buen Samaritano, el Hogar \u00abCasa F\u00e9lix\u00bb, el Centro de D\u00eda Mar\u00eda Justa Fragueiro de Moyano, la Fundaci\u00f3n Forjar, el Instituto Pichon Rivi\u00e8re y la Secretar\u00eda de Extensi\u00f3n de la Facultad de Odontolog\u00eda de la UNC.<\/p>\n<p>Por su parte, Victor, egresado de Nuestra Casa, afirma: \u201c<em>He estado aproximadamente unos 8 meses alojado. Despu\u00e9s de un a\u00f1o de haber egresado como siempre les agradezco cada vez que tengo la oportunidad de hacerlo. Gracias a ustedes decid\u00ed estudiar programaci\u00f3n y eso me llev\u00f3 a a estar como pasante en Telecom, en las Torres Gamas\u201d.<\/em><\/p>\n<p><em>\u201cEl paso por ac\u00e1 me ayud\u00f3 a tener un ingreso y una fuente de ahorro, la que ha decidido hacer un curso de log\u00edstica y prevenci\u00f3n. Hoy estoy a cargo de la seguridad del circo de Flavio Mendoza que para mi es un orgullo y todo eso tambi\u00e9n se lo debo parte al equipo\u201d<\/em>.<\/p>\n","protected":false},"excerpt":{"rendered":"<p>El intendente de la ciudad de C\u00f3rdoba, Daniel Passerini, comparti\u00f3 un almuerzo en \u201cNuestra Casa\u201d, el espacio municipal creado para acompa\u00f1ar y alojar espec\u00edficamente a quienes han transitado etapas anteriores del Programa para Personas en Situaci\u00f3n de Calle y que llegan con una perspectiva concreta de revinculaci\u00f3n a la vida social, laboral y afectiva. El [&hellip;]<\/p>\n","protected":false},"author":1,"featured_media":160322,"comment_status":"closed","ping_status":"closed","sticky":false,"template":"","format":"standard","meta":[],"categories":[44],"tags":[],"_links":{"self":[{"href":"http:\/\/cordobadirecto.com\/index.php\/wp-json\/wp\/v2\/posts\/160321"}],"collection":[{"href":"http:\/\/cordobadirecto.com\/index.php\/wp-json\/wp\/v2\/posts"}],"about":[{"href":"http:\/\/cordobadirecto.com\/index.php\/wp-json\/wp\/v2\/types\/post"}],"author":[{"embeddable":true,"href":"http:\/\/cordobadirecto.com\/index.php\/wp-json\/wp\/v2\/users\/1"}],"replies":[{"embeddable":true,"href":"http:\/\/cordobadirecto.com\/index.php\/wp-json\/wp\/v2\/comments?post=160321"}],"version-history":[{"count":0,"href":"http:\/\/cordobadirecto.com\/index.php\/wp-json\/wp\/v2\/posts\/160321\/revisions"}],"wp:featuredmedia":[{"embeddable":true,"href":"http:\/\/cordobadirecto.com\/index.php\/wp-json\/wp\/v2\/media\/160322"}],"wp:attachment":[{"href":"http:\/\/cordobadirecto.com\/index.php\/wp-json\/wp\/v2\/media?parent=160321"}],"wp:term":[{"taxonomy":"category","embeddable":true,"href":"http:\/\/cordobadirecto.com\/index.php\/wp-json\/wp\/v2\/categories?post=160321"},{"taxonomy":"post_tag","embeddable":true,"href":"http:\/\/cordobadirecto.com\/index.php\/wp-json\/wp\/v2\/tags?post=160321"}],"curies":[{"name":"wp","href":"https:\/\/api.w.org\/{rel}","templated":true}]}}