{"id":160345,"date":"2024-12-31T16:57:45","date_gmt":"2024-12-31T16:57:45","guid":{"rendered":"https:\/\/www.ole.com.ar\/autos\/lamento-argentina-rally-dakar-2025-cuatriciclos-quads-argentinos_0_abDxykrKGZ.html"},"modified":"2024-12-31T16:57:45","modified_gmt":"2024-12-31T16:57:45","slug":"el-lamento-de-argentina-de-cara-al-rally-dakar-2025","status":"publish","type":"post","link":"http:\/\/cordobadirecto.com\/index.php\/2024\/12\/31\/el-lamento-de-argentina-de-cara-al-rally-dakar-2025\/","title":{"rendered":"El lamento de Argentina de cara al Rally Dakar 2025"},"content":{"rendered":"<p><time class=\"createDate\" datetime=\"2024-12-31T13:57:45-03:00\">31\/12\/2024 13:57hs.<\/time><\/p>\n<div id=\"storyBody\">\n<div class=\"custom-text \" readability=\"34.190582959641\">\n<p>Falta muy poco para que se largue el <strong>Rally Dakar 2025<\/strong>, que se disputar\u00e1 entre el 3 y el 17 de enero y <a href=\"https:\/\/www.ole.com.ar\/autos\/rally-dakar-2025-arabia-saudita-pilotos-argentinos-participantes_0_mair894Xl4.html\" target=\"_self\" title=\"contar\u00e1 con 29 argentinos -entre pilotos y navegantes-\" alt=\"contar\u00e1 con 29 argentinos -entre pilotos y navegantes-\" rel=\"noopener\">contar\u00e1 con 29 argentinos -entre pilotos y navegantes-<\/a> buscando la gloria en Arabia Saudita. <strong>Puede que esta edici\u00f3n resulte algo m\u00e1s complicada para los albicelestes<\/strong>, acostumbrados a luchar por victorias (no por nada es el cuarto pa\u00eds m\u00e1s ganador, lugar que comparte con Italia), <strong>ya que hubo una modificaci\u00f3n que podr\u00eda perjudicarlos&#8230;<\/strong><\/p>\n<\/div>\n<div class=\"custom-text \" readability=\"46\">\n<p><strong>De los 10 triunfos que cosech\u00f3 la delegaci\u00f3n, 8 fueron en quads<\/strong>, una de las especialidades m\u00e1s nuevas y en las que la superioridad fue absoluta: hubo 16 ediciones, empezando por la del 2009 en la que result\u00f3 vencedor el checo Josef Machacek, <strong>y el 50% de las victorias fueron para Argentina (en total, 22 podios)<\/strong>. Los ganadores fueron Marcos Patronelli, en tres oportunidades; su hermano Alejandro, en dos; Manuel And\u00fajar, con otras dos coronas -es el \u00faltimo campe\u00f3n-, y Nicol\u00e1s Cavigliasso, con un trofeo. Con semejante historial, <strong>es una l\u00e1stima que deje de haber cuatriciclos a partir del pr\u00f3ximo Dakar.<\/strong><\/p>\n<\/div>\n<div class=\"sc-e7b891c4-0 ifHnQL image-embed\"><img alt=\"And\u00fajar es el \u00faltimo campe\u00f3n en quads. (REUTERS\/Hamad I Mohammed)\" loading=\"lazy\" width=\"720\" height=\"100\" decoding=\"async\" data-nimg=\"1\" src=\"http:\/\/cordobadirecto.com\/wp-content\/uploads\/2025\/01\/el-lamento-de-argentina-de-cara-al-rally-dakar-2025.jpg\"><span class=\"epigraphe\">And\u00fajar es el \u00faltimo campe\u00f3n en quads. (REUTERS\/Hamad I Mohammed)<\/span><\/div>\n<div class=\"custom-text \" readability=\"43\">\n<p><strong>David Castera<\/strong>, director del evento, explic\u00f3 por qu\u00e9 se tom\u00f3 la decisi\u00f3n de cesar la categor\u00eda quads: &#8220;Tenemos muchas, muchas demandas de competidores y queremos concentrarnos m\u00e1s en las motos. Tenemos pocos quads ahora, <strong>no hay constructor para estar detr\u00e1s de todos los competidores y por eso lo vamos a parar por el momento<\/strong>&#8220;. De todos modos, estos veh\u00edculos de cuatro ruedas seguir\u00e1n estando en otras rallies de resistencia, pero en \u00e9ste, el m\u00e1s especial de todos, <strong>los argentinos no tendr\u00e1n m\u00e1s remedio que cambiar de rubro.<\/strong><\/p>\n<\/div>\n<p><h2><strong>And\u00fajar, de campe\u00f3n en quads a competir en Side by Side<\/strong><\/h2>\n<\/p>\n<div class=\"custom-text \" readability=\"36.047535211268\">\n<p>Es el caso de Manu And\u00fajar, quien ten\u00eda ganas de ir por el tricampeonato y debi\u00f3 acoplarse para seguir compitiendo en el Dakar. <strong>El oriundo de Lobos correr\u00e1 en Side by Side y <a href=\"https:\/\/www.ole.com.ar\/autos\/manuel-andujar-preparacion-rally-dakar-2025-entrevista_0_tjS2y9FYPV.html\" target=\"_self\" title=\"le cont\u00f3 a Ol\u00e9 qu\u00e9 diferencias encontr\u00f3\" alt=\"le cont\u00f3 a Ol\u00e9 qu\u00e9 diferencias encontr\u00f3\" rel=\"noopener\">le cont\u00f3 a Ol\u00e9 qu\u00e9 diferencias encontr\u00f3<\/a><\/strong>: &#8220;La categor\u00eda en s\u00ed es muy distinta. Las de cuatri o moto implican mucho esfuerzo f\u00edsico y esta que ya es m\u00e1s de automovilismo, tambi\u00e9n. <strong>Pero las UTV tienen algo m\u00e1s mental, un trabajo m\u00e1s de cabeza<\/strong>. Porque las etapas son mucho m\u00e1s r\u00e1pidas, entonces ten\u00e9s que estar m\u00e1s enfocado y bien prolijo en el momento de la toma de decisiones&#8221;.<\/p>\n<\/div>\n<div class=\"custom-text \" readability=\"38.107221006565\">\n<p>Como \u00e9l, con pasado en los quads y actualidad en autos, hay varios. <strong>Cavigliasso<\/strong>, campe\u00f3n en 2019, volver\u00e1 a competir en la categor\u00eda challenger junto a su esposa, <a href=\"https:\/\/www.ole.com.ar\/autos\/valentina-pertegarini-argentina-premiada-gala-fia-rally-dakar_0_UVDRm9voGV.html\" target=\"_self\" title=\"Valentina Pertegarini, quien fue premiada en la \u00faltima gala de la FIA\" alt=\"Valentina Pertegarini, quien fue premiada en la \u00faltima gala de la FIA\" rel=\"noopener\">Valentina Pertegarini, quien fue premiada en la \u00faltima gala de la FIA<\/a>. Adem\u00e1s, <strong>Pablo Copetti<\/strong>, bronce en tres oportunidades (una con la bandera argentina y dos con la estadounidense), correr\u00e1 en Side by Side al igual que And\u00fajar. <strong>Si no hay quads, que los Touareg lleguen por otro lado&#8230;<\/strong><\/p>\n<\/div>\n<div class=\"sc-e7b891c4-0 ifHnQL image-embed\"><img alt=\"Los hermanos Patronelli hicieron historia en el Dakar. (Daniel C\u00e1ceres)\" loading=\"lazy\" width=\"720\" height=\"100\" decoding=\"async\" data-nimg=\"1\" src=\"http:\/\/cordobadirecto.com\/wp-content\/uploads\/2025\/01\/el-lamento-de-argentina-de-cara-al-rally-dakar-2025-1.jpg\"><span class=\"epigraphe\">Los hermanos Patronelli hicieron historia en el Dakar. (Daniel C\u00e1ceres)<\/span><\/div>\n<div class=\"sc-a7166897-0 eoLsBE\" readability=\"6\">\n<section readability=\"2\"><picture><img alt=\"Todos los argentinos que correr\u00e1n el Rally Dakar 2025\" loading=\"lazy\" width=\"290\" height=\"290\" decoding=\"async\" data-nimg=\"1\" src=\"http:\/\/cordobadirecto.com\/wp-content\/uploads\/2025\/01\/el-lamento-de-argentina-de-cara-al-rally-dakar-2025-2.jpg\"><\/picture>\n<p><span>Mir\u00e1 tambi\u00e9n<\/span><\/p>\n<hr>\n<h3>Todos los argentinos que correr\u00e1n el Rally Dakar 2025<\/h3>\n<\/p>\n<\/section>\n<\/div>\n<div class=\"sc-a7166897-0 eoLsBE\" readability=\"7\">\n<section readability=\"4\"><picture><img alt=\"Manuel And\u00fajar, con Ol\u00e9: del nuevo desaf\u00edo en el Rally Dakar a su charla bostera con Colapinto\" loading=\"lazy\" width=\"290\" height=\"290\" decoding=\"async\" data-nimg=\"1\" src=\"http:\/\/cordobadirecto.com\/wp-content\/uploads\/2025\/01\/el-lamento-de-argentina-de-cara-al-rally-dakar-2025-3.jpg\"><\/picture>\n<p><span>Mir\u00e1 tambi\u00e9n<\/span><\/p>\n<hr>\n<h3>Manuel And\u00fajar, con Ol\u00e9: del nuevo desaf\u00edo en el Rally Dakar a su charla bostera con Colapinto<\/h3>\n<\/p>\n<\/section>\n<\/div>\n<div class=\"sc-a7166897-0 eoLsBE\" readability=\"6\">\n<section readability=\"2\"><picture><img alt=\"Kevin y Luciano Benavides: del 2024 a los golpes a c\u00f3mo encaran el Dakar 2025\" loading=\"lazy\" width=\"290\" height=\"290\" decoding=\"async\" data-nimg=\"1\" src=\"http:\/\/cordobadirecto.com\/wp-content\/uploads\/2025\/01\/el-lamento-de-argentina-de-cara-al-rally-dakar-2025-4.jpg\"><\/picture>\n<p><span>Mir\u00e1 tambi\u00e9n<\/span><\/p>\n<hr>\n<h3>Kevin y Luciano Benavides: del 2024 a los golpes a c\u00f3mo encaran el Dakar 2025<\/h3>\n<\/p>\n<\/section>\n<\/div>\n<div class=\"sc-a7166897-0 eoLsBE\" readability=\"6\">\n<section readability=\"2\"><picture><img alt=\"Qui\u00e9n es la argentina que fue premiada en la gala de la FIA\" loading=\"lazy\" width=\"290\" height=\"290\" decoding=\"async\" data-nimg=\"1\" src=\"http:\/\/cordobadirecto.com\/wp-content\/uploads\/2025\/01\/el-lamento-de-argentina-de-cara-al-rally-dakar-2025-5.jpg\"><\/picture>\n<p><span>Mir\u00e1 tambi\u00e9n<\/span><\/p>\n<hr>\n<h3>Qui\u00e9n es la argentina que fue premiada en la gala de la FIA<\/h3>\n<\/p>\n<\/section>\n<\/div>\n<\/div>\n","protected":false},"excerpt":{"rendered":"<p>31\/12\/2024 13:57hs. Falta muy poco para que se largue el Rally Dakar 2025, que se disputar\u00e1 entre el 3 y el 17 de enero y contar\u00e1 con 29 argentinos -entre pilotos y navegantes- buscando la gloria en Arabia Saudita. Puede que esta edici\u00f3n resulte algo m\u00e1s complicada para los albicelestes, acostumbrados a luchar por victorias [&hellip;]<\/p>\n","protected":false},"author":1,"featured_media":160346,"comment_status":"closed","ping_status":"closed","sticky":false,"template":"","format":"standard","meta":[],"categories":[21],"tags":[],"_links":{"self":[{"href":"http:\/\/cordobadirecto.com\/index.php\/wp-json\/wp\/v2\/posts\/160345"}],"collection":[{"href":"http:\/\/cordobadirecto.com\/index.php\/wp-json\/wp\/v2\/posts"}],"about":[{"href":"http:\/\/cordobadirecto.com\/index.php\/wp-json\/wp\/v2\/types\/post"}],"author":[{"embeddable":true,"href":"http:\/\/cordobadirecto.com\/index.php\/wp-json\/wp\/v2\/users\/1"}],"replies":[{"embeddable":true,"href":"http:\/\/cordobadirecto.com\/index.php\/wp-json\/wp\/v2\/comments?post=160345"}],"version-history":[{"count":0,"href":"http:\/\/cordobadirecto.com\/index.php\/wp-json\/wp\/v2\/posts\/160345\/revisions"}],"wp:featuredmedia":[{"embeddable":true,"href":"http:\/\/cordobadirecto.com\/index.php\/wp-json\/wp\/v2\/media\/160346"}],"wp:attachment":[{"href":"http:\/\/cordobadirecto.com\/index.php\/wp-json\/wp\/v2\/media?parent=160345"}],"wp:term":[{"taxonomy":"category","embeddable":true,"href":"http:\/\/cordobadirecto.com\/index.php\/wp-json\/wp\/v2\/categories?post=160345"},{"taxonomy":"post_tag","embeddable":true,"href":"http:\/\/cordobadirecto.com\/index.php\/wp-json\/wp\/v2\/tags?post=160345"}],"curies":[{"name":"wp","href":"https:\/\/api.w.org\/{rel}","templated":true}]}}