{"id":160347,"date":"2024-12-31T15:37:29","date_gmt":"2024-12-31T15:37:29","guid":{"rendered":"https:\/\/www.ole.com.ar\/autos\/rally-dakar-2025-arabia-saudita-pilotos-argentinos-participantes_0_mair894Xl4.html"},"modified":"2024-12-31T15:37:29","modified_gmt":"2024-12-31T15:37:29","slug":"todos-los-argentinos-que-correran-el-rally-dakar-2025","status":"publish","type":"post","link":"http:\/\/cordobadirecto.com\/index.php\/2024\/12\/31\/todos-los-argentinos-que-correran-el-rally-dakar-2025\/","title":{"rendered":"Todos los argentinos que correr\u00e1n el Rally Dakar 2025"},"content":{"rendered":"<p><span class=\"createDate\">31\/12\/2024 12:37hs.<\/span><time class=\"modificatedDate\" datetime=\"2024-12-31T14:08:28-03:00\"> Actualizado al 31\/12\/2024 14:08hs.<\/time><\/p>\n<div id=\"storyBody\">\n<div class=\"custom-text \" readability=\"38.104384133612\">\n<p>El <strong>desierto saudita<\/strong> ser\u00e1 el escenario para uno de los desaf\u00edos automovil\u00edsticos m\u00e1s duros del planeta, y las dunas, subidas y bajadas, al igual que los impredecibles obst\u00e1culos que aparecer\u00e1n en la ruta, los principales enemigos para aquellos corajudos que se atrevan a intentar domar al feroz terreno. Una nueva edici\u00f3n del <strong><a href=\"https:\/\/www.ole.com.ar\/tema\/rally-dakar.html\" title=\"Rally Dakar\" alt=\"Rally Dakar\" class=\"slug\">Rally Dakar<\/a><\/strong> est\u00e1 a la vuelta de la esquina <strong>y ya se conoce<\/strong> <strong>qui\u00e9nes son los pilotos y navegantes argentinos<\/strong> que conducir\u00e1n bajo estas condiciones.<\/p>\n<\/div>\n<div class=\"custom-text \" readability=\"30.05750798722\">\n<p><a href=\"https:\/\/www.ole.com.ar\/autos\/rally-dakar-2025-arabia-saudita_0_XkidjKZDQs.html\" target=\"_self\" title=\"El certamen se llevar\u00e1 a cabo entre el 3 y el 17 de enero del 2025 y constar\u00e1 de 12 etapas\" alt=\"El certamen se llevar\u00e1 a cabo entre el 3 y el 17 de enero del 2025 y constar\u00e1 de 12 etapas\" rel=\"noopener\">El certamen se llevar\u00e1 a cabo entre el <\/a><strong><a href=\"https:\/\/www.ole.com.ar\/autos\/rally-dakar-2025-arabia-saudita_0_XkidjKZDQs.html\" target=\"_self\" title=\"El certamen se llevar\u00e1 a cabo entre el 3 y el 17 de enero del 2025 y constar\u00e1 de 12 etapas\" alt=\"El certamen se llevar\u00e1 a cabo entre el 3 y el 17 de enero del 2025 y constar\u00e1 de 12 etapas\" rel=\"noopener\">3 y el 17 de enero del 2025<\/a><\/strong><a href=\"https:\/\/www.ole.com.ar\/autos\/rally-dakar-2025-arabia-saudita_0_XkidjKZDQs.html\" target=\"_self\" title=\"El certamen se llevar\u00e1 a cabo entre el 3 y el 17 de enero del 2025 y constar\u00e1 de 12 etapas\" alt=\"El certamen se llevar\u00e1 a cabo entre el 3 y el 17 de enero del 2025 y constar\u00e1 de 12 etapas\" rel=\"noopener\"> y constar\u00e1 de <\/a><strong><a href=\"https:\/\/www.ole.com.ar\/autos\/rally-dakar-2025-arabia-saudita_0_XkidjKZDQs.html\" target=\"_self\" title=\"El certamen se llevar\u00e1 a cabo entre el 3 y el 17 de enero del 2025 y constar\u00e1 de 12 etapas\" alt=\"El certamen se llevar\u00e1 a cabo entre el 3 y el 17 de enero del 2025 y constar\u00e1 de 12 etapas\" rel=\"noopener\">12 etapas<\/a><\/strong>. Las ciudades que forman parte del recorrido son: <strong>Bisha<\/strong>, <strong>Al-Henakiyah<\/strong>, <strong>Al-ula<\/strong>, <strong>Hail <\/strong>(all\u00ed se realizar\u00e1 una pausa de un d\u00eda), <strong>Ad Dawadimi<\/strong>, <strong>Riyad<\/strong>, <strong>Haradh <\/strong>y <strong>Shubaytah<\/strong>. En total, ser\u00e1n <strong>7.805 kil\u00f3metros<\/strong> de pura emoci\u00f3n.<\/p>\n<\/div>\n<div class=\"sc-e7b891c4-0 ifHnQL image-embed\"><img alt=\"Kevin y Luciano Benavides ir\u00e1n por la gloria en suelo saudita.\" loading=\"lazy\" width=\"720\" height=\"100\" decoding=\"async\" data-nimg=\"1\" src=\"http:\/\/cordobadirecto.com\/wp-content\/uploads\/2025\/01\/todos-los-argentinos-que-correran-el-rally-dakar-2025.jpg\"><span class=\"epigraphe\">Kevin y Luciano Benavides ir\u00e1n por la gloria en suelo saudita.<\/span><\/div>\n<p><h2><strong>Todos los pilotos y navegantes argentinos en el Dakar 2025<\/strong><\/h2>\n<\/p>\n<p><h3><strong>Motos<\/strong><\/h3>\n<\/p>\n<div class=\"custom-text \">\n<ul>\n<li><strong>Kevin Benavides<\/strong> &#8211; Piloto de KTM<\/li>\n<li><strong>Luciano Benavides<\/strong> &#8211; Piloto de KTM<\/li>\n<li><strong>Juan Santiago Rostan<\/strong> &#8211; Piloto de Husqvarna<\/li>\n<li><strong>Benjam\u00edn Pascual<\/strong> &#8211; Piloto de Segway (el\u00e9ctrica)<\/li>\n<\/ul>\n<\/div>\n<p><h3><strong>Autos<\/strong><\/h3>\n<\/p>\n<div class=\"custom-text \">\n<ul>\n<li><strong>Juan Cruz Yacopini<\/strong> &#8211; Piloto de Toyota<\/li>\n<li><strong>Daniel Oliveras<\/strong> &#8211; Navegante de Yacopini<\/li>\n<\/ul>\n<\/div>\n<div class=\"sc-e7b891c4-0 ifHnQL image-embed\"><img alt=\"Yacopini ser\u00e1 el \u00fanico representante argentino en la categor\u00eda Ultimate, donde se enfrentar\u00e1n los veh\u00edculos m\u00e1s potentes. (EFE)\" loading=\"lazy\" width=\"720\" height=\"100\" decoding=\"async\" data-nimg=\"1\" src=\"http:\/\/cordobadirecto.com\/wp-content\/uploads\/2025\/01\/todos-los-argentinos-que-correran-el-rally-dakar-2025-1.jpg\"><span class=\"epigraphe\">Yacopini ser\u00e1 el \u00fanico representante argentino en la categor\u00eda Ultimate, donde se enfrentar\u00e1n los veh\u00edculos m\u00e1s potentes. (EFE)<\/span><\/div>\n<p><h3><strong>Challenger<\/strong><\/h3>\n<\/p>\n<div class=\"custom-text \">\n<ul>\n<li><strong>Nicol\u00e1s Cavigliasso<\/strong> &#8211; Piloto de Taurus<\/li>\n<li><strong>Valentina Pertegarini<\/strong> &#8211; Navegante de Cavigliasso, su esposo<\/li>\n<li><strong>David Zille<\/strong> &#8211; Piloto de Taurus<\/li>\n<li><strong>Sebasti\u00e1n Cesana<\/strong> &#8211; Navegante de Zille<\/li>\n<li><strong>Lisandro Sisterna<\/strong> &#8211; Navegante del espa\u00f1ol Pau Navarro<\/li>\n<li><strong>Facundo Jat\u00f3n<\/strong> &#8211; Navegante del espa\u00f1ol Xavier Foj<\/li>\n<li><strong>Gast\u00f3n Mattarucco<\/strong> &#8211; Navegante del colombiano Javier Velez<\/li>\n<li><strong>Bruno Jacomy <\/strong>&#8211; Navegante del qatar\u00ed Khalifa Al- Attiyah<\/li>\n<li><strong>Augusto Sanz<\/strong> &#8211; Navegante del qatar\u00ed Ahmed Alkuwari Fahad<\/li>\n<\/ul>\n<\/div>\n<p><h3><strong>Side by Side<\/strong><\/h3>\n<\/p>\n<div class=\"custom-text \">\n<ul>\n<li><strong>Manuel And\u00fajar<\/strong> &#8211; Piloto de CanAM<\/li>\n<li><strong>Bernardo Graue<\/strong> &#8211; Navegante de And\u00fajar<\/li>\n<li><strong>Jerem\u00edas Gonz\u00e1lez Ferioli<\/strong> &#8211; Piloto de CanAM<\/li>\n<li><strong>Pedro Gonzalo Rinaldi<\/strong> &#8211; Piloto de CanAM<\/li>\n<li><strong>Diego Mart\u00ednez<\/strong> &#8211; Piloto de CanAM<\/li>\n<li><strong>Pablo Copetti (con bandera de EE.UU.)<\/strong> &#8211; Piloto de CanAM<\/li>\n<li><strong>Santiago Hansen<\/strong> &#8211; Navegante de Copetti<\/li>\n<li><strong>Fernando Acosta<\/strong> &#8211; Navegante del ecuatoriano Sebasti\u00e1n Guayasam\u00edn<\/li>\n<li><strong>Anuar Osman<\/strong> &#8211; Navegante del espa\u00f1ol Fidel Castillo<\/li>\n<\/ul>\n<\/div>\n<div class=\"sc-e7b891c4-0 ifHnQL image-embed\"><img alt=\"Manuel And\u00fajar, quien fuera campe\u00f3n mundial de los quads, tambi\u00e9n estar\u00e1 en la Side by Side. (Instagram)\" loading=\"lazy\" width=\"720\" height=\"100\" decoding=\"async\" data-nimg=\"1\" src=\"http:\/\/cordobadirecto.com\/wp-content\/uploads\/2025\/01\/todos-los-argentinos-que-correran-el-rally-dakar-2025-2.jpg\"><span class=\"epigraphe\">Manuel And\u00fajar, quien fuera campe\u00f3n mundial de los quads, tambi\u00e9n estar\u00e1 en la Side by Side. (Instagram)<\/span><\/div>\n<p><h3><strong>Dakar Classic<\/strong><\/h3>\n<\/p>\n<div class=\"custom-text \">\n<ul>\n<li><strong>Jorge P\u00e9rez Companc<\/strong> &#8211; Piloto<\/li>\n<li><strong>Crist\u00f3bal P\u00e9rez Companc<\/strong> &#8211; Navegante de Jorge, su hermano<\/li>\n<li><strong>Pablo Jat\u00f3n<\/strong> &#8211; Piloto<\/li>\n<li><strong>Ariel Jat\u00f3n<\/strong> &#8211; Acompa\u00f1ante de Pablo, su hermano<\/li>\n<li><strong>Renato Delmasto<\/strong> &#8211; Navegante de Jat\u00f3n<\/li>\n<\/ul>\n<\/div>\n<div class=\"sc-a7166897-0 eoLsBE\" readability=\"6.5\">\n<section readability=\"3\"><picture><img alt=\"Todo lo que hay que saber del Rally Dakar 2025: fechas, argentinos y etapas\" loading=\"lazy\" width=\"290\" height=\"290\" decoding=\"async\" data-nimg=\"1\" src=\"http:\/\/cordobadirecto.com\/wp-content\/uploads\/2025\/01\/todos-los-argentinos-que-correran-el-rally-dakar-2025-3.jpg\"><\/picture>\n<p><span>Mir\u00e1 tambi\u00e9n<\/span><\/p>\n<hr>\n<h3>Todo lo que hay que saber del Rally Dakar 2025: fechas, argentinos y etapas<\/h3>\n<\/p>\n<\/section>\n<\/div>\n<div class=\"sc-a7166897-0 eoLsBE\" readability=\"7\">\n<section readability=\"4\"><picture><img alt=\"Manuel And\u00fajar, con Ol\u00e9: del nuevo desaf\u00edo en el Rally Dakar a su charla bostera con Colapinto\" loading=\"lazy\" width=\"290\" height=\"290\" decoding=\"async\" data-nimg=\"1\" src=\"http:\/\/cordobadirecto.com\/wp-content\/uploads\/2025\/01\/todos-los-argentinos-que-correran-el-rally-dakar-2025-4.jpg\"><\/picture>\n<p><span>Mir\u00e1 tambi\u00e9n<\/span><\/p>\n<hr>\n<h3>Manuel And\u00fajar, con Ol\u00e9: del nuevo desaf\u00edo en el Rally Dakar a su charla bostera con Colapinto<\/h3>\n<\/p>\n<\/section>\n<\/div>\n<div class=\"sc-a7166897-0 eoLsBE\" readability=\"6\">\n<section readability=\"2\"><picture><img alt=\"Kevin y Luciano Benavides: del 2024 a los golpes a c\u00f3mo encaran el Dakar 2025\" loading=\"lazy\" width=\"290\" height=\"290\" decoding=\"async\" data-nimg=\"1\" src=\"http:\/\/cordobadirecto.com\/wp-content\/uploads\/2025\/01\/todos-los-argentinos-que-correran-el-rally-dakar-2025-5.jpg\"><\/picture>\n<p><span>Mir\u00e1 tambi\u00e9n<\/span><\/p>\n<hr>\n<h3>Kevin y Luciano Benavides: del 2024 a los golpes a c\u00f3mo encaran el Dakar 2025<\/h3>\n<\/p>\n<\/section>\n<\/div>\n<div class=\"sc-a7166897-0 eoLsBE\" readability=\"6\">\n<section readability=\"2\"><picture><img alt=\"Qui\u00e9n es la argentina que fue premiada en la gala de la FIA\" loading=\"lazy\" width=\"290\" height=\"290\" decoding=\"async\" data-nimg=\"1\" src=\"http:\/\/cordobadirecto.com\/wp-content\/uploads\/2025\/01\/todos-los-argentinos-que-correran-el-rally-dakar-2025-6.jpg\"><\/picture>\n<p><span>Mir\u00e1 tambi\u00e9n<\/span><\/p>\n<hr>\n<h3>Qui\u00e9n es la argentina que fue premiada en la gala de la FIA<\/h3>\n<\/p>\n<\/section>\n<\/div>\n<\/div>\n","protected":false},"excerpt":{"rendered":"<p>31\/12\/2024 12:37hs. Actualizado al 31\/12\/2024 14:08hs. El desierto saudita ser\u00e1 el escenario para uno de los desaf\u00edos automovil\u00edsticos m\u00e1s duros del planeta, y las dunas, subidas y bajadas, al igual que los impredecibles obst\u00e1culos que aparecer\u00e1n en la ruta, los principales enemigos para aquellos corajudos que se atrevan a intentar domar al feroz terreno. Una [&hellip;]<\/p>\n","protected":false},"author":1,"featured_media":160348,"comment_status":"closed","ping_status":"closed","sticky":false,"template":"","format":"standard","meta":[],"categories":[21],"tags":[],"_links":{"self":[{"href":"http:\/\/cordobadirecto.com\/index.php\/wp-json\/wp\/v2\/posts\/160347"}],"collection":[{"href":"http:\/\/cordobadirecto.com\/index.php\/wp-json\/wp\/v2\/posts"}],"about":[{"href":"http:\/\/cordobadirecto.com\/index.php\/wp-json\/wp\/v2\/types\/post"}],"author":[{"embeddable":true,"href":"http:\/\/cordobadirecto.com\/index.php\/wp-json\/wp\/v2\/users\/1"}],"replies":[{"embeddable":true,"href":"http:\/\/cordobadirecto.com\/index.php\/wp-json\/wp\/v2\/comments?post=160347"}],"version-history":[{"count":0,"href":"http:\/\/cordobadirecto.com\/index.php\/wp-json\/wp\/v2\/posts\/160347\/revisions"}],"wp:featuredmedia":[{"embeddable":true,"href":"http:\/\/cordobadirecto.com\/index.php\/wp-json\/wp\/v2\/media\/160348"}],"wp:attachment":[{"href":"http:\/\/cordobadirecto.com\/index.php\/wp-json\/wp\/v2\/media?parent=160347"}],"wp:term":[{"taxonomy":"category","embeddable":true,"href":"http:\/\/cordobadirecto.com\/index.php\/wp-json\/wp\/v2\/categories?post=160347"},{"taxonomy":"post_tag","embeddable":true,"href":"http:\/\/cordobadirecto.com\/index.php\/wp-json\/wp\/v2\/tags?post=160347"}],"curies":[{"name":"wp","href":"https:\/\/api.w.org\/{rel}","templated":true}]}}