{"id":160358,"date":"2024-12-30T18:40:04","date_gmt":"2024-12-30T18:40:04","guid":{"rendered":"https:\/\/cordoba.gob.ar\/?p=65386"},"modified":"2024-12-30T18:40:04","modified_gmt":"2024-12-30T18:40:04","slug":"cordoba-fue-reconocida-por-la-organizacion-internacional-para-las-migraciones-por-sus-politicas-de-gobernanza-migratoria","status":"publish","type":"post","link":"http:\/\/cordobadirecto.com\/index.php\/2024\/12\/30\/cordoba-fue-reconocida-por-la-organizacion-internacional-para-las-migraciones-por-sus-politicas-de-gobernanza-migratoria\/","title":{"rendered":"C\u00f3rdoba fue reconocida por la Organizaci\u00f3n Internacional para las Migraciones por sus pol\u00edticas de gobernanza migratoria"},"content":{"rendered":"<div><img src=\"http:\/\/cordobadirecto.com\/wp-content\/uploads\/2025\/01\/cordoba-fue-reconocida-por-la-organizacion-internacional-para-las-migraciones-por-sus-politicas-de-gobernanza-migratoria.jpg\" class=\"ff-og-image-inserted\"><\/div>\n<ul>\n<li><strong><strong>Con la Certificaci\u00f3n \u201cMigraCiudad\u201d, se posiciona como una de las ciudades de Argentina con m\u00e1s desarrollo para atenci\u00f3n a migrantes y refugiados.<\/strong><\/strong><br \/>\n<hr>\n<\/li>\n<\/ul>\n<p>La Organizaci\u00f3n Internacional para las Migraciones (OIM) perteneciente a Naciones Unidas reconoci\u00f3 a la ciudad de C\u00f3rdoba en un proceso liderado desde la Secretar\u00eda de Integraci\u00f3n Regional y Vinculaci\u00f3n Institucional con participaci\u00f3n de m\u00faltiples \u00e1reas de la Municipalidad: en un acto celebrado en la ciudad de Buenos Aires, se entreg\u00f3 la certificaci\u00f3n que reconoce a C\u00f3rdoba como \u201cMIGRACIUDAD\u201d.<\/p>\n<p>Alberto Ambrosio, en representaci\u00f3n de la Municipalidad de C\u00f3rdoba, afirm\u00f3 que este reconocimiento destaca todo el trabajo que se viene realizando de manera transversal en las diferentes \u00e1reas de la Municipalidad para la atenci\u00f3n de personas migrantes y refugiadas.<\/p>\n<p>Adem\u00e1s, valor\u00f3 especialmente que los organismos internacionales acompa\u00f1en, identifiquen y den asesoramiento al trabajo de las ciudades de diferentes regiones del pa\u00eds.<\/p>\n<p>Tambi\u00e9n remarc\u00f3 que el compromiso del Intendente Daniel Passerini de conectar, integrar y humanizar como ejes de gesti\u00f3n se alinea perfectamente con el modelo de ciudad que se desea construir y en el que las pol\u00edticas migratorias son una l\u00ednea de trabajo muy fuerte.<\/p>\n<p>Desde mediados de julio de 2024 la ciudad de C\u00f3rdoba comenz\u00f3 a realizar y formar parte del programa Migraciudades, impulsado por OIM \u2013 ONU Migraci\u00f3n que tiene como objetivo contribuir a mejorar y fortalecer las capacidades de los gobiernos locales para la gobernanza migratoria.<\/p>\n<p>Se realiza en conjunto con la Secretar\u00eda de Ciudad Inteligente y la Direcci\u00f3n de Acompa\u00f1amiento a Migrantes que cuenta con un espacio especialmente dedicado a la poblaci\u00f3n migrante y refugiada (CAPEM \u2013 Centro de Atenci\u00f3n a Personas Migrantes y Refugiadas de la ciudad de C\u00f3rdoba).<\/p>\n<p>En el acto de entrega de certificaci\u00f3n participaron el secretario de Integraci\u00f3n Regional y Vinculaci\u00f3n Institucional, Alberto Ambrosio; el director General de Relaciones Multilaterales y Cooperaci\u00f3n, Francisco Zanichelli y la directora de Acompa\u00f1amiento y Apoyo al Inmigrante (CAPEM) Ver\u00f3nica Sudar, como as\u00ed tambi\u00e9n representantes de las ciudades de Mendoza, Rosario y Neuqu\u00e9n. Tambi\u00e9n participaron 4 referentes de municipios que fueron certificados como MigraCiudades en 2023: Municipio de Maip\u00fa (Mendoza), Concordia (Entre R\u00edos), Reconquista (Santa Fe) y Lomas de Zamora (Buenos Aires).<\/p>\n<p>Esta certificaci\u00f3n no s\u00f3lo reconoce el trabajo transversal que se viene desarrollando en materia migratoria en todo el municipio, sino que tambi\u00e9n posiciona a la ciudad de C\u00f3rdoba entre las m\u00e1s destacadas en el pa\u00eds en esta materia; ratificando el compromiso del Intendente Passerini para construir cada d\u00eda una ciudad m\u00e1s inclusiva, diversa y con oportunidades para todos los vecinos y vecinas.<\/p>\n<p>Para acceder a la misma, el Municipio debi\u00f3 pasar por diversas fases; entre ellas de capacitaci\u00f3n, relevamiento de las pol\u00edticas p\u00fablicas en torno a la gobernanza migratoria, la construcci\u00f3n de un diagn\u00f3stico junto a OIM, y la presentaci\u00f3n del trabajo realizado hasta la fecha.<\/p>\n<p>Como conclusi\u00f3n de todo el trabajo realizado, la ciudad present\u00f3 un plan con acciones concretas para llevar adelante durante el a\u00f1o 2025:<\/p>\n<ul class=\"ak-ul\">\n<li>Adecuar el sistema de captaci\u00f3n de datos del municipio,<\/li>\n<li>Generar un bot\u00f3n de acceso directo a la informaci\u00f3n en la Web Municipal<\/li>\n<li>Generar un mapeo exhaustivo de la ruta migratoria que pasa o culmina en nuestra ciudad.<\/li>\n<\/ul>\n<p>Adem\u00e1s de la ceremonia, se realiz\u00f3 un intercambio de buenas pr\u00e1cticas para la gobernanza migratoria local, entre quienes recibieron la certificaci\u00f3n 2024 y referentes de MigraCiudades 2023 que expusieron en lo que vienen trabajando como objetivo de este programa.<\/p>\n","protected":false},"excerpt":{"rendered":"<p>Con la Certificaci\u00f3n \u201cMigraCiudad\u201d, se posiciona como una de las ciudades de Argentina con m\u00e1s desarrollo para atenci\u00f3n a migrantes y refugiados. La Organizaci\u00f3n Internacional para las Migraciones (OIM) perteneciente a Naciones Unidas reconoci\u00f3 a la ciudad de C\u00f3rdoba en un proceso liderado desde la Secretar\u00eda de Integraci\u00f3n Regional y Vinculaci\u00f3n Institucional con participaci\u00f3n de [&hellip;]<\/p>\n","protected":false},"author":1,"featured_media":160359,"comment_status":"closed","ping_status":"closed","sticky":false,"template":"","format":"standard","meta":[],"categories":[44],"tags":[],"_links":{"self":[{"href":"http:\/\/cordobadirecto.com\/index.php\/wp-json\/wp\/v2\/posts\/160358"}],"collection":[{"href":"http:\/\/cordobadirecto.com\/index.php\/wp-json\/wp\/v2\/posts"}],"about":[{"href":"http:\/\/cordobadirecto.com\/index.php\/wp-json\/wp\/v2\/types\/post"}],"author":[{"embeddable":true,"href":"http:\/\/cordobadirecto.com\/index.php\/wp-json\/wp\/v2\/users\/1"}],"replies":[{"embeddable":true,"href":"http:\/\/cordobadirecto.com\/index.php\/wp-json\/wp\/v2\/comments?post=160358"}],"version-history":[{"count":0,"href":"http:\/\/cordobadirecto.com\/index.php\/wp-json\/wp\/v2\/posts\/160358\/revisions"}],"wp:featuredmedia":[{"embeddable":true,"href":"http:\/\/cordobadirecto.com\/index.php\/wp-json\/wp\/v2\/media\/160359"}],"wp:attachment":[{"href":"http:\/\/cordobadirecto.com\/index.php\/wp-json\/wp\/v2\/media?parent=160358"}],"wp:term":[{"taxonomy":"category","embeddable":true,"href":"http:\/\/cordobadirecto.com\/index.php\/wp-json\/wp\/v2\/categories?post=160358"},{"taxonomy":"post_tag","embeddable":true,"href":"http:\/\/cordobadirecto.com\/index.php\/wp-json\/wp\/v2\/tags?post=160358"}],"curies":[{"name":"wp","href":"https:\/\/api.w.org\/{rel}","templated":true}]}}