{"id":160389,"date":"2024-12-31T14:57:01","date_gmt":"2024-12-31T14:57:01","guid":{"rendered":"https:\/\/www.ole.com.ar\/autos\/f1-formula-1-enero-corre-ano-nuevo-gran-premio-sudafrica_0_73YnLBuPyB.html"},"modified":"2024-12-31T14:57:01","modified_gmt":"2024-12-31T14:57:01","slug":"la-formula-1-no-corre-en-ano-nuevo-dos-veces-si-lo-hizo","status":"publish","type":"post","link":"http:\/\/cordobadirecto.com\/index.php\/2024\/12\/31\/la-formula-1-no-corre-en-ano-nuevo-dos-veces-si-lo-hizo\/","title":{"rendered":"\u00bfLa F\u00f3rmula 1 no corre en A\u00f1o Nuevo? Dos veces s\u00ed lo hizo&#8230;"},"content":{"rendered":"<p><time class=\"createDate\" datetime=\"2024-12-31T11:57:01-03:00\">31\/12\/2024 11:57hs.<\/time><\/p>\n<div id=\"storyBody\">\n<div class=\"custom-text \" readability=\"35.821656050955\">\n<p>Las temporadas de la <strong><a href=\"https:\/\/www.ole.com.ar\/tema\/formula-1.html\" title=\"F\u00f3rmula 1\" alt=\"F\u00f3rmula 1\" class=\"slug\">F\u00f3rmula 1<\/a><\/strong> son cada vez m\u00e1s extensas. Sin ir m\u00e1s lejos, la m\u00e1s reciente cont\u00f3 con 24 Grandes Premios y se cerr\u00f3 el 8 de diciembre<strong> <\/strong>en Abu Dhabi. Sin embargo, hubo ocasiones -contadas con los dedos de la mano- en las que <strong>los motores de la M\u00e1xima no se apagaron ni siquiera en A\u00f1o Nuevo&#8230;<\/strong><\/p>\n<\/div>\n<div class=\"custom-text \" readability=\"38\">\n<p>Con una mano en el volante y la otra sosteniendo una copa de champagne, <strong>los pilotos debieron saltar a la pista un 1 de enero en dos oportunidades<\/strong>. La primera se dio en <strong>1965<\/strong>, cuando el circuito Prince George de <strong>Sud\u00e1frica <\/strong>alberg\u00f3 la carrera que dio inicio a la temporada. El ganador fue <strong>James Clark<\/strong>, el escoc\u00e9s que corr\u00eda para Lotus y que acabar\u00eda ganando el campeonato.<\/p>\n<\/div>\n<div class=\"custom-text \" readability=\"40\">\n<p>La segunda vez que se compiti\u00f3 en A\u00f1o Nuevo fue en <strong>1968<\/strong>, <strong>tambi\u00e9n en un trazado sudafricano<\/strong>, pero en esa ocasi\u00f3n el escenario fue otro. El Gran Premio se mud\u00f3 de la Provincia del Cabo Oriental a la de <strong>Gauteng<\/strong>, m\u00e1s espec\u00edficamente al aut\u00f3dromo <strong>Kyalami<\/strong>, recinto donde <strong>Carlos Reutemann<\/strong> consigui\u00f3 dos victorias, en <strong>1974 <\/strong>y <strong>1981<\/strong>.<\/p>\n<\/div>\n<div class=\"sc-e7b891c4-0 ifHnQL image-embed\"><img alt=\"En 1968, la F\u00f3rmula 1 volvi\u00f3 a correr en A\u00f1o Nuevo, tambi\u00e9n en Sud\u00e1frica.\" loading=\"lazy\" width=\"720\" height=\"100\" decoding=\"async\" data-nimg=\"1\" src=\"http:\/\/cordobadirecto.com\/wp-content\/uploads\/2025\/01\/la-formula-1-no-corre-en-ano-nuevo-dos-veces-si-lo-hizo.jpg\"><span class=\"epigraphe\">En 1968, la F\u00f3rmula 1 volvi\u00f3 a correr en A\u00f1o Nuevo, tambi\u00e9n en Sud\u00e1frica.<\/span><\/div>\n<div class=\"custom-text \" readability=\"39\">\n<p>Un dato se repite en cuanto a la carrera que tuvo lugar el primer d\u00eda del 1965: <strong>el piloto que se qued\u00f3 con la victoria en el GP inaugural de la temporada de 1968 fue Clark<\/strong>. Ese fue el 25\u00b0<strong> <\/strong>triunfo del escoc\u00e9s en la M\u00e1xima, superando nada m\u00e1s ni nada menos que a <strong>Juan Manuel Fangio<\/strong>, el argentino leyenda de la F\u00f3rmula 1. Aunque hubo alguna carrera m\u00e1s en esta fecha at\u00edpica, <strong>no contabiliz\u00f3 para el campeonato<\/strong> (es el caso del GP sudafricano de 1966, a\u00f1o en el que hubo cuatro eventos por fuera del calendario).<\/p>\n<\/div>\n<p><h2><strong>Por qu\u00e9 Sud\u00e1frica ya no es sede de la F\u00f3rmula 1<\/strong><\/h2>\n<\/p>\n<div class=\"custom-text \" readability=\"36\">\n<p>La presencia de la M\u00e1xima en el pa\u00eds se volvi\u00f3 cada vez m\u00e1s dif\u00edcil para los sudafricanos <strong>debido al gasto realizado cada vez que los pilotos m\u00e1s famosos del mundo se conglomeraban all\u00ed<\/strong>. Finalmente, en <strong>1985<\/strong>, la fecha que se llevaba a cabo en la naci\u00f3n africana fue removida del calendario.<\/p>\n<\/div>\n<div class=\"custom-text \" readability=\"41\">\n<p>En <strong>1992<\/strong>, Sud\u00e1frica volvi\u00f3 a ser sede de un Gran Premio <strong>con el fin de celebrar el fin del apartheid<\/strong>. Pero, cuando Kyalami fue vendido a la <strong>Asociaci\u00f3n Sudafricana del Autom\u00f3vil<\/strong>, estos consideraron que la problem\u00e1tica <strong>financiera <\/strong>y <strong>log\u00edstica <\/strong>era muy grande, por lo que se decidi\u00f3 no volver a albergar una carrera de la F\u00f3rmula 1, siendo la \u00faltima vez en <strong>1993<\/strong>. Desde entonces, la F1 no volvi\u00f3 al continente africano.<\/p>\n<\/div>\n<div class=\"sc-e7b891c4-0 ifHnQL image-embed\"><img alt=\"La F\u00f3rmula 1 estuvo en Ruanda en diciembre. Se habla del retorno de la categor\u00eda a \u00c1frica. (EFE)\" loading=\"lazy\" width=\"720\" height=\"100\" decoding=\"async\" data-nimg=\"1\" src=\"http:\/\/cordobadirecto.com\/wp-content\/uploads\/2025\/01\/la-formula-1-no-corre-en-ano-nuevo-dos-veces-si-lo-hizo-1.jpg\"><span class=\"epigraphe\">La F\u00f3rmula 1 estuvo en Ruanda en diciembre. Se habla del retorno de la categor\u00eda a \u00c1frica. (EFE)<\/span><\/div>\n<div class=\"sc-a7166897-0 eoLsBE\" readability=\"6\">\n<section readability=\"2\"><picture><img alt=\"Una buena y una mala para Colapinto entre la F\u00f3rmula 1 y la F\u00f3rmula 2\" loading=\"lazy\" width=\"290\" height=\"290\" decoding=\"async\" data-nimg=\"1\" src=\"http:\/\/cordobadirecto.com\/wp-content\/uploads\/2025\/01\/la-formula-1-no-corre-en-ano-nuevo-dos-veces-si-lo-hizo-2.jpg\"><\/picture>\n<p><span>Mir\u00e1 tambi\u00e9n<\/span><\/p>\n<hr>\n<h3>Una buena y una mala para Colapinto entre la F\u00f3rmula 1 y la F\u00f3rmula 2<\/h3>\n<\/p>\n<\/section>\n<\/div>\n<div class=\"sc-a7166897-0 eoLsBE\" readability=\"6.5\">\n<section readability=\"3\"><picture><img alt=\"El jefe de Williams banc\u00f3 el &quot;T\u00edo James&quot; y se dirigi\u00f3 a los argentinos por Colapinto\" loading=\"lazy\" width=\"290\" height=\"290\" decoding=\"async\" data-nimg=\"1\" src=\"http:\/\/cordobadirecto.com\/wp-content\/uploads\/2025\/01\/la-formula-1-no-corre-en-ano-nuevo-dos-veces-si-lo-hizo-3.jpg\"><\/picture>\n<p><span>Mir\u00e1 tambi\u00e9n<\/span><\/p>\n<hr>\n<h3>El jefe de Williams banc\u00f3 el &#8220;T\u00edo James&#8221; y se dirigi\u00f3 a los argentinos por Colapinto<\/h3>\n<\/p>\n<\/section>\n<\/div>\n<div class=\"sc-a7166897-0 eoLsBE\" readability=\"6.5\">\n<section readability=\"3\"><picture><img alt=\"Albon, confiado sobre Colapinto: &quot;lo veremos de regreso en la F\u00f3rmula 1&quot;\" loading=\"lazy\" width=\"290\" height=\"290\" decoding=\"async\" data-nimg=\"1\" src=\"http:\/\/cordobadirecto.com\/wp-content\/uploads\/2025\/01\/la-formula-1-no-corre-en-ano-nuevo-dos-veces-si-lo-hizo-4.jpg\"><\/picture>\n<p><span>Mir\u00e1 tambi\u00e9n<\/span><\/p>\n<hr>\n<h3>Albon, confiado sobre Colapinto: &#8220;lo veremos de regreso en la F\u00f3rmula 1&#8221;<\/h3>\n<\/p>\n<\/section>\n<\/div>\n<div class=\"sc-a7166897-0 eoLsBE\" readability=\"6\">\n<section readability=\"2\"><picture><img alt=\"La otra faceta de Eduardo Feinmann: gan\u00f3 una carrera de autos en el G\u00e1lvez\" loading=\"lazy\" width=\"290\" height=\"290\" decoding=\"async\" data-nimg=\"1\" src=\"http:\/\/cordobadirecto.com\/wp-content\/uploads\/2025\/01\/la-formula-1-no-corre-en-ano-nuevo-dos-veces-si-lo-hizo-5.jpg\"><\/picture>\n<p><span>Mir\u00e1 tambi\u00e9n<\/span><\/p>\n<hr>\n<h3>La otra faceta de Eduardo Feinmann: gan\u00f3 una carrera de autos en el G\u00e1lvez<\/h3>\n<\/p>\n<\/section>\n<\/div>\n<div class=\"sc-a7166897-0 eoLsBE\" readability=\"6\">\n<section readability=\"2\"><picture><img alt=\"Por qu\u00e9 Colapinto hizo historia en la F\u00f3rmula 1 de 2024\" loading=\"lazy\" width=\"290\" height=\"290\" decoding=\"async\" data-nimg=\"1\" src=\"http:\/\/cordobadirecto.com\/wp-content\/uploads\/2025\/01\/la-formula-1-no-corre-en-ano-nuevo-dos-veces-si-lo-hizo-6.jpg\"><\/picture>\n<p><span>Mir\u00e1 tambi\u00e9n<\/span><\/p>\n<hr>\n<h3>Por qu\u00e9 Colapinto hizo historia en la F\u00f3rmula 1 de 2024<\/h3>\n<\/p>\n<\/section>\n<\/div>\n<\/div>\n","protected":false},"excerpt":{"rendered":"<p>31\/12\/2024 11:57hs. Las temporadas de la F\u00f3rmula 1 son cada vez m\u00e1s extensas. Sin ir m\u00e1s lejos, la m\u00e1s reciente cont\u00f3 con 24 Grandes Premios y se cerr\u00f3 el 8 de diciembre en Abu Dhabi. Sin embargo, hubo ocasiones -contadas con los dedos de la mano- en las que los motores de la M\u00e1xima no [&hellip;]<\/p>\n","protected":false},"author":1,"featured_media":160390,"comment_status":"closed","ping_status":"closed","sticky":false,"template":"","format":"standard","meta":[],"categories":[21],"tags":[],"_links":{"self":[{"href":"http:\/\/cordobadirecto.com\/index.php\/wp-json\/wp\/v2\/posts\/160389"}],"collection":[{"href":"http:\/\/cordobadirecto.com\/index.php\/wp-json\/wp\/v2\/posts"}],"about":[{"href":"http:\/\/cordobadirecto.com\/index.php\/wp-json\/wp\/v2\/types\/post"}],"author":[{"embeddable":true,"href":"http:\/\/cordobadirecto.com\/index.php\/wp-json\/wp\/v2\/users\/1"}],"replies":[{"embeddable":true,"href":"http:\/\/cordobadirecto.com\/index.php\/wp-json\/wp\/v2\/comments?post=160389"}],"version-history":[{"count":0,"href":"http:\/\/cordobadirecto.com\/index.php\/wp-json\/wp\/v2\/posts\/160389\/revisions"}],"wp:featuredmedia":[{"embeddable":true,"href":"http:\/\/cordobadirecto.com\/index.php\/wp-json\/wp\/v2\/media\/160390"}],"wp:attachment":[{"href":"http:\/\/cordobadirecto.com\/index.php\/wp-json\/wp\/v2\/media?parent=160389"}],"wp:term":[{"taxonomy":"category","embeddable":true,"href":"http:\/\/cordobadirecto.com\/index.php\/wp-json\/wp\/v2\/categories?post=160389"},{"taxonomy":"post_tag","embeddable":true,"href":"http:\/\/cordobadirecto.com\/index.php\/wp-json\/wp\/v2\/tags?post=160389"}],"curies":[{"name":"wp","href":"https:\/\/api.w.org\/{rel}","templated":true}]}}