{"id":160396,"date":"2024-12-31T19:29:24","date_gmt":"2024-12-31T19:29:24","guid":{"rendered":"https:\/\/es.digitaltrends.com\/?p=1052452"},"modified":"2024-12-31T19:29:24","modified_gmt":"2024-12-31T19:29:24","slug":"muere-actor-que-lidero-el-fin-de-la-estrella-de-la-muerte-en-star-wars","status":"publish","type":"post","link":"http:\/\/cordobadirecto.com\/index.php\/2024\/12\/31\/muere-actor-que-lidero-el-fin-de-la-estrella-de-la-muerte-en-star-wars\/","title":{"rendered":"Muere actor que lider\u00f3 el fin de la Estrella de la Muerte en Star Wars"},"content":{"rendered":"<p>Una dura p\u00e9rdida aqueja al mundo de <a href=\"https:\/\/es.digitaltrends.com\/entretenimiento\/star-wars-diez-datos-sorprendentes\/\"><strong>Star Wars<\/strong><\/a>, ya que a los 77 a\u00f1os falleci\u00f3 el actor <strong>Angus MacInnes<\/strong>, quien interpret\u00f3 al Gold Leader del escuadr\u00f3n Rebelde que irrumpi\u00f3 contra la Estrella de la Muerte al final de \u00ab<em>Una Nueva Esperanza<\/em>\u00ab.<\/p>\n<p>MacInnes apareci\u00f3 por primera vez como Gold Leader, tambi\u00e9n conocido como Jon Vander, apodado \u00abDutch\u00bb, en&nbsp;<em>Star Wars: Episodio IV \u2013 Una nueva esperanza<\/em>&nbsp;de 1977. Seg\u00fan&nbsp;<a href=\"https:\/\/www.starwars.com\/databank\/jon-dutch-vander\" target=\"_blank\" rel=\"noopener\" data-component=\"link\" data-source=\"inlineLink\" data-type=\"externalLink\" data-ordinal=\"2\">la base de datos oficial&nbsp;<em>de Star Wars<\/em><\/a>, el personaje era un \u00abex piloto imperial que desert\u00f3 a los rebeldes cuando se le orden\u00f3 bombardear \u00e1reas amigables con los rebeldes de su planeta natal\u00bb.<\/p>\n<div class=\"b-connatix b-connatix--video\" id=\"dt-cnx-container-67744a1ba8a59\">\n<div class=\"b-connatix__label\"> Recommended Videos <\/div>\n<div class=\"b-connatix__container\"> <\/div>\n<\/div>\n<p id=\"mntl-sc-block_5-0\" class=\"comp mntl-sc-block mntl-sc-block-html\">&nbsp;M\u00e1s tarde, MacInnes repiti\u00f3 el papel para un cameo de voz en&nbsp;<a href=\"https:\/\/ew.com\/rogue-one-a-star-wars-story\/\" data-component=\"link\" data-source=\"inlineLink\" data-type=\"internalLink\" data-ordinal=\"2\"><em>Rogue One: A Star Wars Story<\/em><\/a>&nbsp;de 2016.<\/p>\n<figure id=\"attachment_1052455\" aria-describedby=\"caption-attachment-1052455\" class=\"wp-caption alignnone\"><img src=\"http:\/\/cordobadirecto.com\/wp-content\/uploads\/2025\/01\/muere-actor-que-lidero-el-fin-de-la-estrella-de-la-muerte-en-star-wars.gif\" data-dt-lazy-src=\"https:\/\/es.digitaltrends.com\/wp-content\/uploads\/2024\/12\/McIness.jpeg?fit=1478%2C819&amp;p=1\" decoding=\"async\" class=\" size-full wp-image-1052455 h-lightbox is-zoomable dt-lazy-load dt-lazy-pending\" alt><figcaption id=\"caption-attachment-1052455\" class=\"wp-caption-text\"><span class=\"credit\">Imagen utilizada con permiso del titular de los derechos de autor<\/span><\/figcaption><\/figure>\n<p id=\"mntl-sc-block_11-0\" class=\"comp mntl-sc-block mntl-sc-block-html\">\u00abPara Angus, los fan\u00e1ticos de&nbsp;<em>Star Wars<\/em>&nbsp;ten\u00edan un lugar especial en su coraz\u00f3n\u00bb, se lee en el comunicado de la familia. \u00abLe encantaba conocerte en las convenciones, escuchar tus historias y compartir tu pasi\u00f3n por la saga. Fue continuamente humilde, encantado y honrado por la admiraci\u00f3n y la pasi\u00f3n de los fan\u00e1ticos y la comunidad de la convenci\u00f3n\u00bb.<\/p>\n<figure id=\"attachment_1052456\" aria-describedby=\"caption-attachment-1052456\" class=\"wp-caption alignnone\"><img src=\"http:\/\/cordobadirecto.com\/wp-content\/uploads\/2025\/01\/muere-actor-que-lidero-el-fin-de-la-estrella-de-la-muerte-en-star-wars.gif\" data-dt-lazy-src=\"https:\/\/es.digitaltrends.com\/wp-content\/uploads\/2024\/12\/Captura-de-pantalla_31-12-2024_16285_ew.com_.jpeg?fit=713%2C922&amp;p=1\" decoding=\"async\" class=\" size-full wp-image-1052456 h-lightbox is-zoomable dt-lazy-load dt-lazy-pending\" alt><figcaption id=\"caption-attachment-1052456\" class=\"wp-caption-text\"><span class=\"credit\">Imagen utilizada con permiso del titular de los derechos de autor<\/span><\/figcaption><\/figure>\n<p id=\"mntl-sc-block_13-0\" class=\"comp mntl-sc-block mntl-sc-block-html\">Nacido en Ontario, Canad\u00e1, en 1947, la carrera de MacInnes tambi\u00e9n abarc\u00f3 papeles en&nbsp;<em>Captain Phillips<\/em>&nbsp;(2013), dos episodios de&nbsp;<em>Vikings<\/em>&nbsp;(2013),&nbsp;<em>The Black Dahlia<\/em>&nbsp;(2006),&nbsp;<em>Hellboy<\/em>&nbsp;(2004),&nbsp;<em>Eyes Wide Shut<\/em>&nbsp;(1999),&nbsp;<em>Judge Dredd<\/em>&nbsp;(1995) y otros.<\/p>\n<p> <span id=\"publisher-md\" itemprop=\"publisher\" itemscope itemtype=\"https:\/\/schema.org\/Organization\"> <span itemprop=\"url\" itemtype=\"https:\/\/schema.org\/Url\" content=\"https:\/\/es.digitaltrends.com\"> <span itemprop=\"logo\" itemscope itemtype=\"https:\/\/schema.org\/ImageObject\"> <meta itemprop=\"url\" content=\"https:\/\/cdn.dtcn.com\/dt\/dt-logo-small.png\"> <meta itemprop=\"width\" content=\"0\"> <meta itemprop=\"height\" content=\"0\"> <\/span> <meta itemprop=\"name\" content=\"Digital Trends Espa\u00f1ol\"> <\/span> <span itemprop=\"image\" itemscope itemtype=\"https:\/\/schema.org\/ImageObject\"> <meta itemprop=\"url\" content=\"https:\/\/es.digitaltrends.com\/wp-content\/uploads\/2024\/12\/Gold-Leader.jpeg?p=1\"> <\/span> <\/span> <\/p>\n","protected":false},"excerpt":{"rendered":"<p>Una dura p\u00e9rdida aqueja al mundo de Star Wars, ya que a los 77 a\u00f1os falleci\u00f3 el actor Angus MacInnes, quien interpret\u00f3 al Gold Leader del escuadr\u00f3n Rebelde que irrumpi\u00f3 contra la Estrella de la Muerte al final de \u00abUna Nueva Esperanza\u00ab. MacInnes apareci\u00f3 por primera vez como Gold Leader, tambi\u00e9n conocido como Jon Vander, [&hellip;]<\/p>\n","protected":false},"author":1,"featured_media":160397,"comment_status":"closed","ping_status":"closed","sticky":false,"template":"","format":"standard","meta":[],"categories":[18],"tags":[],"_links":{"self":[{"href":"http:\/\/cordobadirecto.com\/index.php\/wp-json\/wp\/v2\/posts\/160396"}],"collection":[{"href":"http:\/\/cordobadirecto.com\/index.php\/wp-json\/wp\/v2\/posts"}],"about":[{"href":"http:\/\/cordobadirecto.com\/index.php\/wp-json\/wp\/v2\/types\/post"}],"author":[{"embeddable":true,"href":"http:\/\/cordobadirecto.com\/index.php\/wp-json\/wp\/v2\/users\/1"}],"replies":[{"embeddable":true,"href":"http:\/\/cordobadirecto.com\/index.php\/wp-json\/wp\/v2\/comments?post=160396"}],"version-history":[{"count":0,"href":"http:\/\/cordobadirecto.com\/index.php\/wp-json\/wp\/v2\/posts\/160396\/revisions"}],"wp:featuredmedia":[{"embeddable":true,"href":"http:\/\/cordobadirecto.com\/index.php\/wp-json\/wp\/v2\/media\/160397"}],"wp:attachment":[{"href":"http:\/\/cordobadirecto.com\/index.php\/wp-json\/wp\/v2\/media?parent=160396"}],"wp:term":[{"taxonomy":"category","embeddable":true,"href":"http:\/\/cordobadirecto.com\/index.php\/wp-json\/wp\/v2\/categories?post=160396"},{"taxonomy":"post_tag","embeddable":true,"href":"http:\/\/cordobadirecto.com\/index.php\/wp-json\/wp\/v2\/tags?post=160396"}],"curies":[{"name":"wp","href":"https:\/\/api.w.org\/{rel}","templated":true}]}}