{"id":160625,"date":"2025-01-07T17:11:43","date_gmt":"2025-01-07T17:11:43","guid":{"rendered":"https:\/\/es.digitaltrends.com\/?p=1053109"},"modified":"2025-01-07T17:11:43","modified_gmt":"2025-01-07T17:11:43","slug":"peligro-inminente-meta-abandona-el-fact-checking-y-moderar-contenidos","status":"publish","type":"post","link":"http:\/\/cordobadirecto.com\/index.php\/2025\/01\/07\/peligro-inminente-meta-abandona-el-fact-checking-y-moderar-contenidos\/","title":{"rendered":"Peligro inminente: Meta abandona el fact-checking y moderar contenidos"},"content":{"rendered":"<div><img src=\"http:\/\/cordobadirecto.com\/wp-content\/uploads\/2025\/01\/peligro-inminente-meta-abandona-el-fact-checking-y-moderar-contenidos.jpg\" class=\"ff-og-image-inserted\"><\/div>\n<p>Una situaci\u00f3n potencialmente muy peligrosa acaba de anunciar <a href=\"https:\/\/es.digitaltrends.com\/sociales\/analisis-meta-ai-whatsapp-consejos-que-puede-hacer\/\"><strong>Meta<\/strong><\/a>, la empresa matriz de compa\u00f1\u00edas de redes sociales como Instagram, Facebook, WhatsApp o Threads, ya que <a href=\"https:\/\/about.fb.com\/news\/2025\/01\/meta-more-speech-fewer-mistakes\/\" target=\"_blank\" rel=\"noreferrer noopener nofollow\" data-mrf-link=\"https:\/\/about.fb.com\/news\/2025\/01\/meta-more-speech-fewer-mistakes\/\">ha anunciado<\/a>&nbsp;hoy una importante revisi\u00f3n de sus pol\u00edticas de moderaci\u00f3n de contenidos, eliminando algunas de las barreras que hab\u00eda puesto en marcha durante varios a\u00f1os, en respuesta a las cr\u00edticas de que hab\u00eda ayudado a difundir informaci\u00f3n err\u00f3nea sobre pol\u00edtica y salud.<\/p>\n<p class=\"wp-block-paragraph\">En una entrada de blog titulada \u00abM\u00e1s discurso, menos errores\u00bb, el nuevo director de asuntos globales de Meta, Joel Kaplan, esboz\u00f3 los cambios en tres \u00e1reas clave para \u00abdeshacer el avance de la misi\u00f3n\u00bb, seg\u00fan sus propias palabras:<\/p>\n<ul class=\"wp-block-list\">\n<li class=\"wp-block-list-item\">Meta pondr\u00e1 fin a su programa de verificaci\u00f3n de datos de terceros y pasar\u00e1 a un modelo de Notas de la Comunidad en los pr\u00f3ximos meses. Notas de la comunidad es lo que usan los sitios como X.com;<\/li>\n<li class=\"wp-block-list-item\">Est\u00e1 levantando las restricciones en torno a \u00abtemas que forman parte del discurso dominante\u00bb, centr\u00e1ndose en cambio en la aplicaci\u00f3n de la ley en \u00abviolaciones ilegales y de alta gravedad\u00bb en \u00e1reas como el terrorismo, la explotaci\u00f3n sexual infantil, las drogas, el fraude y las estafas; y<\/li>\n<li class=\"wp-block-list-item\">Se alentar\u00e1 a los usuarios a adoptar un enfoque \u00abpersonalizado\u00bb del contenido pol\u00edtico, dando paso a una opini\u00f3n y un sesgo considerablemente m\u00e1s amplios en los feeds de las personas que se ajusten a lo que quieran ver.<\/li>\n<\/ul>\n<div class=\"b-connatix b-connatix--video\" id=\"dt-cnx-container-677dd156036e1\">\n<div class=\"b-connatix__label\"> Recommended Videos <\/div>\n<div class=\"b-connatix__container\"> <\/div>\n<\/div>\n<h2>Una historia de fact cheking y moderaci\u00f3n<\/h2>\n<p class=\"wp-block-paragraph\">Las disposiciones de moderaci\u00f3n de contenido de Meta se implementaron y perfeccionaron durante varios a\u00f1os luego de las cr\u00edticas pol\u00edticas y p\u00fablicas sobre c\u00f3mo ayud\u00f3 a difundir informaci\u00f3n err\u00f3nea sobre las elecciones, malos consejos sobre Covid-19 y otras controversias. La verificaci\u00f3n de hechos, por ejemplo, se desarroll\u00f3 por primera vez en 2016, cuando Meta&nbsp;<a href=\"https:\/\/www.facebook.com\/formedia\/blog\/third-party-fact-checking-how-it-works\" rel=\"nofollow\" data-mrf-link=\"https:\/\/www.facebook.com\/formedia\/blog\/third-party-fact-checking-how-it-works\">trabaj\u00f3 con organizaciones de terceros<\/a>&nbsp;tras las acusaciones de que Facebook estaba siendo utilizado como arma para difundir noticias falsas durante las elecciones presidenciales de Estados Unidos.<\/p>\n<p class=\"wp-block-paragraph\">Con el tiempo, esto tambi\u00e9n llev\u00f3 a la formaci\u00f3n de un Comit\u00e9 de Supervisi\u00f3n, para m\u00e1s moderaci\u00f3n.<\/p>\n<p>\u00abLos expertos, como todo el mundo, tienen sus propios sesgos y perspectivas. Esto se reflej\u00f3 en las decisiones que algunos tomaron sobre qu\u00e9 verificar y c\u00f3mo\u00bb, anot\u00f3 Kaplan. Agreg\u00f3 que Meta \u00abaplic\u00f3 en exceso\u00bb sus reglas llev\u00f3 a \u00ablimitar el debate pol\u00edtico leg\u00edtimo y censurar demasiado contenido trivial\u00bb. Meta ahora estima que una o dos partes de cada 10 art\u00edculos censurados eran \u00aberrores\u00bb que no violaban las pol\u00edticas.<\/p>\n<p class=\"wp-block-paragraph\">\u00abLas plataformas de Meta est\u00e1n dise\u00f1adas para ser lugares donde las personas puedan expresarse libremente. Eso puede ser complicado. En las plataformas donde miles de millones de personas pueden tener voz, todo lo bueno, lo malo y lo feo est\u00e1 a la vista. Pero eso es libertad de expresi\u00f3n\u00bb, agreg\u00f3 Kaplan.<\/p>\n<p class=\"wp-block-paragraph\">Por su parte, la Junta de Supervisi\u00f3n dijo que \u00abacoge con satisfacci\u00f3n la noticia de que Meta revisar\u00e1 su enfoque de la verificaci\u00f3n de hechos, con el objetivo de encontrar una soluci\u00f3n escalable para mejorar la confianza, la libertad de expresi\u00f3n y la voz de los usuarios en sus plataformas\u00bb. La Junta agreg\u00f3 que trabajar\u00eda con Meta para dar forma a su enfoque de la \u00ablibertad de expresi\u00f3n en 2025\u00bb.<\/p>\n<p> <span id=\"publisher-md\" itemprop=\"publisher\" itemscope itemtype=\"https:\/\/schema.org\/Organization\"> <span itemprop=\"url\" itemtype=\"https:\/\/schema.org\/Url\" content=\"https:\/\/es.digitaltrends.com\"> <span itemprop=\"logo\" itemscope itemtype=\"https:\/\/schema.org\/ImageObject\"> <meta itemprop=\"url\" content=\"https:\/\/cdn.dtcn.com\/dt\/dt-logo-small.png\"> <meta itemprop=\"width\" content=\"0\"> <meta itemprop=\"height\" content=\"0\"> <\/span> <meta itemprop=\"name\" content=\"Digital Trends Espa\u00f1ol\"> <\/span> <span itemprop=\"image\" itemscope itemtype=\"https:\/\/schema.org\/ImageObject\"> <meta itemprop=\"url\" content=\"https:\/\/es.digitaltrends.com\/wp-content\/uploads\/2022\/11\/sad-Mark-Zuckerberg-696x365-1.jpg?p=1\"> <\/span> <\/span> <\/p>\n","protected":false},"excerpt":{"rendered":"<p>Una situaci\u00f3n potencialmente muy peligrosa acaba de anunciar Meta, la empresa matriz de compa\u00f1\u00edas de redes sociales como Instagram, Facebook, WhatsApp o Threads, ya que ha anunciado&nbsp;hoy una importante revisi\u00f3n de sus pol\u00edticas de moderaci\u00f3n de contenidos, eliminando algunas de las barreras que hab\u00eda puesto en marcha durante varios a\u00f1os, en respuesta a las cr\u00edticas [&hellip;]<\/p>\n","protected":false},"author":1,"featured_media":160626,"comment_status":"closed","ping_status":"closed","sticky":false,"template":"","format":"standard","meta":[],"categories":[26],"tags":[],"_links":{"self":[{"href":"http:\/\/cordobadirecto.com\/index.php\/wp-json\/wp\/v2\/posts\/160625"}],"collection":[{"href":"http:\/\/cordobadirecto.com\/index.php\/wp-json\/wp\/v2\/posts"}],"about":[{"href":"http:\/\/cordobadirecto.com\/index.php\/wp-json\/wp\/v2\/types\/post"}],"author":[{"embeddable":true,"href":"http:\/\/cordobadirecto.com\/index.php\/wp-json\/wp\/v2\/users\/1"}],"replies":[{"embeddable":true,"href":"http:\/\/cordobadirecto.com\/index.php\/wp-json\/wp\/v2\/comments?post=160625"}],"version-history":[{"count":0,"href":"http:\/\/cordobadirecto.com\/index.php\/wp-json\/wp\/v2\/posts\/160625\/revisions"}],"wp:featuredmedia":[{"embeddable":true,"href":"http:\/\/cordobadirecto.com\/index.php\/wp-json\/wp\/v2\/media\/160626"}],"wp:attachment":[{"href":"http:\/\/cordobadirecto.com\/index.php\/wp-json\/wp\/v2\/media?parent=160625"}],"wp:term":[{"taxonomy":"category","embeddable":true,"href":"http:\/\/cordobadirecto.com\/index.php\/wp-json\/wp\/v2\/categories?post=160625"},{"taxonomy":"post_tag","embeddable":true,"href":"http:\/\/cordobadirecto.com\/index.php\/wp-json\/wp\/v2\/tags?post=160625"}],"curies":[{"name":"wp","href":"https:\/\/api.w.org\/{rel}","templated":true}]}}