{"id":160850,"date":"2025-01-14T03:41:08","date_gmt":"2025-01-14T03:41:08","guid":{"rendered":"https:\/\/puntoapunto.com.ar\/?p=369139"},"modified":"2025-01-14T03:41:08","modified_gmt":"2025-01-14T03:41:08","slug":"con-inversion-de-us-7-millones-activan-desembarco-de-cadena-internacional-en-villa-carlos-paz","status":"publish","type":"post","link":"http:\/\/cordobadirecto.com\/index.php\/2025\/01\/14\/con-inversion-de-us-7-millones-activan-desembarco-de-cadena-internacional-en-villa-carlos-paz\/","title":{"rendered":"Con inversi\u00f3n de US$ 7 millones activan desembarco de cadena internacional en Villa Carlos Paz"},"content":{"rendered":"<p>&nbsp;<!-- \u00a1O bien no hay banners, estan desactivados o no estan programados para esta ubicaci\u00f3n! -->\n<\/p>\n<p>&nbsp;\n<\/p>\n<p>En un evento que cont\u00f3 con la presencia de autoridades locales, inversores y ejecutivos de la cadena hotelera, se present\u00f3 recientemente el desembarco de Ramada by Wyndham a Villa Carlos Paz, una de las 25 marcas de la cadena hotelera internacional Wyndham Hotels &amp; Resorts. Las nuevas instalaciones ya se est\u00e1n construyendo en el actual predio del Hotel Domus Auditorium, tendr\u00e1 106 habitaciones y se inaugurar\u00e1 en enero de 2027.\n<\/p>\n<p>El acto cont\u00f3 con la presencia del intendente Esteban Avil\u00e9s, del titular de la propiedad que llevar\u00e1 la marca Ramada, Andr\u00e9s Garc\u00eda, el gerente de Nuevos Negocios para el Cono Sur de Wyndham Hotels &amp; Resorts, Marcelo Bresanovich y del secretario de Turismo e Innovaci\u00f3n, Cultura y Deportes local, Sebasti\u00e1n Boldrini.\n<\/p>\n<p>Uno de los referentes del proyecto, Andr\u00e9s Garc\u00eda, dialog\u00f3 con Punto a Punto y destac\u00f3: \u201cla idea es trabajar a Villa Carlos Paz como un destino de hoteler\u00eda superior y salir a posicionar su oferta para captar la demanda del turista internacional, algo con lo que se viene trabajando desde espacios como Visit C\u00f3rdoba. En ese contexto estamos trabajando para refuncionalizar y ampliar parte del Hotel Domus Auditorium para contar con mejores y nuevas instalaciones, m\u00e1s plazas y m\u00e1s servicios. Hoy ese hotel ya tiene operativas 87 habitaciones y el objetivo es llevarlo a 106. Estamos estimando una inversi\u00f3n de US$7 millones\u201d, remarc\u00f3.<!-- \u00a1O bien no hay banners, estan desactivados o no estan programados para esta ubicaci\u00f3n! -->\n<\/p>\n<p>El Ramada Carlos Paz tendr\u00eda fuerte foco no solo en el turismo tradicional de familia, sino tambi\u00e9n en el corporativo y en los shows y espect\u00e1culos ya que contar\u00e1 con salones de eventos con modalidad para albergar 50, 150 y 500 personas, al tiempo que cuenta con un auditorio para 600 personas.<\/p>\n<p><img decoding=\"async\" class=\"aligncenter wp-image-369142 size-large\" src=\"http:\/\/cordobadirecto.com\/wp-content\/uploads\/2025\/01\/con-inversion-de-us-7-millones-activan-desembarco-de-cadena-internacional-en-villa-carlos-paz.jpg\" alt width=\"1024\" height=\"683\" srcset=\"http:\/\/cordobadirecto.com\/wp-content\/uploads\/2025\/01\/con-inversion-de-us-7-millones-activan-desembarco-de-cadena-internacional-en-villa-carlos-paz.jpg 1024w, http:\/\/cordobadirecto.com\/wp-content\/uploads\/2025\/01\/con-inversion-de-us-7-millones-activan-desembarco-de-cadena-internacional-en-villa-carlos-paz-2.jpg 300w, http:\/\/cordobadirecto.com\/wp-content\/uploads\/2025\/01\/con-inversion-de-us-7-millones-activan-desembarco-de-cadena-internacional-en-villa-carlos-paz-3.jpg 768w, http:\/\/cordobadirecto.com\/wp-content\/uploads\/2025\/01\/con-inversion-de-us-7-millones-activan-desembarco-de-cadena-internacional-en-villa-carlos-paz-4.jpg 1536w, http:\/\/cordobadirecto.com\/wp-content\/uploads\/2025\/01\/con-inversion-de-us-7-millones-activan-desembarco-de-cadena-internacional-en-villa-carlos-paz-5.jpg 750w, http:\/\/cordobadirecto.com\/wp-content\/uploads\/2025\/01\/con-inversion-de-us-7-millones-activan-desembarco-de-cadena-internacional-en-villa-carlos-paz-6.jpg 1140w, http:\/\/cordobadirecto.com\/wp-content\/uploads\/2025\/01\/con-inversion-de-us-7-millones-activan-desembarco-de-cadena-internacional-en-villa-carlos-paz-7.jpg 1800w\" sizes=\"(max-width: 1024px) 100vw, 1024px\" loading=\"lazy\"> <img decoding=\"async\" class=\"aligncenter wp-image-369143 size-large\" src=\"http:\/\/cordobadirecto.com\/wp-content\/uploads\/2025\/01\/con-inversion-de-us-7-millones-activan-desembarco-de-cadena-internacional-en-villa-carlos-paz-1.jpg\" alt width=\"1024\" height=\"683\" srcset=\"http:\/\/cordobadirecto.com\/wp-content\/uploads\/2025\/01\/con-inversion-de-us-7-millones-activan-desembarco-de-cadena-internacional-en-villa-carlos-paz-1.jpg 1024w, http:\/\/cordobadirecto.com\/wp-content\/uploads\/2025\/01\/con-inversion-de-us-7-millones-activan-desembarco-de-cadena-internacional-en-villa-carlos-paz-8.jpg 300w, http:\/\/cordobadirecto.com\/wp-content\/uploads\/2025\/01\/con-inversion-de-us-7-millones-activan-desembarco-de-cadena-internacional-en-villa-carlos-paz-9.jpg 768w, http:\/\/cordobadirecto.com\/wp-content\/uploads\/2025\/01\/con-inversion-de-us-7-millones-activan-desembarco-de-cadena-internacional-en-villa-carlos-paz-10.jpg 1536w, http:\/\/cordobadirecto.com\/wp-content\/uploads\/2025\/01\/con-inversion-de-us-7-millones-activan-desembarco-de-cadena-internacional-en-villa-carlos-paz-11.jpg 750w, http:\/\/cordobadirecto.com\/wp-content\/uploads\/2025\/01\/con-inversion-de-us-7-millones-activan-desembarco-de-cadena-internacional-en-villa-carlos-paz-12.jpg 1140w, http:\/\/cordobadirecto.com\/wp-content\/uploads\/2025\/01\/con-inversion-de-us-7-millones-activan-desembarco-de-cadena-internacional-en-villa-carlos-paz-13.jpg 1800w\" sizes=\"(max-width: 1024px) 100vw, 1024px\" loading=\"lazy\">\n<\/p>\n<p>Seg\u00fan Garc\u00eda, el Ramada que desarrollan para Carlos Paz ser\u00eda un hotel 4 estrellas superior. \u201cLos inversores estamos convencidos que el camino es apoyarnos en una marca de reconocida trayectoria mundial como una forma de continuar elevando los par\u00e1metros de calidad hotelera en Villa Carlos Paz. Desde el sector privado, es una manera tambi\u00e9n de acompa\u00f1ar con inversiones genuinas el proyecto \u201cVilla Carlos Paz Destino Internacional\u201d.\n<\/p>\n<p>En tanto el intendente Avil\u00e9s expres\u00f3: <em>\u201cNosotros venimos trabajando junto al sector privado, con este proyecto a largo plazo y hoy se sigue consolidando Villa Carlos Paz como Destino Internacional, que es un esfuerzo del sector que sigue apostando a la plaza y al crecimiento de la ciudad. Felicitaciones a Andr\u00e9s Garc\u00eda y a todos los responsables, Carlos Paz es el term\u00f3metro en materia tur\u00edstica de la Provincia y esto posiciona a la hoteler\u00eda de la mejor manera a nivel local y provincial\u201d.<\/em>\n<\/p>\n<p>Finalmente, Marcelo Bresanovich indic\u00f3: <em>\u201cestamos muy contentos de llegar a un destino tan importante como esta ciudad y con un grupo inversor que piensa a nivel internacional. Wyndham Hotels &amp;&nbsp; Resorts es la compa\u00f1\u00eda hotelera con m\u00e1s presencia en la Argentina,&nbsp; contamos con&nbsp; 60 hoteles de las marcas Dazzler, Esplendor, Wyndham, Wyndham Garden, Ramada, Days Inn y Howard Johnson\u201d.<\/em>\n<\/p>\n<p>A nivel mundial la compa\u00f1\u00eda hotelera Wyndham Hotels &amp; Resorts cuenta con 9.200 hoteles y m\u00e1s de 260 en Latinoam\u00e9rica y el Caribe. La marca Ramada by Wyndham tiene m\u00e1s de 800 hoteles en el mundo y hay dos hoteles ya abiertos en Argentina en Ciudad de Buenos Aires y Vicente L\u00f3pez. Junto al Ramada by Wyndham Villa Carlos Paz, la cadena esta pr\u00f3xima a anunciar otras dos aperturas en ciudades de Argentina.\n<\/p>\n<p>De esta manera Wyndham Hotels &amp; Resorts suma a Villa Carlos Paz a su portafolio de hoteles a nivel internacional, con un nuevo hotel que integrar\u00e1 el programa de beneficios Wyndham Rewards.\n<\/p>\n<p>&nbsp;\n<\/p>\n<p>&nbsp;\n<\/p>\n<div class=\"g g-38\">\n<div class=\"g-dyn a-12 c-1\"><a class=\"gofollow\" data-track=\"MTIsMzgsMSw2MA==\" href=\"https:\/\/hospitalprivado.com.ar\/blog\/institucional\/somos-la-primera-institucion-del-interior-del-pais-en-acreditar-joint-commission-international.html\" target=\"_blank\" rel=\"noopener\"><img src=\"http:\/\/cordobadirecto.com\/wp-content\/uploads\/2025\/01\/con-inversion-de-us-7-millones-activan-desembarco-de-cadena-internacional-en-villa-carlos-paz.gif\" loading=\"lazy\"><\/a><\/div>\n<\/div>\n","protected":false},"excerpt":{"rendered":"<p>&nbsp; &nbsp; En un evento que cont\u00f3 con la presencia de autoridades locales, inversores y ejecutivos de la cadena hotelera, se present\u00f3 recientemente el desembarco de Ramada by Wyndham a Villa Carlos Paz, una de las 25 marcas de la cadena hotelera internacional Wyndham Hotels &amp; Resorts. Las nuevas instalaciones ya se est\u00e1n construyendo en [&hellip;]<\/p>\n","protected":false},"author":1,"featured_media":160851,"comment_status":"closed","ping_status":"closed","sticky":false,"template":"","format":"standard","meta":[],"categories":[25],"tags":[],"_links":{"self":[{"href":"http:\/\/cordobadirecto.com\/index.php\/wp-json\/wp\/v2\/posts\/160850"}],"collection":[{"href":"http:\/\/cordobadirecto.com\/index.php\/wp-json\/wp\/v2\/posts"}],"about":[{"href":"http:\/\/cordobadirecto.com\/index.php\/wp-json\/wp\/v2\/types\/post"}],"author":[{"embeddable":true,"href":"http:\/\/cordobadirecto.com\/index.php\/wp-json\/wp\/v2\/users\/1"}],"replies":[{"embeddable":true,"href":"http:\/\/cordobadirecto.com\/index.php\/wp-json\/wp\/v2\/comments?post=160850"}],"version-history":[{"count":0,"href":"http:\/\/cordobadirecto.com\/index.php\/wp-json\/wp\/v2\/posts\/160850\/revisions"}],"wp:featuredmedia":[{"embeddable":true,"href":"http:\/\/cordobadirecto.com\/index.php\/wp-json\/wp\/v2\/media\/160851"}],"wp:attachment":[{"href":"http:\/\/cordobadirecto.com\/index.php\/wp-json\/wp\/v2\/media?parent=160850"}],"wp:term":[{"taxonomy":"category","embeddable":true,"href":"http:\/\/cordobadirecto.com\/index.php\/wp-json\/wp\/v2\/categories?post=160850"},{"taxonomy":"post_tag","embeddable":true,"href":"http:\/\/cordobadirecto.com\/index.php\/wp-json\/wp\/v2\/tags?post=160850"}],"curies":[{"name":"wp","href":"https:\/\/api.w.org\/{rel}","templated":true}]}}