{"id":160870,"date":"2025-01-13T22:21:44","date_gmt":"2025-01-13T22:21:44","guid":{"rendered":"https:\/\/www.ole.com.ar\/autos\/piloto-formula-1-choco-sancionado-max-verstappen-esports_0_xIxV1CfnOd.html"},"modified":"2025-01-13T22:21:44","modified_gmt":"2025-01-13T22:21:44","slug":"el-campeon-de-formula-1-que-choco-y-fue-sancionado-en-una-carrera-virtual","status":"publish","type":"post","link":"http:\/\/cordobadirecto.com\/index.php\/2025\/01\/13\/el-campeon-de-formula-1-que-choco-y-fue-sancionado-en-una-carrera-virtual\/","title":{"rendered":"El campe\u00f3n de F\u00f3rmula 1 que choc\u00f3 y fue sancionado en una carrera virtual"},"content":{"rendered":"<p><time class=\"createDate\" datetime=\"2025-01-13T19:21:44-03:00\">13\/01\/2025 19:21hs.<\/time><\/p>\n<div id=\"storyBody\">\n<div class=\"custom-text \" readability=\"34.043583535109\">\n<p>La <strong><a href=\"https:\/\/www.ole.com.ar\/tema\/formula-1.html\" title=\"F\u00f3rmula 1\" alt=\"F\u00f3rmula 1\" class=\"slug\">F\u00f3rmula 1<\/a><\/strong> est\u00e1 de descanso. Desde el 8 de diciembre, cuando se corri\u00f3 el <strong><a href=\"https:\/\/www.ole.com.ar\/tema\/abu-dhabi.html\" title=\"Abu Dhabi\" alt=\"Abu Dhabi\" class=\"slug\">Gran Premio de Abu Dhabi<\/a><\/strong>, el Gran Circo puso el freno de mano y se guard\u00f3 hasta su reinicio en <strong><a href=\"https:\/\/www.ole.com.ar\/tema\/gran-premio-de-australia.html\" title=\"Gran Premio de Australia\" alt=\"Gran Premio de Australia\" class=\"slug\">Australia<\/a><\/strong> el 14 de marzo. Los que nunca paran son los pilotos, que acostumbrados a la velocidad no pueden quedarse quietos: <strong>uno de ellos corri\u00f3 el pasado domingo -aunque virtualmente- y sufri\u00f3 un choque por el que recibi\u00f3 una sanci\u00f3n<\/strong>.<\/p>\n<\/div>\n<p><h2><strong>Max Verstappen volvi\u00f3 a correr y sufri\u00f3 una dura sanci\u00f3n<\/strong><\/h2>\n<\/p>\n<div class=\"custom-text \" readability=\"32.461016949153\">\n<p>Se trata de <strong><a href=\"https:\/\/www.ole.com.ar\/tema\/max-verstappen.html\" title=\"Max Verstappen\" alt=\"Max Verstappen\" class=\"slug\">Max Verstappen<\/a><\/strong>, que en la \u00faltima temporada de F1 logr\u00f3 su cuarto campeonato del mundo al hilo a bordo del RB20 de <strong><a href=\"https:\/\/www.ole.com.ar\/tema\/red-bull.html\" title=\"Red Bull\" alt=\"Red Bull\" class=\"slug\">Red Bull Racing<\/a><\/strong>. En sus meses de descanso, el piloto neerland\u00e9s no pudo aguantar las ganas de ponerse detr\u00e1s del volante y volvi\u00f3 a las pistas en un torneo mundial.<\/p>\n<\/div>\n<div class=\"custom-text \" readability=\"37\">\n<p>Mad Max compit\u00f3 en el <strong>IMSA Esports Championship<\/strong>, una de las competiciones de simuladores m\u00e1s importantes. El evento en el que particip\u00f3 el piloto de RB tuvo lugar en el circuito virtual de <strong>Daytona International Speedway<\/strong> y fue en la categor\u00eda de <strong>GTP<\/strong>, que divid\u00eda una bolsa de <strong>25 mil d\u00f3lares en premios<\/strong> junto con los <strong>GT3<\/strong>.<\/p>\n<\/div>\n<div class=\"sc-e7b891c4-0 ifHnQL image-embed\"><img alt=\"Max Verstappen es un fan\u00e1tico del deporte automotor de simulador. (Imagen: Motorsport)\" loading=\"lazy\" width=\"720\" height=\"100\" decoding=\"async\" data-nimg=\"1\" src=\"http:\/\/cordobadirecto.com\/wp-content\/uploads\/2025\/01\/el-campeon-de-formula-1-que-choco-y-fue-sancionado-en-una-carrera-virtual.jpg\"><span class=\"epigraphe\">Max Verstappen es un fan\u00e1tico del deporte automotor de simulador. (Imagen: Motorsport)<\/span><\/div>\n<div class=\"custom-text \" readability=\"39\">\n<p>El piloto principal de la escuder\u00eda de la bebida energizante fue parte de la carrera final al ser <strong>invitado por medio de una wildcard<\/strong>, mismo formato que emplea el tenis, junto a otro compa\u00f1ero. Max compiti\u00f3 con el equipo <strong>&#8216;Verstappen.com Racing&#8217;<\/strong>, una iniciativa que impuls\u00f3 \u00e9l mismo junto a Red Bull para potenciar el automovilismo virtual, una de las grandes pasiones del neerland\u00e9s.<\/p>\n<\/div>\n<div class=\"custom-text \" readability=\"37\">\n<p>El inicio de carrera fue a la altura de un tetracampe\u00f3n de F1: Super Max pas\u00f3 de la tercera posici\u00f3n el primer puesto en la primera curva y se perfilaba para una buena carrera. Sin embargo, en el siguiente giro el #27 <strong>no lleg\u00f3 a doblar lo suficiente y termin\u00f3 y\u00e9ndose de la pista, llev\u00e1ndose a otro de los competidores con \u00e9l.<\/strong><\/p>\n<\/div>\n<div class=\"sc-e7b891c4-0 ifHnQL image-embed\"><img alt=\"Los autos del equipo de S\u00faper Max. (Imagen: Verstappen.com).\" loading=\"lazy\" width=\"720\" height=\"100\" decoding=\"async\" data-nimg=\"1\" src=\"http:\/\/cordobadirecto.com\/wp-content\/uploads\/2025\/01\/el-campeon-de-formula-1-que-choco-y-fue-sancionado-en-una-carrera-virtual-1.jpg\"><span class=\"epigraphe\">Los autos del equipo de S\u00faper Max. (Imagen: Verstappen.com).<\/span><\/div>\n<div class=\"custom-text \" readability=\"39\">\n<p>Mientras el piloto del Gran Circo recib\u00eda una <strong>sanci\u00f3n de <em>drive trough<\/em><\/strong> por la colisi\u00f3n, muchos levantaron sospechas sobre el hecho. Y es que el impacto fue contra un auto del <strong>equipo Williams Esports #5,<\/strong> que compet\u00eda con el <strong>#20 BMW M Team Redline<\/strong>, que compite <strong>apadrinado por el neerland\u00e9s<\/strong>; al margen de esto, <strong>Williams termin\u00f3 qued\u00e1ndose con la carrera y el campeonato<\/strong>.<\/p>\n<\/div>\n<p><h2><strong>Video: as\u00ed fue el choque de Max Verstappen<\/strong><\/h2>\n<\/p>\n<div class=\"sc-734b4696-1 kFfZtB\" readability=\"6.5\">\n<div class=\"sc-d00d9e74-0 hnHYbk\" type=\"embed\">\n<div class=\"sc-d00d9e74-1 iKVbz videoText\" id=\"contentTitleembeddDu40BFp\" type=\"embed\"><svg fill=\"#ffffff\"><symbol id=\"play\" viewBox=\"0 0 512 512\"><path d=\"M512 256C512 397.4 397.4 512 256 512C114.6 512 0 397.4 0 256C0 114.6 114.6 0 256 0C397.4 0 512 114.6 512 256zM176 168V344C176 352.7 180.7 360.7 188.3 364.9C195.8 369.2 205.1 369 212.5 364.5L356.5 276.5C363.6 272.1 368 264.4 368 256C368 247.6 363.6 239.9 356.5 235.5L212.5 147.5C205.1 142.1 195.8 142.8 188.3 147.1C180.7 151.3 176 159.3 176 168V168z\" \/><\/symbol><use xlink:href=\"#play\" \/><\/svg><\/p>\n<div class=\"right\">\n<p>Max Verstappen<!-- --> &#8211; <span>&nbsp;<\/span><\/p>\n<h2 class=\"title-vid\">As\u00ed fue el choque de Max Verstappen en Daytona<\/h2>\n<\/div>\n<\/div>\n<p><span class=\"back\" id=\"spanBackembeddDu40BFp\"><\/span><\/div>\n<div class=\"JWvideoNota_title\" readability=\"8\">\n<p>El piloto de Red Bull corri\u00f3 la \u00faltima carrera de una competici\u00f3n internacional de simuladores y fue sancionado por este choque.<\/p>\n<\/div>\n<\/div>\n<div class=\"sc-a7166897-0 eoLsBE\" readability=\"6\">\n<section readability=\"2\"><picture><img alt=\"La frase de Flavio Briatore al conocer a Colapinto: &quot;He visto talento y lo quiero&quot;\" loading=\"lazy\" width=\"290\" height=\"290\" decoding=\"async\" data-nimg=\"1\" src=\"http:\/\/cordobadirecto.com\/wp-content\/uploads\/2025\/01\/el-campeon-de-formula-1-que-choco-y-fue-sancionado-en-una-carrera-virtual-2.jpg\"><\/picture>\n<p><span>Mir\u00e1 tambi\u00e9n<\/span><\/p>\n<hr>\n<h3>La frase de Flavio Briatore al conocer a Colapinto: &#8220;He visto talento y lo quiero&#8221;<\/h3>\n<\/p>\n<\/section>\n<\/div>\n<div class=\"sc-a7166897-0 eoLsBE\" readability=\"7\">\n<section readability=\"4\"><picture><img alt=\"Es japon\u00e9s, corre para Alpine y buscar\u00e1 obstaculizar el camino de Colapinto en la F\u00f3rmula 1\" loading=\"lazy\" width=\"290\" height=\"290\" decoding=\"async\" data-nimg=\"1\" src=\"http:\/\/cordobadirecto.com\/wp-content\/uploads\/2025\/01\/el-campeon-de-formula-1-que-choco-y-fue-sancionado-en-una-carrera-virtual-3.jpg\"><\/picture>\n<p><span>Mir\u00e1 tambi\u00e9n<\/span><\/p>\n<hr>\n<h3>Es japon\u00e9s, corre para Alpine y buscar\u00e1 obstaculizar el camino de Colapinto en la F\u00f3rmula 1<\/h3>\n<\/p>\n<\/section>\n<\/div>\n<div class=\"sc-a7166897-0 eoLsBE\" readability=\"6\">\n<section readability=\"2\"><picture><img alt=\"Cu\u00e1ndo correr\u00eda Colapinto y otras respuestas tras el anticipo mundial de Ol\u00e9\" loading=\"lazy\" width=\"290\" height=\"290\" decoding=\"async\" data-nimg=\"1\" src=\"http:\/\/cordobadirecto.com\/wp-content\/uploads\/2025\/01\/el-campeon-de-formula-1-que-choco-y-fue-sancionado-en-una-carrera-virtual-4.jpg\"><\/picture>\n<p><span>Mir\u00e1 tambi\u00e9n<\/span><\/p>\n<hr>\n<h3>Cu\u00e1ndo correr\u00eda Colapinto y otras respuestas tras el anticipo mundial de Ol\u00e9<\/h3>\n<\/p>\n<\/section>\n<\/div>\n<\/div>\n","protected":false},"excerpt":{"rendered":"<p>13\/01\/2025 19:21hs. La F\u00f3rmula 1 est\u00e1 de descanso. Desde el 8 de diciembre, cuando se corri\u00f3 el Gran Premio de Abu Dhabi, el Gran Circo puso el freno de mano y se guard\u00f3 hasta su reinicio en Australia el 14 de marzo. Los que nunca paran son los pilotos, que acostumbrados a la velocidad no [&hellip;]<\/p>\n","protected":false},"author":1,"featured_media":160871,"comment_status":"closed","ping_status":"closed","sticky":false,"template":"","format":"standard","meta":[],"categories":[21],"tags":[],"_links":{"self":[{"href":"http:\/\/cordobadirecto.com\/index.php\/wp-json\/wp\/v2\/posts\/160870"}],"collection":[{"href":"http:\/\/cordobadirecto.com\/index.php\/wp-json\/wp\/v2\/posts"}],"about":[{"href":"http:\/\/cordobadirecto.com\/index.php\/wp-json\/wp\/v2\/types\/post"}],"author":[{"embeddable":true,"href":"http:\/\/cordobadirecto.com\/index.php\/wp-json\/wp\/v2\/users\/1"}],"replies":[{"embeddable":true,"href":"http:\/\/cordobadirecto.com\/index.php\/wp-json\/wp\/v2\/comments?post=160870"}],"version-history":[{"count":0,"href":"http:\/\/cordobadirecto.com\/index.php\/wp-json\/wp\/v2\/posts\/160870\/revisions"}],"wp:featuredmedia":[{"embeddable":true,"href":"http:\/\/cordobadirecto.com\/index.php\/wp-json\/wp\/v2\/media\/160871"}],"wp:attachment":[{"href":"http:\/\/cordobadirecto.com\/index.php\/wp-json\/wp\/v2\/media?parent=160870"}],"wp:term":[{"taxonomy":"category","embeddable":true,"href":"http:\/\/cordobadirecto.com\/index.php\/wp-json\/wp\/v2\/categories?post=160870"},{"taxonomy":"post_tag","embeddable":true,"href":"http:\/\/cordobadirecto.com\/index.php\/wp-json\/wp\/v2\/tags?post=160870"}],"curies":[{"name":"wp","href":"https:\/\/api.w.org\/{rel}","templated":true}]}}