{"id":160872,"date":"2025-01-14T05:02:34","date_gmt":"2025-01-14T05:02:34","guid":{"rendered":"https:\/\/www.ole.com.ar\/futbol-ascenso\/ascenso-primera-nacional-arsenal-jeronimo-pourtau-seleccion-argentina-lionel-scaloni_0_OPWi0sB4MQ.html"},"modified":"2025-01-14T05:02:34","modified_gmt":"2025-01-14T05:02:34","slug":"fue-el-primer-arquero-de-scaloni-en-la-seleccion-y-es-nuevo-refuerzo-de-un-equipo-del-nacional","status":"publish","type":"post","link":"http:\/\/cordobadirecto.com\/index.php\/2025\/01\/14\/fue-el-primer-arquero-de-scaloni-en-la-seleccion-y-es-nuevo-refuerzo-de-un-equipo-del-nacional\/","title":{"rendered":"Fue el primer arquero de Scaloni en la Selecci\u00f3n y es nuevo refuerzo de un equipo del Nacional"},"content":{"rendered":"<p><time class=\"createDate\" datetime=\"2025-01-13T19:41:46-03:00\">13\/01\/2025 19:41hs.<\/time><\/p>\n<div id=\"storyBody\">\n<div class=\"custom-text \" readability=\"37.513513513514\">\n<p>Repetir la \u00faltima campa\u00f1a no es opci\u00f3n en Sarand\u00ed, as\u00ed lo entienden todos. Y claro, porque en su primer a\u00f1o post descenso, <a href=\"https:\/\/www.ole.com.ar\/tema\/arsenal-de-sarandi.html\" title=\"Arsenal de Sarand\u00ed\" alt=\"Arsenal de Sarand\u00ed\" class=\"slug\">Arsenal <\/a>fue de m\u00e1s a menos, decepcion\u00f3 y termin\u00f3 peleando por la permanencia en la <a href=\"https:\/\/www.ole.com.ar\/tema\/primera-nacional.html\" title=\"Primera Nacional\" alt=\"Primera Nacional\" class=\"slug\">Primera Nacional<\/a>. Ahora, todo eso parece haber quedado en el pasado y <strong>es momento de dar vuelta la p\u00e1gina para encarar lo que se avecina en el corto plazo.<\/strong><\/p>\n<\/div>\n<div class=\"custom-text \" readability=\"39\">\n<p>Con este objetivo en el horizonte cercano,<strong> el Arse se movi\u00f3 para cerrar la llegada de Mart\u00edn Rol\u00f3n como director t\u00e9cnico para el 2025 tras la salida de Jos\u00e9 Mar\u00eda Bianco<\/strong>, que dirigi\u00f3 en la recta final. El det\u00e9 de \u00faltimo paso por Talleres de Remedios de Escalada, donde consigui\u00f3 el ascenso de la Primera B en 2023, puso la firma hasta fines del 2025.<\/p>\n<\/div>\n<div class=\"custom-text \" readability=\"34.875949367089\">\n<p>Ya con el regreso a las pr\u00e1cticas consumado y la pretemporada en pleno auge, los del Viaducto comenzaron a moverse fuerte en el mercado. Por eso<strong>, este lunes oficializ\u00f3 la llegada de <a href=\"https:\/\/www.ole.com.ar\/tema\/jeronimo-pourtau.html\" title=\"Jer\u00f3nimo Pourtau\" alt=\"Jer\u00f3nimo Pourtau\" class=\"slug\">J\u00e9ronimo Pourtau<\/a>, arquero de 25 a\u00f1os, con pasado en las juveniles de la <a href=\"https:\/\/www.ole.com.ar\/tema\/seleccion-argentina.html\" title=\"Selecci\u00f3n Argentina\" alt=\"Selecci\u00f3n Argentina\" class=\"slug\">Selecci\u00f3n Argentina<\/a>, donde fue dirigido por <a href=\"https:\/\/www.ole.com.ar\/tema\/lionel-scaloni.html\" title=\"Lionel Scaloni\" alt=\"Lionel Scaloni\" class=\"slug\">Lionel Scaloni <\/a>en el <a href=\"https:\/\/www.ole.com.ar\/tema\/torneo-lalcudia.html\" title=\"Torneo L'Alcudia\" alt=\"Torneo L'Alcudia\" class=\"slug\">Torneo L&#8217;Alcudia <\/a>2018.<\/strong> Llega a pr\u00e9stamo, por un a\u00f1o, desde Temperley.<\/p>\n<\/div>\n<div class=\"sc-e7b891c4-0 ifHnQL image-embed\"><img alt=\"Pourtau firm\u00f3 en Arsenal (Foto: Prensa Arsenal)\" loading=\"lazy\" width=\"720\" height=\"100\" decoding=\"async\" data-nimg=\"1\" src=\"http:\/\/cordobadirecto.com\/wp-content\/uploads\/2025\/01\/fue-el-primer-arquero-de-scaloni-en-la-seleccion-y-es-nuevo-refuerzo-de-un-equipo-del-nacional.jpg\"><span class=\"epigraphe\">Pourtau firm\u00f3 en Arsenal (Foto: Prensa Arsenal)<\/span><\/div>\n<p><h2><strong>El antecedente de Pourtau con Lionel Scaloni <\/strong><\/h2>\n<\/p>\n<div class=\"custom-text \" readability=\"36\">\n<p>El oriundo de Brandsen fue el primer arquero del hoy det\u00e9 campe\u00f3n del mundo y bicampe\u00f3n de Am\u00e9rica. S\u00ed, porque cuando Scaloni reci\u00e9n empezaba a hacer sus primeras armas del otro lado de la l\u00ednea de cal <strong>se la jug\u00f3 por el joven surgido de Estudiantes de La Plata para que sea su 1 en el Torneo Sub-20 L&#8217;Alcudia 2018.<\/strong><\/p>\n<\/div>\n<div class=\"custom-text \" readability=\"38\">\n<p>Y vaya si J\u00e9ronimo Pourtau le respondi\u00f3 al entrenador: fue clave para la consagraci\u00f3n de la Albiceleste en aquel certamen amistoso, que luego catapult\u00f3 al nacido en Pujato a la Selecci\u00f3n Mayor. Tal result\u00f3 la importancia del portero, que <strong>se visti\u00f3 de h\u00e9roe en los penales ante Uruguay en semifinales (tap\u00f3 dos tiros en la tanda), que fue premiado por la organizaci\u00f3n al finalizar la competencia.<\/strong><\/p>\n<\/div>\n<div class=\"sc-734b4696-1 kFfZtB\" readability=\"6\">\n<div class=\"sc-d00d9e74-0 hnHYbk\" type=\"embed\">\n<div class=\"sc-d00d9e74-1 iKVbz videoText\" id=\"contentTitleembed0wjtHBxT\" type=\"embed\"><svg fill=\"#ffffff\"><symbol id=\"play\" viewBox=\"0 0 512 512\"><path d=\"M512 256C512 397.4 397.4 512 256 512C114.6 512 0 397.4 0 256C0 114.6 114.6 0 256 0C397.4 0 512 114.6 512 256zM176 168V344C176 352.7 180.7 360.7 188.3 364.9C195.8 369.2 205.1 369 212.5 364.5L356.5 276.5C363.6 272.1 368 264.4 368 256C368 247.6 363.6 239.9 356.5 235.5L212.5 147.5C205.1 142.1 195.8 142.8 188.3 147.1C180.7 151.3 176 159.3 176 168V168z\" \/><\/symbol><use xlink:href=\"#play\" \/><\/svg><\/p>\n<div class=\"right\">\n<p>vsuruguay<!-- --> &#8211; <span>&nbsp;<\/span><\/p>\n<h2 class=\"title-vid\">Mir\u00e1 el partido de Pourtau<\/h2>\n<\/div>\n<\/div>\n<p><span class=\"back\" id=\"spanBackembed0wjtHBxT\"><\/span><\/div>\n<div class=\"JWvideoNota_title\" readability=\"7\">\n<p>Argentina 0 (3) &#8211; Uruguay 0 (1). Semifinal. Torneo de L&#8217;Alc\u00fadia. (Fuente: TNT Sports)<\/p>\n<\/div>\n<\/div>\n<p><h2><strong>La carrera del nuevo arquero de Arsenal <\/strong><\/h2>\n<\/p>\n<div class=\"custom-text \" readability=\"37\">\n<p>Surgido en las divisiones inferiores de Estudiantes de La Plata, <strong>en 2021 el arquero hizo su debut en la Primera del Pincha.<\/strong> Sin embargo, en el conjunto platense no logr\u00f3 tener gran continuidad (disput\u00f3 apenas siete compromisos y recibi\u00f3 17 tantos), por lo que<strong> en 2023 recal\u00f3 en Temperley.<\/strong><\/p>\n<\/div>\n<div class=\"custom-text \" readability=\"36\">\n<p>Con el buzo del Gasolero mostr\u00f3 su mejor versi\u00f3n: se gan\u00f3 el puesto bajo la tutela de Alejandro Orfila y fue clave para que el Cele d\u00e9 pelea en la Primera Nacional (lleg\u00f3 a semis del Reducido):<strong> jug\u00f3 20 partidos y le hicieron 23 goles. Su buen nivel lo llev\u00f3 a Primera: en 2024 pas\u00f3 a cedido a Sarmiento de Jun\u00edn, donde ataj\u00f3 cuatro duelos y le convirtieron cinco veces.<\/strong><\/p>\n<\/div>\n<div class=\"sc-e7b891c4-0 ifHnQL image-embed\"><img alt=\"Jer\u00f3nimo Pourtau pas\u00f3 por Sarmiento en 2024.\" loading=\"lazy\" width=\"720\" height=\"100\" decoding=\"async\" data-nimg=\"1\" src=\"http:\/\/cordobadirecto.com\/wp-content\/uploads\/2025\/01\/fue-el-primer-arquero-de-scaloni-en-la-seleccion-y-es-nuevo-refuerzo-de-un-equipo-del-nacional-1.jpg\"><span class=\"epigraphe\">Jer\u00f3nimo Pourtau pas\u00f3 por Sarmiento en 2024.<\/span><\/div>\n<\/div>\n","protected":false},"excerpt":{"rendered":"<p>13\/01\/2025 19:41hs. Repetir la \u00faltima campa\u00f1a no es opci\u00f3n en Sarand\u00ed, as\u00ed lo entienden todos. Y claro, porque en su primer a\u00f1o post descenso, Arsenal fue de m\u00e1s a menos, decepcion\u00f3 y termin\u00f3 peleando por la permanencia en la Primera Nacional. Ahora, todo eso parece haber quedado en el pasado y es momento de dar [&hellip;]<\/p>\n","protected":false},"author":1,"featured_media":160873,"comment_status":"closed","ping_status":"closed","sticky":false,"template":"","format":"standard","meta":[],"categories":[21],"tags":[],"_links":{"self":[{"href":"http:\/\/cordobadirecto.com\/index.php\/wp-json\/wp\/v2\/posts\/160872"}],"collection":[{"href":"http:\/\/cordobadirecto.com\/index.php\/wp-json\/wp\/v2\/posts"}],"about":[{"href":"http:\/\/cordobadirecto.com\/index.php\/wp-json\/wp\/v2\/types\/post"}],"author":[{"embeddable":true,"href":"http:\/\/cordobadirecto.com\/index.php\/wp-json\/wp\/v2\/users\/1"}],"replies":[{"embeddable":true,"href":"http:\/\/cordobadirecto.com\/index.php\/wp-json\/wp\/v2\/comments?post=160872"}],"version-history":[{"count":0,"href":"http:\/\/cordobadirecto.com\/index.php\/wp-json\/wp\/v2\/posts\/160872\/revisions"}],"wp:featuredmedia":[{"embeddable":true,"href":"http:\/\/cordobadirecto.com\/index.php\/wp-json\/wp\/v2\/media\/160873"}],"wp:attachment":[{"href":"http:\/\/cordobadirecto.com\/index.php\/wp-json\/wp\/v2\/media?parent=160872"}],"wp:term":[{"taxonomy":"category","embeddable":true,"href":"http:\/\/cordobadirecto.com\/index.php\/wp-json\/wp\/v2\/categories?post=160872"},{"taxonomy":"post_tag","embeddable":true,"href":"http:\/\/cordobadirecto.com\/index.php\/wp-json\/wp\/v2\/tags?post=160872"}],"curies":[{"name":"wp","href":"https:\/\/api.w.org\/{rel}","templated":true}]}}