{"id":160883,"date":"2025-01-14T19:58:27","date_gmt":"2025-01-14T19:58:27","guid":{"rendered":"http:\/\/cordobadirecto.com\/index.php\/2025\/01\/14\/uno-por-uno-como-atravesaron-los-sectores-economicos-el-2024-perfil\/"},"modified":"2025-01-14T19:58:27","modified_gmt":"2025-01-14T19:58:27","slug":"uno-por-uno-como-atravesaron-los-sectores-economicos-el-2024-perfil","status":"publish","type":"post","link":"http:\/\/cordobadirecto.com\/index.php\/2025\/01\/14\/uno-por-uno-como-atravesaron-los-sectores-economicos-el-2024-perfil\/","title":{"rendered":"Uno por uno: c\u00f3mo atravesaron los sectores econ\u00f3micos el 2024 | Perfil"},"content":{"rendered":"<p>Luego, el shock cambiario, fiscal y monetario que aplic\u00f3 el <b>nuevo<\/b> gobierno contribuy\u00f3 a que inicialmente la <b>econom\u00eda<\/b> profundizara su baja, sumando dos&nbsp;&#8230; <\/p>\n","protected":false},"excerpt":{"rendered":"<p>Luego, el shock cambiario, fiscal y monetario que aplic\u00f3 el nuevo gobierno contribuy\u00f3 a que inicialmente la econom\u00eda profundizara su baja, sumando dos&nbsp;&#8230;<\/p>\n","protected":false},"author":1,"featured_media":0,"comment_status":"closed","ping_status":"closed","sticky":false,"template":"","format":"standard","meta":[],"categories":[40],"tags":[],"_links":{"self":[{"href":"http:\/\/cordobadirecto.com\/index.php\/wp-json\/wp\/v2\/posts\/160883"}],"collection":[{"href":"http:\/\/cordobadirecto.com\/index.php\/wp-json\/wp\/v2\/posts"}],"about":[{"href":"http:\/\/cordobadirecto.com\/index.php\/wp-json\/wp\/v2\/types\/post"}],"author":[{"embeddable":true,"href":"http:\/\/cordobadirecto.com\/index.php\/wp-json\/wp\/v2\/users\/1"}],"replies":[{"embeddable":true,"href":"http:\/\/cordobadirecto.com\/index.php\/wp-json\/wp\/v2\/comments?post=160883"}],"version-history":[{"count":0,"href":"http:\/\/cordobadirecto.com\/index.php\/wp-json\/wp\/v2\/posts\/160883\/revisions"}],"wp:attachment":[{"href":"http:\/\/cordobadirecto.com\/index.php\/wp-json\/wp\/v2\/media?parent=160883"}],"wp:term":[{"taxonomy":"category","embeddable":true,"href":"http:\/\/cordobadirecto.com\/index.php\/wp-json\/wp\/v2\/categories?post=160883"},{"taxonomy":"post_tag","embeddable":true,"href":"http:\/\/cordobadirecto.com\/index.php\/wp-json\/wp\/v2\/tags?post=160883"}],"curies":[{"name":"wp","href":"https:\/\/api.w.org\/{rel}","templated":true}]}}