{"id":160906,"date":"2025-01-15T01:21:22","date_gmt":"2025-01-15T01:21:22","guid":{"rendered":"https:\/\/www.ole.com.ar\/autos\/concordia-formula-1-runner-entrerriano-vistio-colapinto-franco-enloquecio_0_vPVU42ffYh.html"},"modified":"2025-01-15T01:21:22","modified_gmt":"2025-01-15T01:21:22","slug":"de-concordia-a-la-formula-1-un-runner-entrerriano-se-vistio-de-colapinto-y-franco-enloquecio","status":"publish","type":"post","link":"http:\/\/cordobadirecto.com\/index.php\/2025\/01\/15\/de-concordia-a-la-formula-1-un-runner-entrerriano-se-vistio-de-colapinto-y-franco-enloquecio\/","title":{"rendered":"De Concordia a la F\u00f3rmula 1: un runner entrerriano se visti\u00f3 de Colapinto y Franco enloqueci\u00f3"},"content":{"rendered":"<p><time class=\"createDate\" datetime=\"2025-01-14T22:21:22-03:00\">14\/01\/2025 22:21hs.<\/time><\/p>\n<div id=\"storyBody\">\n<div class=\"custom-text \" readability=\"42.19739292365\">\n<p><strong>De Concordia a <a href=\"https:\/\/www.ole.com.ar\/tema\/alpine.html\" title=\"Alpine\" alt=\"Alpine\" class=\"slug\">Alpine<\/a>, con parada en la Marat\u00f3n de Reyes. Juli\u00e1n Odiard<\/strong>, un crack del running y la creatividad, volvi\u00f3 a sorprender a todos en la 46\u00b0 edici\u00f3n de esta ic\u00f3nica carrera entrerriana. <strong>Esta vez, no sali\u00f3 vestido de Spiderman ni de Flash, como en a\u00f1os anteriores.<\/strong> No. Este a\u00f1o fue por todo: <strong>se puso el casco, el mono y sali\u00f3 a la pista full caracterizado como <a href=\"https:\/\/www.ole.com.ar\/tema\/franco-colapinto.html\" title=\"Franco Colapinto\" alt=\"Franco Colapinto\" class=\"slug\">Franco Colapinto<\/a><\/strong>. \u00a1Y la rompi\u00f3! <strong>Tanto que el propio piloto se tom\u00f3 un ratito para saludarlo en redes: \u201cCapo, ya de Alpine\u201d<\/strong>, le escribi\u00f3. S\u00ed, un lujo.<\/p>\n<\/div>\n<p><h2>Un runner con pasi\u00f3n por los disfraces<\/h2>\n<\/p>\n<div class=\"custom-text \" readability=\"40\">\n<p>La Marat\u00f3n de Reyes es conocida por la buena onda de los corredores, muchos de los cuales aprovechan para desplegar toda su creatividad. En esta competencia de 10 kil\u00f3metros que parte desde la intersecci\u00f3n de Avenida San Lorenzo y Sarmiento y termina en el Cors\u00f3dromo Atanasio Bonfiglio, pod\u00e9s ver de todo: reyes magos, Pap\u00e1s Noel, dinosaurios, personajes de historietas y hasta frutas y verduras a cuestas. Pero Juli\u00e1n lleva esto a otro nivel.<\/p>\n<\/div>\n<div class=\"custom-text \" readability=\"44\">\n<p>\u201cHace un par de a\u00f1os sal\u00ed a correr con un amigo, ambos con pelucas, y la gente nos aplaud\u00eda. La pasamos tan bien que desde entonces, siempre busco hacer algo especial\u201d, cuenta el corredor, quien el a\u00f1o pasado sali\u00f3 con la camiseta de Juli\u00e1n \u00c1lvarez y una m\u00e1scara del Hombre Ara\u00f1a. Pero <strong>esta vez, la inspiraci\u00f3n vino del mundo del automovilismo, y no de cualquier piloto, sino de Franco Colapinto<\/strong>, el joven de Pilar que est\u00e1 dando que hablar nuevamente con la noticia que sacudi\u00f3 a todo el pa\u00eds al sumarse a la escuder\u00eda Alpine.<\/p>\n<\/div>\n<div class=\"sc-e7b891c4-0 ifHnQL image-embed\"><img alt=\"En Concordia, Juli\u00e1n Odiard decidi\u00f3 correr la Marat\u00f3n de Reyes disfrazado de Franco Colapinto y el piloto lo sorprendi\u00f3 con un mensaje.\" loading=\"lazy\" width=\"720\" height=\"100\" decoding=\"async\" data-nimg=\"1\" src=\"http:\/\/cordobadirecto.com\/wp-content\/uploads\/2025\/01\/de-concordia-a-la-formula-1-un-runner-entrerriano-se-vistio-de-colapinto-y-franco-enloquecio.jpg\"><span class=\"epigraphe\">En Concordia, Juli\u00e1n Odiard decidi\u00f3 correr la Marat\u00f3n de Reyes disfrazado de Franco Colapinto y el piloto lo sorprendi\u00f3 con un mensaje.<\/span><\/div>\n<p><h2>De Spiderman a Colapinto<\/h2>\n<\/p>\n<div class=\"custom-text \" readability=\"39\">\n<p><strong>\u201cLa idea se me ocurri\u00f3 porque soy fan\u00e1tico de Franco y su historia me inspira mucho\u201d, comenta Odiard<\/strong>, quien no dej\u00f3 detalle librado al azar. Consigui\u00f3 un mono de carrera gracias a contactos en el mundo del karting y, <strong>cuando ya ten\u00eda todo listo para lucir los colores de Williams, se enter\u00f3 del cambio de equipo del piloto a Alpine.<\/strong> \u00bfQu\u00e9 hizo? Ajust\u00f3 los planes a \u00faltimo momento para estar a la altura. \u00a1Un fen\u00f3meno!<\/p>\n<\/div>\n<div class=\"custom-text \" readability=\"40\">\n<p>Incluso, Juli\u00e1n entren\u00f3 los d\u00edas previos corriendo con el casco para asegurarse de que la indumentaria no le jugara en contra durante la carrera. Y el esfuerzo vali\u00f3 la pena. <strong>\u201cLa gente gritaba \u2018\u00a1Vamos Colapinto!\u2019 y aplaud\u00eda. Fue incre\u00edble, me sent\u00ed en una largada de F\u00f3rmula 1\u201d, relata emocionado. <\/strong>Para completar la escena, <strong>su hermano Luciano lo acompa\u00f1\u00f3 con una bandera argentina y los logos de Alpine, simulando ser su representante.<\/strong><\/p>\n<\/div>\n<div class=\"sc-734b4696-1 kFfZtB\">\n<div class=\"sc-d00d9e74-0 hnHYbk\" type=\"embed\">\n<div class=\"sc-d00d9e74-1 iKVbz videoText\" id=\"contentTitleembedxNIsbXTd\" type=\"embed\"><svg fill=\"#ffffff\"><symbol id=\"play\" viewBox=\"0 0 512 512\"><path d=\"M512 256C512 397.4 397.4 512 256 512C114.6 512 0 397.4 0 256C0 114.6 114.6 0 256 0C397.4 0 512 114.6 512 256zM176 168V344C176 352.7 180.7 360.7 188.3 364.9C195.8 369.2 205.1 369 212.5 364.5L356.5 276.5C363.6 272.1 368 264.4 368 256C368 247.6 363.6 239.9 356.5 235.5L212.5 147.5C205.1 142.1 195.8 142.8 188.3 147.1C180.7 151.3 176 159.3 176 168V168z\" \/><\/symbol><use xlink:href=\"#play\" \/><\/svg><\/p>\n<div class=\"right\">\n<p>Franco Colapinto<!-- --> &#8211; <span>&nbsp;<\/span><\/p>\n<h2 class=\"title-vid\">Juli\u00e1n Odiard que decidi\u00f3 correr la Marat\u00f3n de Reyes disfrazado de Franco Colapinto<\/h2>\n<\/div>\n<\/div>\n<p><span class=\"back\" id=\"spanBackembedxNIsbXTd\"><\/span><\/div>\n<div class=\"JWvideoNota_title\">\n<p>Video: La capital<\/p>\n<\/div>\n<\/div>\n<p><h2>El saludo de Colapinto que lo emocion\u00f3<\/h2>\n<\/p>\n<div class=\"custom-text \" readability=\"41\">\n<p>La historia podr\u00eda haber quedado ah\u00ed, como un divertido homenaje en una carrera local, pero la magia de las redes sociales hizo lo suyo.<strong> <\/strong>Al enterarse del gesto, <strong>Colapa no dud\u00f3 en saludar al corredor. \u201cCapoooo, ya de Alpine\u201d, le <\/strong>escribi\u00f3 el piloto en Instagram, con un toque de humor. Juli\u00e1n no pod\u00eda creerlo: <strong>\u201cJam\u00e1s esper\u00e9 que Franco me respondiera una historia. Tiene una gran humildad y se tom\u00f3 el tiempo de enviarme saludos. <\/strong>Mi hermano se puso como loco\u201d.<\/p>\n<\/div>\n<div class=\"custom-text \" readability=\"40\">\n<p>Y claro, la conexi\u00f3n entre ambos no es casualidad. Colapinto, con su corta pero impresionante trayectoria, se ha convertido en una figura que trasciende el automovilismo. Desde Pilar al mundo, el joven piloto ha despertado el entusiasmo de una nueva generaci\u00f3n de fan\u00e1ticos. No solo por su talento en la pista, sino tambi\u00e9n por su car\u00e1cter y cercan\u00eda con la gente.<\/p>\n<\/div>\n<div class=\"sc-e7b891c4-0 ifHnQL image-embed\"><img alt=\"El piloto le respondi\u00f3 por Instagram al runner. (Foto: La Capital).\" loading=\"lazy\" width=\"720\" height=\"100\" decoding=\"async\" data-nimg=\"1\" src=\"http:\/\/cordobadirecto.com\/wp-content\/uploads\/2025\/01\/de-concordia-a-la-formula-1-un-runner-entrerriano-se-vistio-de-colapinto-y-franco-enloquecio-1.jpg\"><span class=\"epigraphe\">El piloto le respondi\u00f3 por Instagram al runner. (Foto: La Capital).<\/span><\/div>\n<p><h2>La Marat\u00f3n de Reyes: un cl\u00e1sico con mucho color<\/h2>\n<\/p>\n<div class=\"custom-text \" readability=\"39\">\n<p>El evento de Concordia no es solo una competencia atl\u00e9tica, sino una fiesta que celebra la creatividad y el esfuerzo. Cada a\u00f1o re\u00fane a corredores de todas las edades y niveles, pero siempre hay lugar para lo inesperado. En este caso, fue el homenaje a Colapinto lo que se rob\u00f3 todas las miradas y comentarios, destacando que la pasi\u00f3n por el deporte no tiene l\u00edmites.<\/p>\n<\/div>\n<div class=\"custom-text \" readability=\"40\">\n<p><strong>Para Juli\u00e1n, la vara qued\u00f3 bien alta: \u201cVeremos qu\u00e9 traje elijo el a\u00f1o que viene. Es dif\u00edcil superar esto, pero siempre se me ocurre algo\u201d<\/strong>, dice entre risas. Y para Franco, este es solo otro ejemplo del cari\u00f1o y la admiraci\u00f3n que despierta en Argentina y m\u00e1s all\u00e1. Porque cuando alguien como \u00e9l llega a lo m\u00e1s alto, lleva consigo los sue\u00f1os de todos los que lo siguen.<\/p>\n<\/div>\n<div class=\"sc-e7b891c4-0 ifHnQL image-embed\"><img alt=\"Colapinto ya es de Alpine.\" loading=\"lazy\" width=\"720\" height=\"100\" decoding=\"async\" data-nimg=\"1\" src=\"http:\/\/cordobadirecto.com\/wp-content\/uploads\/2025\/01\/de-concordia-a-la-formula-1-un-runner-entrerriano-se-vistio-de-colapinto-y-franco-enloquecio-2.jpg\"><span class=\"epigraphe\">Colapinto ya es de Alpine.<\/span><\/div>\n<div class=\"custom-text \" readability=\"35\">\n<p><strong>\u00bfLa moraleja? Cuando se trata de pasi\u00f3n, creatividad y deporte, siempre hay lugar para una vuelta m\u00e1s de rosca. Juli\u00e1n lo sabe. Y Franco tambi\u00e9n\u2026<\/strong><\/p>\n<\/div>\n<div class=\"sc-a7166897-0 eoLsBE\" readability=\"7\">\n<section readability=\"4\"><picture><img alt=\"Colapinto: la negociaci\u00f3n con Red Bull, el inter\u00e9s de Briatore y la cena con Lando Norris\" loading=\"lazy\" width=\"290\" height=\"290\" decoding=\"async\" data-nimg=\"1\" src=\"http:\/\/cordobadirecto.com\/wp-content\/uploads\/2025\/01\/de-concordia-a-la-formula-1-un-runner-entrerriano-se-vistio-de-colapinto-y-franco-enloquecio-3.jpg\"><\/picture>\n<p><span>Mir\u00e1 tambi\u00e9n<\/span><\/p>\n<hr>\n<h3>Colapinto: la negociaci\u00f3n con Red Bull, el inter\u00e9s de Briatore y la cena con Lando Norris<\/h3>\n<\/p>\n<\/section>\n<\/div>\n<div class=\"sc-a7166897-0 eoLsBE\" readability=\"6\">\n<section readability=\"2\"><picture><img alt=\"El reemplazante de Colapinto entr\u00f3 en un listado hist\u00f3rico de la F\u00f3rmula 1\" loading=\"lazy\" width=\"290\" height=\"290\" decoding=\"async\" data-nimg=\"1\" src=\"http:\/\/cordobadirecto.com\/wp-content\/uploads\/2025\/01\/de-concordia-a-la-formula-1-un-runner-entrerriano-se-vistio-de-colapinto-y-franco-enloquecio-4.jpg\"><\/picture>\n<p><span>Mir\u00e1 tambi\u00e9n<\/span><\/p>\n<hr>\n<h3>El reemplazante de Colapinto entr\u00f3 en un listado hist\u00f3rico de la F\u00f3rmula 1<\/h3>\n<\/p>\n<\/section>\n<\/div>\n<div class=\"sc-a7166897-0 eoLsBE\" readability=\"6\">\n<section readability=\"2\"><picture><img alt=\"El campe\u00f3n de F\u00f3rmula 1 que choc\u00f3 y fue sancionado en una carrera virtual\" loading=\"lazy\" width=\"290\" height=\"290\" decoding=\"async\" data-nimg=\"1\" src=\"http:\/\/cordobadirecto.com\/wp-content\/uploads\/2025\/01\/de-concordia-a-la-formula-1-un-runner-entrerriano-se-vistio-de-colapinto-y-franco-enloquecio-5.jpg\"><\/picture>\n<p><span>Mir\u00e1 tambi\u00e9n<\/span><\/p>\n<hr>\n<h3>El campe\u00f3n de F\u00f3rmula 1 que choc\u00f3 y fue sancionado en una carrera virtual<\/h3>\n<\/p>\n<\/section>\n<\/div>\n<\/div>\n","protected":false},"excerpt":{"rendered":"<p>14\/01\/2025 22:21hs. De Concordia a Alpine, con parada en la Marat\u00f3n de Reyes. Juli\u00e1n Odiard, un crack del running y la creatividad, volvi\u00f3 a sorprender a todos en la 46\u00b0 edici\u00f3n de esta ic\u00f3nica carrera entrerriana. Esta vez, no sali\u00f3 vestido de Spiderman ni de Flash, como en a\u00f1os anteriores. No. Este a\u00f1o fue por [&hellip;]<\/p>\n","protected":false},"author":1,"featured_media":160907,"comment_status":"closed","ping_status":"closed","sticky":false,"template":"","format":"standard","meta":[],"categories":[21],"tags":[],"_links":{"self":[{"href":"http:\/\/cordobadirecto.com\/index.php\/wp-json\/wp\/v2\/posts\/160906"}],"collection":[{"href":"http:\/\/cordobadirecto.com\/index.php\/wp-json\/wp\/v2\/posts"}],"about":[{"href":"http:\/\/cordobadirecto.com\/index.php\/wp-json\/wp\/v2\/types\/post"}],"author":[{"embeddable":true,"href":"http:\/\/cordobadirecto.com\/index.php\/wp-json\/wp\/v2\/users\/1"}],"replies":[{"embeddable":true,"href":"http:\/\/cordobadirecto.com\/index.php\/wp-json\/wp\/v2\/comments?post=160906"}],"version-history":[{"count":0,"href":"http:\/\/cordobadirecto.com\/index.php\/wp-json\/wp\/v2\/posts\/160906\/revisions"}],"wp:featuredmedia":[{"embeddable":true,"href":"http:\/\/cordobadirecto.com\/index.php\/wp-json\/wp\/v2\/media\/160907"}],"wp:attachment":[{"href":"http:\/\/cordobadirecto.com\/index.php\/wp-json\/wp\/v2\/media?parent=160906"}],"wp:term":[{"taxonomy":"category","embeddable":true,"href":"http:\/\/cordobadirecto.com\/index.php\/wp-json\/wp\/v2\/categories?post=160906"},{"taxonomy":"post_tag","embeddable":true,"href":"http:\/\/cordobadirecto.com\/index.php\/wp-json\/wp\/v2\/tags?post=160906"}],"curies":[{"name":"wp","href":"https:\/\/api.w.org\/{rel}","templated":true}]}}