{"id":160915,"date":"2025-01-14T20:20:02","date_gmt":"2025-01-14T20:20:02","guid":{"rendered":"https:\/\/cordoba.gob.ar\/?p=66231"},"modified":"2025-01-14T20:20:02","modified_gmt":"2025-01-14T20:20:02","slug":"dia-mundial-de-la-selfie-en-los-museos-con-disfraces-los-espacios-municipales-invitan-a-caracterizar-a-los-iconos-de-cordoba","status":"publish","type":"post","link":"http:\/\/cordobadirecto.com\/index.php\/2025\/01\/14\/dia-mundial-de-la-selfie-en-los-museos-con-disfraces-los-espacios-municipales-invitan-a-caracterizar-a-los-iconos-de-cordoba\/","title":{"rendered":"D\u00eda Mundial de la Selfie en los Museos: con disfraces, los espacios municipales invitan a caracterizar a los \u00edconos de C\u00f3rdoba"},"content":{"rendered":"<div><img src=\"http:\/\/cordobadirecto.com\/wp-content\/uploads\/2025\/01\/dia-mundial-de-la-selfie-en-los-museos-con-disfraces-los-espacios-municipales-invitan-a-caracterizar-a-los-iconos-de-cordoba.jpg\" class=\"ff-og-image-inserted\"><\/div>\n<ul class=\"ak-ul\">\n<li><strong>Fotografiate luciendo como Leonor Marzano, el Hombre Urbano, jesuita y m\u00e1s representantes de la Capital en uno de los ocho los museos que se encuentran abiertos al p\u00fablico de manera gratuita<\/strong><\/li>\n<li><strong>La iniciativa es promovida por la UNESCO cada tercer mi\u00e9rcoles de enero.<\/strong><\/li>\n<\/ul>\n<hr>\n<p>Este mi\u00e9rcoles 15 de enero se celebra el D\u00eda Mundial de la Selfie en los Museos. En esta edici\u00f3n 2025, la Municipalidad de C\u00f3rdoba tendr\u00e1 la particularidad de convertirse en los protagonistas de los espacios que recorren.<\/p>\n<p>Si visitan el Museo de la Ciudad en el Cabildo podr\u00e1n tocar el piano de Leonor Marzano y caracterizarse como ella; si pasan por La Cripta se transformar\u00e1n en Jesuitas; si la idea es visitar el Genaro P\u00e9rez, all\u00ed podr\u00e1n ser una obra del gran maestro Antonio Segu\u00ed y usar el sombrero del Hombre Urbano.<\/p>\n<p>Si recorren el Museo Iberoamericano se convertir\u00e1n en artesanos; y en el Museo de la Industria, con la vestimenta papal, podr\u00e1n hacer un recorrido imaginario de la segunda visita Del Papa Juan Pablo II&nbsp;a la ciudad, el 7 de abril de 1987, con el \u201cRen\u00f3\u201d que lo transportaba: el ic\u00f3nico Papa M\u00f3vil.<\/p>\n<p>Este veh\u00edculo fue desarrollado especialmente por la f\u00e1brica Renault desde 1986, sobre una furgoneta Renault Trafic chasis cabina, montando una caja de cristal antibala, instalando all\u00ed una butaca y dos banquetas para quienes lo acompa\u00f1asen.<\/p>\n<p>Desde 1998 es parte de la colecci\u00f3n permanente del Museo de la Industria de la ciudad de C\u00f3rdoba, siendo propiedad del Arzobispado de C\u00f3rdoba.<\/p>\n<p>Ser\u00e1n ocho los museos municipales abiertos a todo p\u00fablico, de manera gratuita:<\/p>\n<p><strong>\u00b7&nbsp;&nbsp;&nbsp;&nbsp;&nbsp;&nbsp;&nbsp;&nbsp; Museo Genaro P\u00e9rez<\/strong><\/p>\n<p>Lugar: Av. General Paz 33<\/p>\n<p>9:00 a 19:00<\/p>\n<p><strong>\u00b7&nbsp;&nbsp;&nbsp;&nbsp;&nbsp;&nbsp;&nbsp;&nbsp; Museo de la Industria<\/strong><\/p>\n<p>Lugar: Libertad 1130, barrio General Paz<\/p>\n<p>Horario: 8:00 a 15:00<\/p>\n<p><strong>\u00b7&nbsp;&nbsp;&nbsp;&nbsp;&nbsp;&nbsp;&nbsp;&nbsp; Museo Juan de Tejeda<\/strong><\/p>\n<p>Lugar: Independencia 122<\/p>\n<p>Horario: 08:00 a 14:00<\/p>\n<p><strong>\u00b7&nbsp;&nbsp;&nbsp;&nbsp;&nbsp;&nbsp;&nbsp;&nbsp; Museo Iberoamericano de Artesan\u00edas<\/strong><\/p>\n<p>Lugar: Belgrano 750, barrio G\u00fcemes<\/p>\n<p>Horario: 9:00 a 14:00<\/p>\n<p><strong>\u00b7&nbsp;&nbsp;&nbsp;&nbsp;&nbsp;&nbsp;&nbsp;&nbsp; Museo de la Ciudad<\/strong><\/p>\n<p>Lugar: Cabildo de C\u00f3rdoba, Independencia 30<\/p>\n<p>Horario: 10:00 a 14:00<\/p>\n<p><strong>\u00b7&nbsp;&nbsp;&nbsp;&nbsp;&nbsp;&nbsp;&nbsp;&nbsp; Museo del Arco de C\u00f3rdoba<\/strong><\/p>\n<p>Lugar: Av. Amadeo Sabatini 4750<\/p>\n<p>Horario: 9:00 a 13:00<\/p>\n<p><strong>\u00b7&nbsp;&nbsp;&nbsp;&nbsp;&nbsp;&nbsp;&nbsp;&nbsp; Museo de sitio Cripta Jesu\u00edtica del Viejo Noviciado<\/strong><\/p>\n<p>Lugar: Av. Col\u00f3n esq. Rivera Indarte<\/p>\n<p>Horario: 09:00 a 14:00<\/p>\n<p><strong>\u00b7&nbsp;&nbsp;&nbsp;&nbsp;&nbsp;&nbsp;&nbsp;&nbsp; Museo Metropolitano de Arte Urbano<\/strong><\/p>\n<p>Lugar: Plaza Espa\u00f1a<\/p>\n<p>Horario: 14:00 a 21:00<\/p>\n<p><strong>Sobre el #MuseumSelfieDay<\/strong><\/p>\n<p>Es una iniciativa que pone en valor a los museos y es una manera de visitar el acervo cultural desde otra invitaci\u00f3n, ya que en la mayor\u00eda de los museos no est\u00e1 permito el registro fotogr\u00e1fico. Esta actividad integra a las nuevas tecnolog\u00edas con las instituciones art\u00edsticas y sus p\u00fablicos, con el fin de enriquecer el acceso a la cultura.<\/p>\n","protected":false},"excerpt":{"rendered":"<p>Fotografiate luciendo como Leonor Marzano, el Hombre Urbano, jesuita y m\u00e1s representantes de la Capital en uno de los ocho los museos que se encuentran abiertos al p\u00fablico de manera gratuita La iniciativa es promovida por la UNESCO cada tercer mi\u00e9rcoles de enero. Este mi\u00e9rcoles 15 de enero se celebra el D\u00eda Mundial de la [&hellip;]<\/p>\n","protected":false},"author":1,"featured_media":160916,"comment_status":"closed","ping_status":"closed","sticky":false,"template":"","format":"standard","meta":[],"categories":[44],"tags":[],"_links":{"self":[{"href":"http:\/\/cordobadirecto.com\/index.php\/wp-json\/wp\/v2\/posts\/160915"}],"collection":[{"href":"http:\/\/cordobadirecto.com\/index.php\/wp-json\/wp\/v2\/posts"}],"about":[{"href":"http:\/\/cordobadirecto.com\/index.php\/wp-json\/wp\/v2\/types\/post"}],"author":[{"embeddable":true,"href":"http:\/\/cordobadirecto.com\/index.php\/wp-json\/wp\/v2\/users\/1"}],"replies":[{"embeddable":true,"href":"http:\/\/cordobadirecto.com\/index.php\/wp-json\/wp\/v2\/comments?post=160915"}],"version-history":[{"count":0,"href":"http:\/\/cordobadirecto.com\/index.php\/wp-json\/wp\/v2\/posts\/160915\/revisions"}],"wp:featuredmedia":[{"embeddable":true,"href":"http:\/\/cordobadirecto.com\/index.php\/wp-json\/wp\/v2\/media\/160916"}],"wp:attachment":[{"href":"http:\/\/cordobadirecto.com\/index.php\/wp-json\/wp\/v2\/media?parent=160915"}],"wp:term":[{"taxonomy":"category","embeddable":true,"href":"http:\/\/cordobadirecto.com\/index.php\/wp-json\/wp\/v2\/categories?post=160915"},{"taxonomy":"post_tag","embeddable":true,"href":"http:\/\/cordobadirecto.com\/index.php\/wp-json\/wp\/v2\/tags?post=160915"}],"curies":[{"name":"wp","href":"https:\/\/api.w.org\/{rel}","templated":true}]}}