{"id":160918,"date":"2025-01-14T13:11:59","date_gmt":"2025-01-14T13:11:59","guid":{"rendered":"https:\/\/cordoba.gob.ar\/?p=65904"},"modified":"2025-01-14T13:11:59","modified_gmt":"2025-01-14T13:11:59","slug":"durante-la-epoca-estival-docentes-del-sistema-educativo-municipal-y-privado-podran-capacitarse-en-diferentes-cursos","status":"publish","type":"post","link":"http:\/\/cordobadirecto.com\/index.php\/2025\/01\/14\/durante-la-epoca-estival-docentes-del-sistema-educativo-municipal-y-privado-podran-capacitarse-en-diferentes-cursos\/","title":{"rendered":"Durante la \u00e9poca estival, docentes del Sistema Educativo Municipal y privado podr\u00e1n capacitarse en diferentes cursos"},"content":{"rendered":"<div><img src=\"http:\/\/cordobadirecto.com\/wp-content\/uploads\/2025\/01\/durante-la-epoca-estival-docentes-del-sistema-educativo-municipal-y-privado-podran-capacitarse-en-diferentes-cursos.jpg\" class=\"ff-og-image-inserted\"><\/div>\n<ul>\n<li><strong>Las inscripciones se realizan a trav\u00e9s del siguiente <a href=\"https:\/\/forms.gle\/7FJnd9UEPXmBojoR7\">link<\/a>.<\/strong><\/li>\n<\/ul>\n<hr>\n<p>La Secretar\u00eda de Educaci\u00f3n de la Municipalidad de C\u00f3rdoba, a trav\u00e9s de la Direcci\u00f3n General de Aprendizaje y Desarrollo Profesional, presenta el Ciclo de Verano 2025: recorridos para la intervenci\u00f3n \u00e1ulica e institucional.<\/p>\n<p>Se trata de una iniciativa formativa orientada a docentes, directivos y supervisores del sistema educativo municipal, con el prop\u00f3sito de fortalecer sus pr\u00e1cticas pedag\u00f3gicas en el contexto actual.<\/p>\n<p>Esta propuesta busca promover el aprendizaje y la reflexi\u00f3n profesional a trav\u00e9s de lecturas, conferencias y pr\u00e1cticas que enriquezcan los saberes docentes y potencien las din\u00e1micas de ense\u00f1anza.<\/p>\n<p>Adem\u00e1s, fomenta el pensamiento cr\u00edtico mediante el an\u00e1lisis y la escucha activa de diversas voces, incentivando la reflexi\u00f3n colectiva sobre los desaf\u00edos educativos contempor\u00e1neos.<\/p>\n<p>El ciclo combina teor\u00eda y pr\u00e1ctica, ofreciendo una modalidad virtual y asincr\u00f3nica que se ajusta a las necesidades de los educadores. A partir de experiencias innovadoras, buenas pr\u00e1cticas y aportes de expertos e instituciones reconocidas, los participantes tendr\u00e1n la oportunidad de analizar y dialogar sobre nuevas formas de ense\u00f1anza y aprendizaje.<\/p>\n<p><em>\u201cEste ciclo es una oportunidad para pensar colectivamente en c\u00f3mo mejorar nuestras pr\u00e1cticas en un contexto desafiante y cambiante\u201d<\/em>, expres\u00f3 la secretaria de Educaci\u00f3n, Alicia La Terza.<\/p>\n<p>Por su parte, la directora de Formaci\u00f3n y Desarrollo Profesional, Susana Amancio, resalt\u00f3: <em>\u201cLa formaci\u00f3n docente continua no s\u00f3lo es un deber sino un derecho, y el Estado debe generar las condiciones para que esto suceda\u201d<\/em>.<\/p>\n<p>Para inscribirse, los interesados pueden completar el formulario disponible en el siguiente <a href=\"https:\/\/forms.gle\/7FJnd9UEPXmBojoR7\">enlace<\/a>.<\/p>\n<p>El ciclo est\u00e1 dirigido a docentes del sistema educativo municipal de jardines, escuelas, parques educativos y centros de encuentro barrial, as\u00ed como a docentes del \u00e1mbito privado en C\u00f3rdoba. Cada curso incluye una evaluaci\u00f3n independiente y otorga certificaci\u00f3n oficial de 10 horas por curso.<\/p>\n<p>La inscripci\u00f3n estar\u00e1 abierta hasta el 28 de febrero de 2025, y los cursos estar\u00e1n habilitados del 9 de enero al 31 de marzo de 2025.<\/p>\n<p>Cada curso incluye una evaluaci\u00f3n independiente y se otorga certificaci\u00f3n oficial de 10 horas. Para consultas, se encuentra habilitado el siguiente correo: <a href=\"mailto:ofc.edumunicba@gmail.com\">ofc.edumunicba@gmail.com<\/a>.<\/p>\n<p>Los cursos que se encuentran disponibles son: Ciencias Sociales en Nivel Inicial-Primario, Literatura, Ciencias Naturales, Educaci\u00f3n Digital, Programaci\u00f3n y Rob\u00f3tica.<\/p>\n","protected":false},"excerpt":{"rendered":"<p>Las inscripciones se realizan a trav\u00e9s del siguiente link. La Secretar\u00eda de Educaci\u00f3n de la Municipalidad de C\u00f3rdoba, a trav\u00e9s de la Direcci\u00f3n General de Aprendizaje y Desarrollo Profesional, presenta el Ciclo de Verano 2025: recorridos para la intervenci\u00f3n \u00e1ulica e institucional. Se trata de una iniciativa formativa orientada a docentes, directivos y supervisores del [&hellip;]<\/p>\n","protected":false},"author":1,"featured_media":160919,"comment_status":"closed","ping_status":"closed","sticky":false,"template":"","format":"standard","meta":[],"categories":[44],"tags":[],"_links":{"self":[{"href":"http:\/\/cordobadirecto.com\/index.php\/wp-json\/wp\/v2\/posts\/160918"}],"collection":[{"href":"http:\/\/cordobadirecto.com\/index.php\/wp-json\/wp\/v2\/posts"}],"about":[{"href":"http:\/\/cordobadirecto.com\/index.php\/wp-json\/wp\/v2\/types\/post"}],"author":[{"embeddable":true,"href":"http:\/\/cordobadirecto.com\/index.php\/wp-json\/wp\/v2\/users\/1"}],"replies":[{"embeddable":true,"href":"http:\/\/cordobadirecto.com\/index.php\/wp-json\/wp\/v2\/comments?post=160918"}],"version-history":[{"count":0,"href":"http:\/\/cordobadirecto.com\/index.php\/wp-json\/wp\/v2\/posts\/160918\/revisions"}],"wp:featuredmedia":[{"embeddable":true,"href":"http:\/\/cordobadirecto.com\/index.php\/wp-json\/wp\/v2\/media\/160919"}],"wp:attachment":[{"href":"http:\/\/cordobadirecto.com\/index.php\/wp-json\/wp\/v2\/media?parent=160918"}],"wp:term":[{"taxonomy":"category","embeddable":true,"href":"http:\/\/cordobadirecto.com\/index.php\/wp-json\/wp\/v2\/categories?post=160918"},{"taxonomy":"post_tag","embeddable":true,"href":"http:\/\/cordobadirecto.com\/index.php\/wp-json\/wp\/v2\/tags?post=160918"}],"curies":[{"name":"wp","href":"https:\/\/api.w.org\/{rel}","templated":true}]}}