{"id":160927,"date":"2025-01-15T17:31:46","date_gmt":"2025-01-15T17:31:46","guid":{"rendered":"https:\/\/cordoba.gob.ar\/?p=66516"},"modified":"2025-01-15T17:31:46","modified_gmt":"2025-01-15T17:31:46","slug":"se-conocieron-los-23-proyectos-seleccionados-para-los-festejos-comunitarios-de-carnaval-2025","status":"publish","type":"post","link":"http:\/\/cordobadirecto.com\/index.php\/2025\/01\/15\/se-conocieron-los-23-proyectos-seleccionados-para-los-festejos-comunitarios-de-carnaval-2025\/","title":{"rendered":"Se conocieron los 23 proyectos seleccionados para los Festejos Comunitarios de Carnaval 2025"},"content":{"rendered":"<div><img src=\"http:\/\/cordobadirecto.com\/wp-content\/uploads\/2025\/01\/se-conocieron-los-23-proyectos-seleccionados-para-los-festejos-comunitarios-de-carnaval-2025.jpg\" class=\"ff-og-image-inserted\"><\/div>\n<ul class=\"ak-ul\">\n<li><strong>Los espect\u00e1culos, desfiles de murgas, batucadas, comparsas y otras agrupaciones de carnaval se realizar\u00e1n entre el 8 de febrero y 3 de marzo, con entrada libre y gratuita.<\/strong><\/li>\n<\/ul>\n<hr>\n<p>La Municipalidad de C\u00f3rdoba, a trav\u00e9s de la Secretar\u00eda de Comunicaci\u00f3n y Cultura, dio a conocer el resultado de los proyectos seleccionados dentro del Programa de Fortalecimiento de Carnavales Comunitarios 2025.<\/p>\n<p>Dicho llamado estuvo abierto entre el 23 de diciembre y el 2 de enero, convocando a organizaciones de la sociedad civil abocadas a proyectos de carnaval comunitario que conforman los populares festejos de este a\u00f1o.<\/p>\n<p>Como parte de la Ordenanza 12.500, el programa seleccion\u00f3&nbsp;proyectos de festejos comunitarios de carnaval en C\u00f3rdoba Capital, a realizarse entre el 8 de febrero y 3 de marzo en espacios p\u00fablicos abiertos, con entrada libre y gratuita.<\/p>\n<p><strong>Carnaval es identidad<\/strong><\/p>\n<p>El carnaval como tradici\u00f3n cultural y espacio de identidad, se transforma en uno de los eventos sociales m\u00e1s esperado en esta \u00e9poca del a\u00f1o. En ese marco, y como sucede cada a\u00f1o, las diferentes comparsas seleccionadas presentan sus distintas representaciones fomentando la alegr\u00eda, tradiciones, los mitos, como una s\u00edntesis de un esfuerzo durante todo el a\u00f1o en la preparaci\u00f3n de este espect\u00e1culo tan esperado por los vecinos y vecinas.<\/p>\n<p>Los proyectos elegidos ofrecen propuestas art\u00edsticas y est\u00e1n integrados mayoritariamente por agrupaciones de carnaval (murgas, batucadas, comparsas, escolas, candombe, samba reggae), que incluyen actividades caracter\u00edsticas del carnaval (desfiles, convocatoria a disfrazados, quema del rey momo, entre otras).<\/p>\n<p><strong>Los proyectos seleccionados son:<\/strong><\/p>\n<ol class=\"ak-ol\" start=\"1\">\n<li>\u201cEl barrio est\u00e1 de fiesta, lo bueno est\u00e1 por venir!!!\u201d B\u00b0 Los Robles<\/li>\n<li>\u201cCarnaval Don Bosco\u201d B\u00b0 Don Bosco<\/li>\n<li>\u201c4\u00b0 Edici\u00f3n Corso Inclusivo Granadero Pringles\u201d B\u00b0 Granadero Pringles<\/li>\n<li>\u201cSan Vicente es un Carnaval\u201d, B\u00b0 San Vicente<\/li>\n<li>\u201cCarnaval Popular de Barrio Alberdi\u201d, B\u00b0 Alberdi<\/li>\n<li>\u201cCorso luminoso (somos diferentemente iguales)\u201d, B\u00b0 Gui\u00f1az\u00fa<\/li>\n<li>\u201cCarnaval Eskndaloso\u201d, B\u00b0 Nuevo Rosedal<\/li>\n<li>\u201cCarnaval Orillero\u201d B\u00b0 San Francisco<\/li>\n<li>\u201cPoderoso Carnaval\u201d B\u00b0 Los Cortaderos<\/li>\n<li>&nbsp;\u201dCarnaval Popular Zona Sur 2025\u201d, B\u00b0 Villa El Libertador<\/li>\n<li>&nbsp;\u201cCorso Popular de barrio G\u00fcemes y barrios Aleda\u00f1os\u201d, B\u00b0Observatorio<\/li>\n<li>&nbsp;\u201cEl Carnaval vuelve al barrio\u201d, B\u00b0 Barrio Talleres<\/li>\n<li>\u201cCarnaval derecho a la alegr\u00eda \u201d, B\u00b0 Villa Azalais<\/li>\n<li>\u201cCarnavales improvisados\u201d, B\u00b0 Alto Alberdi<\/li>\n<li>\u201cCoco la catrina\u201d, B\u00b0 Cerveceros<\/li>\n<li>\u201cMurga La Guapachosa | Carnaval 2025\u201d, B\u00b0 Alta C\u00f3rdoba<\/li>\n<li>\u201cCorso Inquieto Poderoso\u201d, B\u00b0 Yapey\u00fa<\/li>\n<li>\u201cRetumba Arg\u00fcello \u201d, B\u00b0 Arg\u00fcello Lourdes<\/li>\n<li>\u201cCarnaval de la alegr\u00eda y la familia B\u00b0 Villa Uni\u00f3n\u201d, B\u00b0 Barrio Villa Uni\u00f3n<\/li>\n<li>\u201cCarnaval de Los Dragones de Villa Urquiza, B\u00b0 Villa Urquiza<\/li>\n<li>\u201cBoedo es un Carnaval \u201d, B\u00b0Villa Boedo<\/li>\n<li>\u00abCarnaval en Ameghino\u201d, B\u00b0Ameghino Norte<\/li>\n<li>\u201cLa Cuadra\u201d, B\u00b0 Las Violetas<\/li>\n<\/ol>\n<p><strong>Sobre los carnavales comunitarios<\/strong><\/p>\n<p>Los festejos de carnaval recuperan diferentes formas de expresi\u00f3n y disfrute de sectores que fueron quedando marginados en los distintos momentos de la historia de nuestro pa\u00eds.<\/p>\n<p>Desde hace algunos a\u00f1os se retoma con gran intensidad esta tradici\u00f3n desde las murgas, centros culturales barriales y colectivos art\u00edsticos que con propuestas participativas generan nuevos escenarios de democratizaci\u00f3n y reconocimiento de la diversidad cultural que habita nuestro territorio.<\/p>\n<p>Los Carnavales Comunitarios recuperan parte de la memoria colectiva de un pueblo, reafirmando sus rasgos identitarios y fortaleciendo los lazos sociales.<\/p>\n<p>Asimismo, la participaci\u00f3n en proyectos culturales fortalece la construcci\u00f3n de ciudadan\u00eda y edifica un imaginario de posibilidades a partir de la organizaci\u00f3n del evento festivo. Este tipo de pr\u00e1cticas implican, tambi\u00e9n, la ocupaci\u00f3n del espacio p\u00fablico por parte de los vecinos.<\/p>\n<p>Desde el 2015 rige en la Ordenanza 12.500 \u201cPrograma de Fortalecimiento de los Festejos Comunitarios de Carnaval\u201d que instituye como pol\u00edtica p\u00fablica la participaci\u00f3n del Estado Municipal en la promoci\u00f3n de los festejos de Carnaval en la ciudad.<\/p>\n","protected":false},"excerpt":{"rendered":"<p>Los espect\u00e1culos, desfiles de murgas, batucadas, comparsas y otras agrupaciones de carnaval se realizar\u00e1n entre el 8 de febrero y 3 de marzo, con entrada libre y gratuita. La Municipalidad de C\u00f3rdoba, a trav\u00e9s de la Secretar\u00eda de Comunicaci\u00f3n y Cultura, dio a conocer el resultado de los proyectos seleccionados dentro del Programa de Fortalecimiento [&hellip;]<\/p>\n","protected":false},"author":1,"featured_media":160928,"comment_status":"closed","ping_status":"closed","sticky":false,"template":"","format":"standard","meta":[],"categories":[44],"tags":[],"_links":{"self":[{"href":"http:\/\/cordobadirecto.com\/index.php\/wp-json\/wp\/v2\/posts\/160927"}],"collection":[{"href":"http:\/\/cordobadirecto.com\/index.php\/wp-json\/wp\/v2\/posts"}],"about":[{"href":"http:\/\/cordobadirecto.com\/index.php\/wp-json\/wp\/v2\/types\/post"}],"author":[{"embeddable":true,"href":"http:\/\/cordobadirecto.com\/index.php\/wp-json\/wp\/v2\/users\/1"}],"replies":[{"embeddable":true,"href":"http:\/\/cordobadirecto.com\/index.php\/wp-json\/wp\/v2\/comments?post=160927"}],"version-history":[{"count":0,"href":"http:\/\/cordobadirecto.com\/index.php\/wp-json\/wp\/v2\/posts\/160927\/revisions"}],"wp:featuredmedia":[{"embeddable":true,"href":"http:\/\/cordobadirecto.com\/index.php\/wp-json\/wp\/v2\/media\/160928"}],"wp:attachment":[{"href":"http:\/\/cordobadirecto.com\/index.php\/wp-json\/wp\/v2\/media?parent=160927"}],"wp:term":[{"taxonomy":"category","embeddable":true,"href":"http:\/\/cordobadirecto.com\/index.php\/wp-json\/wp\/v2\/categories?post=160927"},{"taxonomy":"post_tag","embeddable":true,"href":"http:\/\/cordobadirecto.com\/index.php\/wp-json\/wp\/v2\/tags?post=160927"}],"curies":[{"name":"wp","href":"https:\/\/api.w.org\/{rel}","templated":true}]}}