{"id":160988,"date":"2025-01-17T00:53:09","date_gmt":"2025-01-17T00:53:09","guid":{"rendered":"https:\/\/www.ole.com.ar\/autos\/colapinto-alpine-formula1-reserva_0_zpgK62ooF6.html"},"modified":"2025-01-17T00:53:09","modified_gmt":"2025-01-17T00:53:09","slug":"el-album-de-colapinto-en-las-vacaciones","status":"publish","type":"post","link":"http:\/\/cordobadirecto.com\/index.php\/2025\/01\/17\/el-album-de-colapinto-en-las-vacaciones\/","title":{"rendered":"El \u00e1lbum de Colapinto en las vacaciones"},"content":{"rendered":"<p><time class=\"createDate\" datetime=\"2025-01-16T21:53:09-03:00\">16\/01\/2025 21:53hs.<\/time><\/p>\n<div id=\"storyBody\">\n<div class=\"custom-text \" readability=\"37.823244552058\">\n<p><strong><a href=\"https:\/\/www.ole.com.ar\/tema\/franco-colapinto.html\" title=\"Franco Colapinto\" alt=\"Franco Colapinto\" class=\"slug\">Franco Colapinto <\/a><\/strong>ya dej\u00f3 la Argentina y se dirigi\u00f3 a Inglaterra, m\u00e1s precisamente a una de las sedes de <strong><a href=\"https:\/\/www.ole.com.ar\/tema\/alpine.html\" title=\"Alpine\" alt=\"Alpine\" class=\"slug\">Alpine<\/a><\/strong>, la escuder\u00eda que lo contrat\u00f3 como piloto de reserva de <a href=\"https:\/\/www.ole.com.ar\/tema\/formula-1.html\" title=\"F\u00f3rmula 1\" alt=\"F\u00f3rmula 1\" class=\"slug\">F\u00f3rmula 1<\/a>, con la gran expectativa que durante el a\u00f1o tendr\u00e1 lugar en las carreras. Antes, tuvo d\u00edas de descanso y tambi\u00e9n encuentros con sponsors, carreras en karting, y m\u00e1s. Este jueves el hombre de Pilar difundi\u00f3 algunas im\u00e1genes.<\/p>\n<\/div>\n<p><h2><strong>Mir\u00e1 las fotos<\/strong><\/h2>\n<\/p>\n<div class=\"sc-e7b891c4-0 ifHnQL image-embed\"><img alt=\"Colapinto en la cocina.\" loading=\"lazy\" width=\"720\" height=\"100\" decoding=\"async\" data-nimg=\"1\" src=\"http:\/\/cordobadirecto.com\/wp-content\/uploads\/2025\/01\/el-album-de-colapinto-en-las-vacaciones.jpg\"><span class=\"epigraphe\">Colapinto en la cocina.<\/span><\/div>\n<div class=\"sc-e7b891c4-0 ifHnQL image-embed\"><img alt=\"Colapinto en la cocina.\" loading=\"lazy\" width=\"720\" height=\"100\" decoding=\"async\" data-nimg=\"1\" src=\"http:\/\/cordobadirecto.com\/wp-content\/uploads\/2025\/01\/el-album-de-colapinto-en-las-vacaciones-1.jpg\"><span class=\"epigraphe\">Colapinto en la cocina.<\/span><\/div>\n<div class=\"sc-e7b891c4-0 ifHnQL image-embed\"><img alt=\"Colapinto en vacaciones.\" loading=\"lazy\" width=\"720\" height=\"100\" decoding=\"async\" data-nimg=\"1\" src=\"http:\/\/cordobadirecto.com\/wp-content\/uploads\/2025\/01\/el-album-de-colapinto-en-las-vacaciones-2.jpg\"><span class=\"epigraphe\">Colapinto en vacaciones.<\/span><\/div>\n<div class=\"sc-e7b891c4-0 ifHnQL image-embed\"><img alt=\"Colapinto en vacaciones.\" loading=\"lazy\" width=\"720\" height=\"100\" decoding=\"async\" data-nimg=\"1\" src=\"http:\/\/cordobadirecto.com\/wp-content\/uploads\/2025\/01\/el-album-de-colapinto-en-las-vacaciones-3.jpg\"><span class=\"epigraphe\">Colapinto en vacaciones.<\/span><\/div>\n<div class=\"sc-e7b891c4-0 ifHnQL image-embed\"><img alt=\"Colapinto en sus vacaciones en Argentina.\" loading=\"lazy\" width=\"720\" height=\"100\" decoding=\"async\" data-nimg=\"1\" src=\"http:\/\/cordobadirecto.com\/wp-content\/uploads\/2025\/01\/el-album-de-colapinto-en-las-vacaciones-4.jpg\"><span class=\"epigraphe\">Colapinto en sus vacaciones en Argentina.<\/span><\/div>\n<div class=\"sc-e7b891c4-0 ifHnQL image-embed\"><img alt=\"Colapinto en sus vacaciones en Argentina: golf.\" loading=\"lazy\" width=\"720\" height=\"100\" decoding=\"async\" data-nimg=\"1\" src=\"http:\/\/cordobadirecto.com\/wp-content\/uploads\/2025\/01\/el-album-de-colapinto-en-las-vacaciones-5.jpg\"><span class=\"epigraphe\">Colapinto en sus vacaciones en Argentina: golf.<\/span><\/div>\n<div class=\"sc-e7b891c4-0 ifHnQL image-embed\"><img alt=\"Colapinto en vacaciones.\" loading=\"lazy\" width=\"720\" height=\"100\" decoding=\"async\" data-nimg=\"1\" src=\"http:\/\/cordobadirecto.com\/wp-content\/uploads\/2025\/01\/el-album-de-colapinto-en-las-vacaciones-6.jpg\"><span class=\"epigraphe\">Colapinto en vacaciones.<\/span><\/div>\n<div class=\"custom-text \" readability=\"35\">\n<p>En Alpine, ser\u00e1 el reemplazante de Pierre Gasly y Jack Doohan, pero al mismo tiempo cumplir\u00e1 otras funciones de suma importancia.<\/p>\n<\/div>\n<div class=\"custom-text \" readability=\"37\">\n<p>Por ejemplo, la posici\u00f3n del argentino implicar\u00e1 contribuir al desarrollo t\u00e9cnico del equipo, para lo cual se necesitan ciertas habilidades tanto en el manejo como en la comprensi\u00f3n de la mec\u00e1nica de los monoplazas, y eso har\u00e1 que gane m\u00e1s conocimientos.<\/p>\n<\/div>\n<div class=\"custom-text \" readability=\"37\">\n<p>Adem\u00e1s, tendr\u00e1 participaci\u00f3n activa en el uso de simuladores para mejorar el rendimiento del auto, y al mismo tiempo tendr\u00e1 la oportunidad de rodar en sesiones de pr\u00e1cticas libres, donde los pilotos de reserva suelen experimentar y dar su punto de vista sobre el comportamiento del autom\u00f3vil.<\/p>\n<\/div>\n<div class=\"sc-a7166897-0 eoLsBE\" readability=\"6.5\">\n<section readability=\"3\"><picture><img alt=\"Paul Aron y Pierre Gasly ya se unieron a Alpine, que espera a Franco Colapinto\" loading=\"lazy\" width=\"290\" height=\"290\" decoding=\"async\" data-nimg=\"1\" src=\"http:\/\/cordobadirecto.com\/wp-content\/uploads\/2025\/01\/el-album-de-colapinto-en-las-vacaciones-7.jpg\"><\/picture>\n<p><span>Mir\u00e1 tambi\u00e9n<\/span><\/p>\n<hr>\n<h3>Paul Aron y Pierre Gasly ya se unieron a Alpine, que espera a Franco Colapinto<\/h3>\n<\/p>\n<\/section>\n<\/div>\n<div class=\"sc-a7166897-0 eoLsBE\" readability=\"6\">\n<section readability=\"2\"><picture><img alt=\"El campe\u00f3n de F\u00f3rmula 1 que cuestion\u00f3 a Franco Colapinto\" loading=\"lazy\" width=\"290\" height=\"290\" decoding=\"async\" data-nimg=\"1\" src=\"http:\/\/cordobadirecto.com\/wp-content\/uploads\/2025\/01\/el-album-de-colapinto-en-las-vacaciones-8.jpg\"><\/picture>\n<p><span>Mir\u00e1 tambi\u00e9n<\/span><\/p>\n<hr>\n<h3>El campe\u00f3n de F\u00f3rmula 1 que cuestion\u00f3 a Franco Colapinto<\/h3>\n<\/p>\n<\/section>\n<\/div>\n<div class=\"sc-a7166897-0 eoLsBE\" readability=\"6.5\">\n<section readability=\"3\"><picture><img alt=\"Franco Colapinto ya est\u00e1 en la web oficial de Alpine, \u00bfqu\u00e9 dicen de \u00e9l?\" loading=\"lazy\" width=\"290\" height=\"290\" decoding=\"async\" data-nimg=\"1\" src=\"http:\/\/cordobadirecto.com\/wp-content\/uploads\/2025\/01\/el-album-de-colapinto-en-las-vacaciones-9.jpg\"><\/picture>\n<p><span>Mir\u00e1 tambi\u00e9n<\/span><\/p>\n<hr>\n<h3>Franco Colapinto ya est\u00e1 en la web oficial de Alpine, \u00bfqu\u00e9 dicen de \u00e9l?<\/h3>\n<\/p>\n<\/section>\n<\/div>\n<\/div>\n","protected":false},"excerpt":{"rendered":"<p>16\/01\/2025 21:53hs. Franco Colapinto ya dej\u00f3 la Argentina y se dirigi\u00f3 a Inglaterra, m\u00e1s precisamente a una de las sedes de Alpine, la escuder\u00eda que lo contrat\u00f3 como piloto de reserva de F\u00f3rmula 1, con la gran expectativa que durante el a\u00f1o tendr\u00e1 lugar en las carreras. Antes, tuvo d\u00edas de descanso y tambi\u00e9n encuentros [&hellip;]<\/p>\n","protected":false},"author":1,"featured_media":160989,"comment_status":"closed","ping_status":"closed","sticky":false,"template":"","format":"standard","meta":[],"categories":[21],"tags":[],"_links":{"self":[{"href":"http:\/\/cordobadirecto.com\/index.php\/wp-json\/wp\/v2\/posts\/160988"}],"collection":[{"href":"http:\/\/cordobadirecto.com\/index.php\/wp-json\/wp\/v2\/posts"}],"about":[{"href":"http:\/\/cordobadirecto.com\/index.php\/wp-json\/wp\/v2\/types\/post"}],"author":[{"embeddable":true,"href":"http:\/\/cordobadirecto.com\/index.php\/wp-json\/wp\/v2\/users\/1"}],"replies":[{"embeddable":true,"href":"http:\/\/cordobadirecto.com\/index.php\/wp-json\/wp\/v2\/comments?post=160988"}],"version-history":[{"count":0,"href":"http:\/\/cordobadirecto.com\/index.php\/wp-json\/wp\/v2\/posts\/160988\/revisions"}],"wp:featuredmedia":[{"embeddable":true,"href":"http:\/\/cordobadirecto.com\/index.php\/wp-json\/wp\/v2\/media\/160989"}],"wp:attachment":[{"href":"http:\/\/cordobadirecto.com\/index.php\/wp-json\/wp\/v2\/media?parent=160988"}],"wp:term":[{"taxonomy":"category","embeddable":true,"href":"http:\/\/cordobadirecto.com\/index.php\/wp-json\/wp\/v2\/categories?post=160988"},{"taxonomy":"post_tag","embeddable":true,"href":"http:\/\/cordobadirecto.com\/index.php\/wp-json\/wp\/v2\/tags?post=160988"}],"curies":[{"name":"wp","href":"https:\/\/api.w.org\/{rel}","templated":true}]}}