{"id":160990,"date":"2025-01-16T22:12:37","date_gmt":"2025-01-16T22:12:37","guid":{"rendered":"https:\/\/www.ole.com.ar\/autos\/formula-2-nicolas-varrone-confirmado-hypercar-daytona-wec_0_rW4IeiaFba.html"},"modified":"2025-01-16T22:12:37","modified_gmt":"2025-01-16T22:12:37","slug":"sin-lugar-en-la-formula-2-nicolas-varrone-correra-en-otra-importante-categoria","status":"publish","type":"post","link":"http:\/\/cordobadirecto.com\/index.php\/2025\/01\/16\/sin-lugar-en-la-formula-2-nicolas-varrone-correra-en-otra-importante-categoria\/","title":{"rendered":"Sin lugar en la F\u00f3rmula 2, Nicol\u00e1s Varrone correr\u00e1 en otra importante categor\u00eda"},"content":{"rendered":"<p><time class=\"createDate\" datetime=\"2025-01-16T19:12:37-03:00\">16\/01\/2025 19:12hs.<\/time><\/p>\n<div id=\"storyBody\">\n<div class=\"custom-text \" readability=\"37.232294617564\">\n<p>Tras no conseguir un asiento en la <strong>F\u00f3rmula 2<\/strong>, el segundo escalaf\u00f3n de los campeonatos de monoplazas de la FIA, <strong><a href=\"https:\/\/www.ole.com.ar\/tema\/nicolas-varrone.html\" title=\"Nicol\u00e1s Varrone\" alt=\"Nicol\u00e1s Varrone\" class=\"slug\">Nicol\u00e1s Varrone<\/a><\/strong> fue confirmado como piloto de una categor\u00eda de renombre a nivel mundial. Se trata de los <strong>Hypercar<\/strong>, <strong>la clase principal del Campeonato Mundial de Resistencia<\/strong>, mejor conocido por las siglas WEC (World Endurance Championship).<\/p>\n<\/div>\n<div class=\"custom-text \" readability=\"37\">\n<p>A pesar de haber participado de las pruebas de la F2 en Abu Dabi y Barcelona, el oriundo de Ingeniero Maschwitz finalmente se subir\u00e1 al <strong>Porsche 963<\/strong> que llevar\u00e1 el n\u00famero 99, y correr\u00e1 bajo la tutela de su flamante equipo, <strong>Proton Competition<\/strong>.<\/p>\n<\/div>\n<div class=\"sc-e7b891c4-0 ifHnQL image-embed\"><img alt=\"El auto al que se subir\u00e1 el bonaerense. (Foto: @NicoVarrone)\" loading=\"lazy\" width=\"720\" height=\"100\" decoding=\"async\" data-nimg=\"1\" src=\"http:\/\/cordobadirecto.com\/wp-content\/uploads\/2025\/01\/sin-lugar-en-la-formula-2-nicolas-varrone-correra-en-otra-importante-categoria.jpg\"><span class=\"epigraphe\">El auto al que se subir\u00e1 el bonaerense. (Foto: @NicoVarrone)<\/span><\/div>\n<div class=\"custom-text \" readability=\"39\">\n<p>En esta nueva escuder\u00eda, el argentino ser\u00e1 compa\u00f1ero del suizo <strong>Neel Jani<\/strong> y del chileno <strong>Nicol\u00e1s Pino<\/strong>, y participar\u00e1 de las <strong>24 Horas de Daytona<\/strong>, la competencia m\u00e1s importante del IMSA (International Motor Sports Association), que se disputa en la ciudad hom\u00f3nima estadounidense. \u00bfEl objetivo? <strong>Sumar la mayor cantidad de puntos para la Superlicencia<\/strong>.<\/p>\n<\/div>\n<div class=\"custom-text \" readability=\"40\">\n<p>El ex Corvette Factory est\u00e1 acostumbrado a esta clase de campeonatos, ya que con dicha escuder\u00eda <strong>tuvo un 2023 exitoso<\/strong>. Particip\u00f3 en la Asian LMS en LMP3 <strong>y gan\u00f3 el propio Daytona<\/strong>, adem\u00e1s, form\u00f3 parte del WEC, <strong>donde venci\u00f3 las 24 Horas de Le Mans por duplicado<\/strong>. Por todo lo mencionado, Varrone fue ascendido al rango de oro de la FIA de cara al a\u00f1o entrante.<\/p>\n<\/div>\n<div class=\"sc-e7b891c4-0 ifHnQL image-embed\"><img alt=\"Varrone junto al trofeo de Le Mans. (Foto: Constanza Niscovolos\/FTP)\" loading=\"lazy\" width=\"720\" height=\"100\" decoding=\"async\" data-nimg=\"1\" src=\"http:\/\/cordobadirecto.com\/wp-content\/uploads\/2025\/01\/sin-lugar-en-la-formula-2-nicolas-varrone-correra-en-otra-importante-categoria-1.jpg\"><span class=\"epigraphe\">Varrone junto al trofeo de Le Mans. (Foto: Constanza Niscovolos\/FTP)<\/span><\/div>\n<p><h2><strong>Qu\u00e9 dijo Varrone tras su arribo al Hypercar del WEC<\/strong><\/h2>\n<\/p>\n<div class=\"custom-text \" readability=\"36\">\n<p>&#8220;<strong>Este a\u00f1o voy a cumplir un sue\u00f1o: debutar en la categor\u00eda HyperCar del WEC<\/strong>, representando a Argentina en el Campeonato Mundial de Resistencia con el equipo Proton Competition-Porsche. Gracias a todos los que me acompa\u00f1aron. \u00a1Vamos con todo!&#8221;, comparti\u00f3 el bonaerense en su cuenta de X.<\/p>\n<\/div>\n<div class=\"sc-a7166897-0 eoLsBE\" readability=\"6.5\">\n<section readability=\"3\"><picture><img alt=\"Paul Aron y Pierre Gasly ya se unieron a Alpine, que espera a Franco Colapinto\" loading=\"lazy\" width=\"290\" height=\"290\" decoding=\"async\" data-nimg=\"1\" src=\"http:\/\/cordobadirecto.com\/wp-content\/uploads\/2025\/01\/sin-lugar-en-la-formula-2-nicolas-varrone-correra-en-otra-importante-categoria-2.jpg\"><\/picture>\n<p><span>Mir\u00e1 tambi\u00e9n<\/span><\/p>\n<hr>\n<h3>Paul Aron y Pierre Gasly ya se unieron a Alpine, que espera a Franco Colapinto<\/h3>\n<\/p>\n<\/section>\n<\/div>\n<div class=\"sc-a7166897-0 eoLsBE\" readability=\"6.5\">\n<section readability=\"3\"><picture><img alt=\"Dakar: a falta de una etapa, dos argentinos tienen todo para ser campeones\" loading=\"lazy\" width=\"290\" height=\"290\" decoding=\"async\" data-nimg=\"1\" src=\"http:\/\/cordobadirecto.com\/wp-content\/uploads\/2025\/01\/sin-lugar-en-la-formula-2-nicolas-varrone-correra-en-otra-importante-categoria-3.jpg\"><\/picture>\n<p><span>Mir\u00e1 tambi\u00e9n<\/span><\/p>\n<hr>\n<h3>Dakar: a falta de una etapa, dos argentinos tienen todo para ser campeones<\/h3>\n<\/p>\n<\/section>\n<\/div>\n<div class=\"sc-a7166897-0 eoLsBE\" readability=\"6\">\n<section readability=\"2\"><picture><img alt=\"El campe\u00f3n de F\u00f3rmula 1 que cuestion\u00f3 a Franco Colapinto\" loading=\"lazy\" width=\"290\" height=\"290\" decoding=\"async\" data-nimg=\"1\" src=\"http:\/\/cordobadirecto.com\/wp-content\/uploads\/2025\/01\/sin-lugar-en-la-formula-2-nicolas-varrone-correra-en-otra-importante-categoria-4.jpg\"><\/picture>\n<p><span>Mir\u00e1 tambi\u00e9n<\/span><\/p>\n<hr>\n<h3>El campe\u00f3n de F\u00f3rmula 1 que cuestion\u00f3 a Franco Colapinto<\/h3>\n<\/p>\n<\/section>\n<\/div>\n<\/div>\n","protected":false},"excerpt":{"rendered":"<p>16\/01\/2025 19:12hs. Tras no conseguir un asiento en la F\u00f3rmula 2, el segundo escalaf\u00f3n de los campeonatos de monoplazas de la FIA, Nicol\u00e1s Varrone fue confirmado como piloto de una categor\u00eda de renombre a nivel mundial. Se trata de los Hypercar, la clase principal del Campeonato Mundial de Resistencia, mejor conocido por las siglas WEC [&hellip;]<\/p>\n","protected":false},"author":1,"featured_media":160991,"comment_status":"closed","ping_status":"closed","sticky":false,"template":"","format":"standard","meta":[],"categories":[21],"tags":[],"_links":{"self":[{"href":"http:\/\/cordobadirecto.com\/index.php\/wp-json\/wp\/v2\/posts\/160990"}],"collection":[{"href":"http:\/\/cordobadirecto.com\/index.php\/wp-json\/wp\/v2\/posts"}],"about":[{"href":"http:\/\/cordobadirecto.com\/index.php\/wp-json\/wp\/v2\/types\/post"}],"author":[{"embeddable":true,"href":"http:\/\/cordobadirecto.com\/index.php\/wp-json\/wp\/v2\/users\/1"}],"replies":[{"embeddable":true,"href":"http:\/\/cordobadirecto.com\/index.php\/wp-json\/wp\/v2\/comments?post=160990"}],"version-history":[{"count":0,"href":"http:\/\/cordobadirecto.com\/index.php\/wp-json\/wp\/v2\/posts\/160990\/revisions"}],"wp:featuredmedia":[{"embeddable":true,"href":"http:\/\/cordobadirecto.com\/index.php\/wp-json\/wp\/v2\/media\/160991"}],"wp:attachment":[{"href":"http:\/\/cordobadirecto.com\/index.php\/wp-json\/wp\/v2\/media?parent=160990"}],"wp:term":[{"taxonomy":"category","embeddable":true,"href":"http:\/\/cordobadirecto.com\/index.php\/wp-json\/wp\/v2\/categories?post=160990"},{"taxonomy":"post_tag","embeddable":true,"href":"http:\/\/cordobadirecto.com\/index.php\/wp-json\/wp\/v2\/tags?post=160990"}],"curies":[{"name":"wp","href":"https:\/\/api.w.org\/{rel}","templated":true}]}}