{"id":160992,"date":"2025-01-17T05:22:33","date_gmt":"2025-01-17T05:22:33","guid":{"rendered":"https:\/\/www.ole.com.ar\/futbol-ascenso\/ascenso-primera-nacional-ricardo-blanco-chacarita-ferro_0_EkuNEGWEeN.html"},"modified":"2025-01-17T05:22:33","modified_gmt":"2025-01-17T05:22:33","slug":"la-novela-del-nacional-chacarita-va-por-la-vuelta-de-ricky-blanco","status":"publish","type":"post","link":"http:\/\/cordobadirecto.com\/index.php\/2025\/01\/17\/la-novela-del-nacional-chacarita-va-por-la-vuelta-de-ricky-blanco\/","title":{"rendered":"La novela del Nacional: Chacarita va por la vuelta de Ricky Blanco"},"content":{"rendered":"<p><span class=\"createDate\">16\/01\/2025 20:06hs.<\/span><time class=\"modificatedDate\" datetime=\"2025-01-16T20:08:06-03:00\"> Actualizado al 16\/01\/2025 20:08hs.<\/time><\/p>\n<div id=\"storyBody\">\n<div class=\"custom-text \" readability=\"32.59011627907\">\n<p>Tener una campa\u00f1a m\u00e1s cercana a ladel 2023 que a la del a\u00f1o pasado. <strong>Ese es el objetivo de <a href=\"https:\/\/www.ole.com.ar\/tema\/chacarita.html\" title=\"Chacarita\" alt=\"Chacarita\" class=\"slug\">Chacarita<\/a> de cara a lo que se avecina.<\/strong> Y claro, porque hace dos temporadas pele\u00f3 el ascenso a la <a href=\"https:\/\/www.ole.com.ar\/tema\/liga-profesional.html\" title=\"Liga Profesional\" alt=\"Liga Profesional\" class=\"slug\">Liga Profesional<\/a> y qued\u00f3 a un paso. Todo lo contrario al 2024, donde la lucha que se dio en San Mart\u00edn fue la de la permanencia en la <a href=\"https:\/\/www.ole.com.ar\/tema\/primera-nacional.html\" title=\"Primera Nacional\" alt=\"Primera Nacional\" class=\"slug\">Primera Nacional<\/a>.<\/p>\n<\/div>\n<div class=\"custom-text \" readability=\"47\">\n<p>Como consecuencia del flojo rendimiento,<strong> la Comisi\u00f3n Directiva opt\u00f3 por no continuar con el proyecto de Manuel Fern\u00e1ndez y Juan Manuel Azconz\u00e1bal agarr\u00f3 las riendas del equipo.<\/strong> Adem\u00e1s, en cuanto al plantel, hubo una limpieza fuerte y llegaron varios refuerzos: Avellaneda, Strumia, R\u00e9bola, Errecalde, Quiroga, Bravo, Napolitano, Araujo, Gargiulo, Ort\u00edz y Apa.<\/p>\n<\/div>\n<div class=\"custom-text \" readability=\"33.99203187251\">\n<p>Y justamente sobre este \u00faltimo \u00edtem es que hay novedades importantes: <strong><a href=\"https:\/\/www.ole.com.ar\/tema\/ricardo-dario-blanco.html\" title=\"Ricardo Dar\u00edo Blanco\" alt=\"Ricardo Dar\u00edo Blanco\" class=\"slug\">Ricardo Blanco<\/a>, volante ofensivo de 34 a\u00f1os que ya pas\u00f3 por Chaca en 2022 y 2023 siendo figura, es el nombre apuntado <\/strong>por la c\u00fapula dirigencial para romper el mercado de pases.<\/p>\n<\/div>\n<div class=\"sc-e7b891c4-0 ifHnQL image-embed\"><img alt=\"Chacarita va por Blanco (Prensa Ferro)\" loading=\"lazy\" width=\"720\" height=\"100\" decoding=\"async\" data-nimg=\"1\" src=\"http:\/\/cordobadirecto.com\/wp-content\/uploads\/2025\/01\/la-novela-del-nacional-chacarita-va-por-la-vuelta-de-ricky-blanco.jpg\"><span class=\"epigraphe\">Chacarita va por Blanco (Prensa Ferro)<\/span><\/div>\n<div class=\"custom-text \" readability=\"38\">\n<p>Pese a la conflictiva hace 12 meses atr\u00e1s, cuando el 10 apunt\u00f3 contra algunos dirigentes y los acus\u00f3 de no haber querido ascender, <strong>la decisi\u00f3n de ir a buscarlo a Ferro, club due\u00f1o de su pase (tiene contrato hasta fines del 2026), est\u00e1 tomada. Y tiene mucha fuerza.<\/strong><\/p>\n<\/div>\n<div class=\"custom-text \" readability=\"36\">\n<p>Ya existieron contactos con el jugador, que no ve con malos ojos regresar al Tricolor, y tambi\u00e9n entre las instituciones: en Caballito est\u00e1n dispuestos a dejar ir a Ricky <strong>en caso de que el Funebrero pague por su ficha para recuperar una parte de lo que se puso en enero del 2024: 130.000 d\u00f3lares.<\/strong><\/p>\n<\/div>\n<p><h2><strong>\u00bfQu\u00e9 dijo el jugador sobre una vuelta al Funebrero?<\/strong><\/h2>\n<\/p>\n<div class=\"custom-text \" readability=\"38\">\n<p>El propio Blanco fue el que se refir\u00f3 a este tema, en di\u00e1logo con DSports Radio: <strong>\u201cHoy pertenezco a Ferro, pero todo el mundo sabe el amor que tengo por Chaca.<\/strong> Ah\u00ed fui muy feliz. Tendr\u00e1n que hablar los dirigentes de los dos clubes. Para m\u00ed ser\u00eda hermoso volver, pero hoy mi cabeza est\u00e1 en Caballito. <strong>Le di mi palabra a Grelak de que al \u00fanico club de la Primera Nacional que me ir\u00eda es a Chacarita\u201d.<\/strong><\/p>\n<\/div>\n<div class=\"custom-text \" readability=\"34\">\n<p>As\u00ed, el enganche <strong>vuelve a ser el gran protagonista de una de las novelas del mercado de pases del Nacional.<\/strong> Se vienen d\u00edas decisivos. \u00bfHabr\u00e1 bombazo?<\/p>\n<\/div>\n<div class=\"sc-e7b891c4-0 ifHnQL image-embed\"><img alt=\"Ricardo Blanco habl\u00f3 de su futuro (Prensa Ferro)\" loading=\"lazy\" width=\"720\" height=\"100\" decoding=\"async\" data-nimg=\"1\" src=\"http:\/\/cordobadirecto.com\/wp-content\/uploads\/2025\/01\/la-novela-del-nacional-chacarita-va-por-la-vuelta-de-ricky-blanco-1.jpg\"><span class=\"epigraphe\">Ricardo Blanco habl\u00f3 de su futuro (Prensa Ferro)<\/span><\/div>\n<p><h2><strong>El paso de Ricardo Blanco por Chacarita<\/strong><\/h2>\n<\/p>\n<div class=\"custom-text \" readability=\"37\">\n<p>El volante ofensivo oriundo de Mar del Plata lleg\u00f3 a Villa Maip\u00fa a comienzos del 2022 y permaneci\u00f3 hasta enero del 2024. En el medio, cuatro entrenadores y dos torneos.<strong> Con la casaca tricolor, Ricky disput\u00f3 66 partidos, convirti\u00f3 18 goles y reparti\u00f3 16 asistencias. <\/strong>Clave. <\/p>\n<\/div>\n<div class=\"sc-e7b891c4-0 ifHnQL image-embed\"><img alt=\"Blanco la rompi\u00f3 en Chaca (Foto: Matias Princ)\" loading=\"lazy\" width=\"720\" height=\"100\" decoding=\"async\" data-nimg=\"1\" src=\"http:\/\/cordobadirecto.com\/wp-content\/uploads\/2025\/01\/la-novela-del-nacional-chacarita-va-por-la-vuelta-de-ricky-blanco-2.jpg\"><span class=\"epigraphe\">Blanco la rompi\u00f3 en Chaca (Foto: Matias Princ)<\/span><\/div>\n<div class=\"sc-a7166897-0 eoLsBE\" readability=\"6\">\n<section readability=\"2\"><picture><img alt=\"Bombazo en el Nacional: Vecchio fue ofrecido a Col\u00f3n\" loading=\"lazy\" width=\"290\" height=\"290\" decoding=\"async\" data-nimg=\"1\" src=\"http:\/\/cordobadirecto.com\/wp-content\/uploads\/2025\/01\/la-novela-del-nacional-chacarita-va-por-la-vuelta-de-ricky-blanco-3.jpg\"><\/picture>\n<p><span>Mir\u00e1 tambi\u00e9n<\/span><\/p>\n<hr>\n<h3>Bombazo en el Nacional: Vecchio fue ofrecido a Col\u00f3n<\/h3>\n<\/p>\n<\/section>\n<\/div>\n<div class=\"sc-a7166897-0 eoLsBE\" readability=\"6\">\n<section readability=\"2\"><picture><img alt=\"La AFA lo hizo de nuevo: anul\u00f3 las suspensiones hasta cuatro fechas\" loading=\"lazy\" width=\"290\" height=\"290\" decoding=\"async\" data-nimg=\"1\" src=\"http:\/\/cordobadirecto.com\/wp-content\/uploads\/2025\/01\/la-novela-del-nacional-chacarita-va-por-la-vuelta-de-ricky-blanco-4.jpg\"><\/picture>\n<p><span>Mir\u00e1 tambi\u00e9n<\/span><\/p>\n<hr>\n<h3>La AFA lo hizo de nuevo: anul\u00f3 las suspensiones hasta cuatro fechas<\/h3>\n<\/p>\n<\/section>\n<\/div>\n<\/div>\n","protected":false},"excerpt":{"rendered":"<p>16\/01\/2025 20:06hs. Actualizado al 16\/01\/2025 20:08hs. Tener una campa\u00f1a m\u00e1s cercana a ladel 2023 que a la del a\u00f1o pasado. Ese es el objetivo de Chacarita de cara a lo que se avecina. Y claro, porque hace dos temporadas pele\u00f3 el ascenso a la Liga Profesional y qued\u00f3 a un paso. Todo lo contrario al [&hellip;]<\/p>\n","protected":false},"author":1,"featured_media":160993,"comment_status":"closed","ping_status":"closed","sticky":false,"template":"","format":"standard","meta":[],"categories":[21],"tags":[],"_links":{"self":[{"href":"http:\/\/cordobadirecto.com\/index.php\/wp-json\/wp\/v2\/posts\/160992"}],"collection":[{"href":"http:\/\/cordobadirecto.com\/index.php\/wp-json\/wp\/v2\/posts"}],"about":[{"href":"http:\/\/cordobadirecto.com\/index.php\/wp-json\/wp\/v2\/types\/post"}],"author":[{"embeddable":true,"href":"http:\/\/cordobadirecto.com\/index.php\/wp-json\/wp\/v2\/users\/1"}],"replies":[{"embeddable":true,"href":"http:\/\/cordobadirecto.com\/index.php\/wp-json\/wp\/v2\/comments?post=160992"}],"version-history":[{"count":0,"href":"http:\/\/cordobadirecto.com\/index.php\/wp-json\/wp\/v2\/posts\/160992\/revisions"}],"wp:featuredmedia":[{"embeddable":true,"href":"http:\/\/cordobadirecto.com\/index.php\/wp-json\/wp\/v2\/media\/160993"}],"wp:attachment":[{"href":"http:\/\/cordobadirecto.com\/index.php\/wp-json\/wp\/v2\/media?parent=160992"}],"wp:term":[{"taxonomy":"category","embeddable":true,"href":"http:\/\/cordobadirecto.com\/index.php\/wp-json\/wp\/v2\/categories?post=160992"},{"taxonomy":"post_tag","embeddable":true,"href":"http:\/\/cordobadirecto.com\/index.php\/wp-json\/wp\/v2\/tags?post=160992"}],"curies":[{"name":"wp","href":"https:\/\/api.w.org\/{rel}","templated":true}]}}