{"id":161007,"date":"2025-01-17T20:12:08","date_gmt":"2025-01-17T20:12:08","guid":{"rendered":"http:\/\/cordobadirecto.com\/index.php\/2025\/01\/17\/el-gobierno-nacional-anuncio-que-2024-cerro-con-superavit-por-primera-vez-en-14-anos\/"},"modified":"2025-01-17T20:12:08","modified_gmt":"2025-01-17T20:12:08","slug":"el-gobierno-nacional-anuncio-que-2024-cerro-con-superavit-por-primera-vez-en-14-anos","status":"publish","type":"post","link":"http:\/\/cordobadirecto.com\/index.php\/2025\/01\/17\/el-gobierno-nacional-anuncio-que-2024-cerro-con-superavit-por-primera-vez-en-14-anos\/","title":{"rendered":"El Gobierno nacional anunci\u00f3 que 2024 cerr\u00f3 con super\u00e1vit por primera vez en 14 a\u00f1os"},"content":{"rendered":"<p>Se consolida as\u00ed el ancla fiscal del programa de Milei. <b>Econom\u00eda<\/b>17\/01\/2025 Redacci\u00f3n La <b>NUEVA<\/b> Ma\u00f1ana. <\/p>\n","protected":false},"excerpt":{"rendered":"<p>Se consolida as\u00ed el ancla fiscal del programa de Milei. Econom\u00eda17\/01\/2025 Redacci\u00f3n La NUEVA Ma\u00f1ana.<\/p>\n","protected":false},"author":1,"featured_media":0,"comment_status":"closed","ping_status":"closed","sticky":false,"template":"","format":"standard","meta":[],"categories":[40],"tags":[],"_links":{"self":[{"href":"http:\/\/cordobadirecto.com\/index.php\/wp-json\/wp\/v2\/posts\/161007"}],"collection":[{"href":"http:\/\/cordobadirecto.com\/index.php\/wp-json\/wp\/v2\/posts"}],"about":[{"href":"http:\/\/cordobadirecto.com\/index.php\/wp-json\/wp\/v2\/types\/post"}],"author":[{"embeddable":true,"href":"http:\/\/cordobadirecto.com\/index.php\/wp-json\/wp\/v2\/users\/1"}],"replies":[{"embeddable":true,"href":"http:\/\/cordobadirecto.com\/index.php\/wp-json\/wp\/v2\/comments?post=161007"}],"version-history":[{"count":0,"href":"http:\/\/cordobadirecto.com\/index.php\/wp-json\/wp\/v2\/posts\/161007\/revisions"}],"wp:attachment":[{"href":"http:\/\/cordobadirecto.com\/index.php\/wp-json\/wp\/v2\/media?parent=161007"}],"wp:term":[{"taxonomy":"category","embeddable":true,"href":"http:\/\/cordobadirecto.com\/index.php\/wp-json\/wp\/v2\/categories?post=161007"},{"taxonomy":"post_tag","embeddable":true,"href":"http:\/\/cordobadirecto.com\/index.php\/wp-json\/wp\/v2\/tags?post=161007"}],"curies":[{"name":"wp","href":"https:\/\/api.w.org\/{rel}","templated":true}]}}