{"id":161036,"date":"2025-01-17T21:25:35","date_gmt":"2025-01-17T21:25:35","guid":{"rendered":"https:\/\/www.ole.com.ar\/autos\/titulos-argentinos-rally-dakar-nicolas-cavigliasso-valentina-pertegarini_0_6PqaX3LGjg.html"},"modified":"2025-01-17T21:25:35","modified_gmt":"2025-01-17T21:25:35","slug":"argentina-y-el-dakar-un-recorrido-por-todos-los-titulos-albicelestes","status":"publish","type":"post","link":"http:\/\/cordobadirecto.com\/index.php\/2025\/01\/17\/argentina-y-el-dakar-un-recorrido-por-todos-los-titulos-albicelestes\/","title":{"rendered":"Argentina y el Dakar: un recorrido por todos los t\u00edtulos albicelestes"},"content":{"rendered":"<p><time class=\"createDate\" datetime=\"2025-01-17T18:25:35-03:00\">17\/01\/2025 18:25hs.<\/time><\/p>\n<div id=\"storyBody\">\n<div class=\"custom-text \" readability=\"31.809523809524\">\n<p>Terminada la duod\u00e9cima y \u00faltima etapa del <strong><a href=\"https:\/\/www.ole.com.ar\/tema\/rally-dakar.html\" title=\"Rally Dakar\" alt=\"Rally Dakar\" class=\"slug\">Rally Dakar<\/a><\/strong> <strong>2025<\/strong>, una nueva coronaci\u00f3n de gloria albiceleste emergi\u00f3 del desierto saudita. En la ciudad de Shubaytah, el matrimonio cordob\u00e9s de <strong>Nicol\u00e1s Cavigliasso y Valentina Pertegarini <a href=\"https:\/\/www.ole.com.ar\/autos\/dakar-campeon-nicolas-cavigliasso-valentina-pertegarini-challenger_0_BdfxHcSybf.html\" target=\"_blank\" title=\"se alz\u00f3 con el campeonato en la categor\u00eda Challenger\" alt=\"se alz\u00f3 con el campeonato en la categor\u00eda Challenger\" rel=\"noopener\">se alz\u00f3 con el campeonato en la categor\u00eda Challenger<\/a><\/strong>. A partir de este logro, en <strong>Ol\u00e9 <\/strong>te traemos todos t\u00edtulos argentinos en el rally m\u00e1s desafiante del mundo.<\/p>\n<\/div>\n<div class=\"custom-text \" readability=\"40\">\n<p>En <strong>2010<\/strong>, el Dakar volvi\u00f3 por segunda vez consecutiva a Sudam\u00e9rica, como consecuencia de las amenazas terroristas que derivaron en la cancelaci\u00f3n de la edici\u00f3n de 2008. Los pa\u00edses que albergaron a la competencia fueron nuevamente <strong>Argentina <\/strong>y <strong>Chile<\/strong>. Ese mismo a\u00f1o lleg\u00f3 <strong>la primera consagraci\u00f3n nacional<\/strong>, y qu\u00e9 mejor que en suelo patrio: <strong>Marcos Patronelli<\/strong>, a bordo de su <strong>Yamaha Raptor 700<\/strong>, domin\u00f3 en los quads de principio a fin y se qued\u00f3 con el primer lugar de la tabla general con un crono de <strong>64h17m44s<\/strong>.<\/p>\n<\/div>\n<div class=\"custom-text \" readability=\"42\">\n<p>De esta manera, comenzar\u00eda una hegemon\u00eda de los hermanos Patronelli en esta categor\u00eda, ya que en <strong>2011<\/strong> y <strong>2012 <\/strong>(ac\u00e1 se suma Per\u00fa como escenario junto al pa\u00eds trasandino y al nuestro), <strong>Alejandro Patronelli<\/strong> fue quien salt\u00f3 al grito de &#8220;dale campe\u00f3n&#8221;. En <strong>2013<\/strong>, Marcos recuperar\u00eda el trono. El reinado de los bonaerenses se vio interrumpido en 2014 y, luego de otro a\u00f1o sin t\u00edtulos, en <strong>2016 <\/strong>el menor de los dos -Marcos-<strong> consigui\u00f3 el tricampeonato <\/strong>en el rally que se larg\u00f3 en Buenos Aires, pas\u00f3 por Bolivia y finaliz\u00f3 en la etapa que uni\u00f3 a Villa Carlos Paz con Rosario.<\/p>\n<\/div>\n<div class=\"sc-e7b891c4-0 ifHnQL image-embed\"><img alt=\"Los hermanos Patronelli en sus \u00e9pocas de Dakar.\" loading=\"lazy\" width=\"720\" height=\"100\" decoding=\"async\" data-nimg=\"1\" src=\"http:\/\/cordobadirecto.com\/wp-content\/uploads\/2025\/01\/argentina-y-el-dakar-un-recorrido-por-todos-los-titulos-albicelestes.jpg\"><span class=\"epigraphe\">Los hermanos Patronelli en sus \u00e9pocas de Dakar.<\/span><\/div>\n<div class=\"custom-text \" readability=\"41\">\n<p>En <strong>2019<\/strong>, Nicol\u00e1s Cavigliasso logr\u00f3 la sexta coronaci\u00f3n argentina en su <strong>Yamaha YFM700 R<\/strong>, completando un tiempo total de <strong>43h01m54s<\/strong>. En <strong>2021<\/strong>, la competencia escuchar\u00eda a los motores rugir en <strong>Arabia Saudita<\/strong>, la naci\u00f3n de Medio Oriente que actuar\u00eda de anfitriona por segunda vez al hilo. En esta oportunidad, los representantes nacionales <strong>tuvieron su actuaci\u00f3n m\u00e1s destacada hasta el momento<\/strong>, con <strong>Manuel And\u00fajar<\/strong> obteniendo el campeonato de quads tras un crono de <strong>60h28m29s<\/strong>.<\/p>\n<\/div>\n<div class=\"custom-text \" readability=\"41\">\n<p>Pero la sorpresa llegar\u00eda cuando, por primera vez, <strong>un argentino quedaba primero de la general en otra categor\u00eda<\/strong>. <strong>Kevin Benavides<\/strong> surfe\u00f3 de forma espectacular las dunas sauditas junto a su <strong>Honda CRF 450 Rally<\/strong>, completando las 12 etapas en <strong>47h18m14s<\/strong>, tiempo que lo laure\u00f3 como el campe\u00f3n de la divisi\u00f3n. El motociclista salte\u00f1o repiti\u00f3 la haza\u00f1a en <strong>2023<\/strong>, nuevamente en suelo saudita, pero bajo la tutela de <strong>KTM<\/strong>.<\/p>\n<\/div>\n<div class=\"sc-e7b891c4-0 ifHnQL image-embed\"><img alt=\"Kevin Benavides con el trofeo del Dakar 2023.\" loading=\"lazy\" width=\"720\" height=\"100\" decoding=\"async\" data-nimg=\"1\" src=\"http:\/\/cordobadirecto.com\/wp-content\/uploads\/2025\/01\/argentina-y-el-dakar-un-recorrido-por-todos-los-titulos-albicelestes-1.jpg\"><span class=\"epigraphe\">Kevin Benavides con el trofeo del Dakar 2023.<\/span><\/div>\n<div class=\"custom-text \" readability=\"41\">\n<p>En <strong>2024<\/strong>, el escenario fue el mismo, y Manuel And\u00fajar logr\u00f3 el bicampeonato al hacer un crono de <strong>47h18m14s<\/strong> arriba de su Yamaha Raptor 700. Finalmente, para cerrar (por ahora) el listado de los vencedores albicelestes en la competencia, resta mencionar la flamante consagraci\u00f3n de Cavigliasso y su esposa, Valentina Pertegarini, <strong>quienes obtuvieron el primer t\u00edtulo nacional en el Challenger<\/strong>.<\/p>\n<\/div>\n<div class=\"sc-e7b891c4-0 ifHnQL image-embed\"><img alt=\"El matrimonio cordob\u00e9s, feliz por el campeonato. (@Dakar)\" loading=\"lazy\" width=\"720\" height=\"100\" decoding=\"async\" data-nimg=\"1\" src=\"http:\/\/cordobadirecto.com\/wp-content\/uploads\/2025\/01\/argentina-y-el-dakar-un-recorrido-por-todos-los-titulos-albicelestes-2.jpg\"><span class=\"epigraphe\">El matrimonio cordob\u00e9s, feliz por el campeonato. (@Dakar)<\/span><\/div>\n<p><h2><strong>As\u00ed terminaron los otros argentinos en el Dakar 2025<\/strong><\/h2>\n<\/p>\n<div class=\"custom-text \" readability=\"40\">\n<p>En las motos, <strong>Luciano Benavides<\/strong> termin\u00f3 cuarto con Red Bull KTM, gan\u00f3 las etapas 8 y 9 y sum\u00f3 un tiempo de <strong>53h31m08s<\/strong>, a 22 minutos del ganador, el australiano Daniel Sanders. Por su parte, <strong>Juan Santiago Rostan<\/strong> fue 40\u00b0, a <strong>13h33m58s <\/strong>del campe\u00f3n.<\/p>\n<\/div>\n<div class=\"custom-text \" readability=\"37\">\n<p>En coches, <strong>Juan Cruz Yacopini<\/strong> fue s\u00e9ptimo con el Overdrive Racing, a 1h57m04s del saud\u00ed Yazeed Al Rajhi (52h52m15s). Manuel Andujar fue 122\u00b0 con el South Racing Can-Am, y <strong>Jerem\u00edas Gonz\u00e1lez Ferioli<\/strong> sali\u00f3 127\u00b0 con el Can-Am Factory Team.<\/p>\n<\/div>\n<div class=\"sc-a7166897-0 eoLsBE\" readability=\"6\">\n<section readability=\"2\"><picture><img alt=\"El video in\u00e9dito de Colapinto y Bizarrap bailando: &quot;Menos mal que manejo autitos&quot;\" loading=\"lazy\" width=\"290\" height=\"290\" decoding=\"async\" data-nimg=\"1\" src=\"http:\/\/cordobadirecto.com\/wp-content\/uploads\/2025\/01\/argentina-y-el-dakar-un-recorrido-por-todos-los-titulos-albicelestes-3.jpg\"><\/picture>\n<p><span>Mir\u00e1 tambi\u00e9n<\/span><\/p>\n<hr>\n<h3>El video in\u00e9dito de Colapinto y Bizarrap bailando: &#8220;Menos mal que manejo autitos&#8221;<\/h3>\n<\/p>\n<\/section>\n<\/div>\n<div class=\"sc-a7166897-0 eoLsBE\" readability=\"6.5\">\n<section readability=\"3\"><picture><img alt=\"Sin lugar en la F\u00f3rmula 2, Nicol\u00e1s Varrone correr\u00e1 en otra importante categor\u00eda \" loading=\"lazy\" width=\"290\" height=\"290\" decoding=\"async\" data-nimg=\"1\" src=\"http:\/\/cordobadirecto.com\/wp-content\/uploads\/2025\/01\/argentina-y-el-dakar-un-recorrido-por-todos-los-titulos-albicelestes-4.jpg\"><\/picture>\n<p><span>Mir\u00e1 tambi\u00e9n<\/span><\/p>\n<hr>\n<h3>Sin lugar en la F\u00f3rmula 2, Nicol\u00e1s Varrone correr\u00e1 en otra importante categor\u00eda <\/h3>\n<\/p>\n<\/section>\n<\/div>\n<div class=\"sc-a7166897-0 eoLsBE\" readability=\"6.5\">\n<section readability=\"3\"><picture><img alt=\"Paul Aron y Pierre Gasly ya se unieron a Alpine, que espera a Franco Colapinto\" loading=\"lazy\" width=\"290\" height=\"290\" decoding=\"async\" data-nimg=\"1\" src=\"http:\/\/cordobadirecto.com\/wp-content\/uploads\/2025\/01\/argentina-y-el-dakar-un-recorrido-por-todos-los-titulos-albicelestes-5.jpg\"><\/picture>\n<p><span>Mir\u00e1 tambi\u00e9n<\/span><\/p>\n<hr>\n<h3>Paul Aron y Pierre Gasly ya se unieron a Alpine, que espera a Franco Colapinto<\/h3>\n<\/p>\n<\/section>\n<\/div>\n<\/div>\n","protected":false},"excerpt":{"rendered":"<p>17\/01\/2025 18:25hs. Terminada la duod\u00e9cima y \u00faltima etapa del Rally Dakar 2025, una nueva coronaci\u00f3n de gloria albiceleste emergi\u00f3 del desierto saudita. En la ciudad de Shubaytah, el matrimonio cordob\u00e9s de Nicol\u00e1s Cavigliasso y Valentina Pertegarini se alz\u00f3 con el campeonato en la categor\u00eda Challenger. A partir de este logro, en Ol\u00e9 te traemos todos [&hellip;]<\/p>\n","protected":false},"author":1,"featured_media":161037,"comment_status":"closed","ping_status":"closed","sticky":false,"template":"","format":"standard","meta":[],"categories":[21],"tags":[],"_links":{"self":[{"href":"http:\/\/cordobadirecto.com\/index.php\/wp-json\/wp\/v2\/posts\/161036"}],"collection":[{"href":"http:\/\/cordobadirecto.com\/index.php\/wp-json\/wp\/v2\/posts"}],"about":[{"href":"http:\/\/cordobadirecto.com\/index.php\/wp-json\/wp\/v2\/types\/post"}],"author":[{"embeddable":true,"href":"http:\/\/cordobadirecto.com\/index.php\/wp-json\/wp\/v2\/users\/1"}],"replies":[{"embeddable":true,"href":"http:\/\/cordobadirecto.com\/index.php\/wp-json\/wp\/v2\/comments?post=161036"}],"version-history":[{"count":0,"href":"http:\/\/cordobadirecto.com\/index.php\/wp-json\/wp\/v2\/posts\/161036\/revisions"}],"wp:featuredmedia":[{"embeddable":true,"href":"http:\/\/cordobadirecto.com\/index.php\/wp-json\/wp\/v2\/media\/161037"}],"wp:attachment":[{"href":"http:\/\/cordobadirecto.com\/index.php\/wp-json\/wp\/v2\/media?parent=161036"}],"wp:term":[{"taxonomy":"category","embeddable":true,"href":"http:\/\/cordobadirecto.com\/index.php\/wp-json\/wp\/v2\/categories?post=161036"},{"taxonomy":"post_tag","embeddable":true,"href":"http:\/\/cordobadirecto.com\/index.php\/wp-json\/wp\/v2\/tags?post=161036"}],"curies":[{"name":"wp","href":"https:\/\/api.w.org\/{rel}","templated":true}]}}