{"id":161038,"date":"2025-01-18T05:32:24","date_gmt":"2025-01-18T05:32:24","guid":{"rendered":"https:\/\/www.ole.com.ar\/futbol-ascenso\/ascenso-primera-nacional-colon-emiliano-vecchio_0_yowk7w5iEr.html"},"modified":"2025-01-18T05:32:24","modified_gmt":"2025-01-18T05:32:24","slug":"bombazo-en-el-nacional-vecchio-fue-ofrecido-a-colon","status":"publish","type":"post","link":"http:\/\/cordobadirecto.com\/index.php\/2025\/01\/18\/bombazo-en-el-nacional-vecchio-fue-ofrecido-a-colon\/","title":{"rendered":"Bombazo en el Nacional: Vecchio fue ofrecido a Col\u00f3n"},"content":{"rendered":"<p><time class=\"createDate\" datetime=\"2025-01-16T18:26:15-03:00\">16\/01\/2025 18:26hs.<\/time><\/p>\n<div id=\"storyBody\">\n<div class=\"custom-text \" readability=\"35.85641025641\">\n<p><strong>Volver a la <a href=\"https:\/\/www.ole.com.ar\/tema\/liga-profesional.html\" title=\"Liga Profesional\" alt=\"Liga Profesional\" class=\"slug\">Liga Profesional<\/a>, ese es el gran objetivo de <a href=\"https:\/\/www.ole.com.ar\/tema\/colon.html\" title=\"Col\u00f3n\" alt=\"Col\u00f3n\" class=\"slug\">Col\u00f3n <\/a>para el 2025. <\/strong>Y claro, porque es uno de los equipos m\u00e1s grandes de la divisional y resulto ser la gran decepci\u00f3n del a\u00f1o pasado: <strong>fue de m\u00e1s a menos y termin\u00f3 perdiendo en la primera ronda del Reducido ante All Boys <\/strong>en Floresta. Por eso, para esta temporada hubo un cambio de caras importante y el equipo se sigue armando.<\/p>\n<\/div>\n<div class=\"custom-text \" readability=\"36.947368421053\">\n<p>El mercado de pases del conjunto dirigido por Ariel Pereyra, que tendr\u00e1 su primera experiencia como entrenador principal, se cocin\u00f3 a fuego lento, pero durante las \u00faltimos semanas empez\u00f3 a tomar color:<strong> volvi\u00f3 <a href=\"https:\/\/www.ole.com.ar\/tema\/emmanuel-gigliotti.html\" title=\"Emmanuel Gigliotti\" alt=\"Emmanuel Gigliotti\" class=\"slug\">Emmanuel Gigliotti<\/a> y dio otro semblante<\/strong>. Lo mismo con las incorporaciones de <strong>Guillermo Ort\u00edz, Jos\u00e9 Barreto y Facundo S\u00e1nchez.<\/strong><\/p>\n<\/div>\n<div class=\"custom-text \" readability=\"38.442822384428\">\n<p>Pero en las \u00faltimas horas surgi\u00f3 otro bombazo: <strong><a href=\"https:\/\/www.ole.com.ar\/tema\/emiliano-vecchio.html\" title=\"Emiliano Vecchio\" alt=\"Emiliano Vecchio\" class=\"slug\">Emiliano Vecchio<\/a>, volante ofensivo de 36 a\u00f1os y de \u00faltimo paso por Uni\u00f3n Esp\u00e1\u00f1ola de Chile, fue ofrecido al Sabalero.<\/strong> Ya se dieron los primeros contactos entre Iv\u00e1n Moreno y Fabianesi, Director Deportivo del equipo rojinegro, con el entorno cercano del futbolista. A\u00fan no est\u00e1 cerrado, pero las partes podr\u00edan llegar a un acuerdo en los pr\u00f3ximos d\u00edas.<\/p>\n<\/div>\n<p><h2><strong>La carrera de Emiliano Vecchio<\/strong><\/h2>\n<\/p>\n<div class=\"custom-text \" readability=\"41\">\n<p>Surgido en Rosario Central, debut\u00f3 2005 y permaneci\u00f3 hasta el 2007, emigr\u00f3 al Funelabrada de Espa\u00f1a. En el exterior hizo gran parte de su trayectoria: destac\u00f3 en Uni\u00f3n Espa\u00f1ola, Colo Colo (Chile), pas\u00f3 por el f\u00fatbol de Qatar, Arabia Saudita y Emiratos Arabes Unidos. Adem\u00e1s, jug\u00f3 en el Santos de Brasil y Bolivar. <strong>En 2020 retorn\u00f3 al Canalla y le fue bien: 15 goles y 13 asistencias en 76 encuentros.<\/strong><\/p>\n<\/div>\n<div class=\"custom-text \" readability=\"37\">\n<p>Para el 2022 despert\u00f3 el inter\u00e9s de Fernando Gago, que por aquel entonces dirig\u00eda a Racing, <strong>y se puso la camiseta de la Academia: disput\u00f3 20 partidos, anot\u00f3 cinco veces y asisti\u00f3 en otras siete<\/strong>. Fue campe\u00f3n del Trofeo de Campeones 2022 y la Supercopa Internacional 2023.<\/p>\n<\/div>\n<div class=\"sc-e7b891c4-0 ifHnQL image-embed\"><img alt=\"Vecchio en Racing (Foto: JTesone)\" loading=\"lazy\" width=\"720\" height=\"100\" decoding=\"async\" data-nimg=\"1\" src=\"http:\/\/cordobadirecto.com\/wp-content\/uploads\/2025\/01\/bombazo-en-el-nacional-vecchio-fue-ofrecido-a-colon.jpg\"><span class=\"epigraphe\">Vecchio en Racing (Foto: JTesone)<\/span><\/div>\n<div class=\"custom-text \" readability=\"35\">\n<p>Lo \u00faltimo del rosarino tuvo lugar en Uni\u00f3n Espa\u00f1ola de Chile, donde no tuvo tanta regularidad pero si buenos n\u00fameros: <strong>22 duelos, seis tantos y misma cantidad de pases-gol.<\/strong><\/p>\n<\/div>\n<p><h2><strong>El mercado de pases de Col\u00f3n<\/strong><\/h2>\n<\/p>\n<div class=\"custom-text \" readability=\"39\">\n<p><strong>ALTAS:<\/strong> Marcos D\u00edaz, Gonzalo Bettini, Brian Negro, Nicol\u00e1s Thaller, Emmanuel Gigliotti, Guillermo Ort\u00edz, Jos\u00e9 Barreto y Facundo S\u00e1nchez.<\/p>\n<\/div>\n<div class=\"sc-e7b891c4-0 ifHnQL image-embed\"><img alt=\"Gigliotti es nuevo refuerzo de Col\u00f3n (Prensa Col\u00f3n).\" loading=\"lazy\" width=\"720\" height=\"100\" decoding=\"async\" data-nimg=\"1\" src=\"http:\/\/cordobadirecto.com\/wp-content\/uploads\/2025\/01\/bombazo-en-el-nacional-vecchio-fue-ofrecido-a-colon-1.jpg\"><span class=\"epigraphe\">Gigliotti es nuevo refuerzo de Col\u00f3n (Prensa Col\u00f3n).<\/span><\/div>\n<div class=\"custom-text \" readability=\"49\">\n<p><strong>BAJAS:<\/strong> Paolo Goltz, Axel Rodr\u00edguez, Nicol\u00e1s Delgadillo, Andrew Teuten, Ezequiel Herrera, Edhard Greising, Bruno Juncos, Javier Toledo, Brian Farioli, Braian Guille, Manuel Vicentini, Facundo Garc\u00e9s, Sebasti\u00e1n Prediger, Alexis Sabella, Hern\u00e1n Lopes, Juli\u00e1n Navas y Juan Antonini.<\/p>\n<\/div>\n<div class=\"sc-a7166897-0 eoLsBE\" readability=\"6\">\n<section readability=\"2\"><picture><img alt=\"Se fue Fossati de Per\u00fa: un argentino candidato\" loading=\"lazy\" width=\"290\" height=\"290\" decoding=\"async\" data-nimg=\"1\" src=\"http:\/\/cordobadirecto.com\/wp-content\/uploads\/2025\/01\/bombazo-en-el-nacional-vecchio-fue-ofrecido-a-colon-2.jpg\"><\/picture>\n<p><span>Mir\u00e1 tambi\u00e9n<\/span><\/p>\n<hr>\n<h3>Se fue Fossati de Per\u00fa: un argentino candidato<\/h3>\n<\/p>\n<\/section>\n<\/div>\n<div class=\"sc-a7166897-0 eoLsBE\" readability=\"6\">\n<section readability=\"2\"><picture><img alt=\"Exclusivo Ol\u00e9: Estudiantes llam\u00f3 a Rollheiser y hay optimismo\" loading=\"lazy\" width=\"290\" height=\"290\" decoding=\"async\" data-nimg=\"1\" src=\"http:\/\/cordobadirecto.com\/wp-content\/uploads\/2025\/01\/bombazo-en-el-nacional-vecchio-fue-ofrecido-a-colon-3.jpg\"><\/picture>\n<p><span>Mir\u00e1 tambi\u00e9n<\/span><\/p>\n<hr>\n<h3>Exclusivo Ol\u00e9: Estudiantes llam\u00f3 a Rollheiser y hay optimismo<\/h3>\n<\/p>\n<\/section>\n<\/div>\n<\/div>\n","protected":false},"excerpt":{"rendered":"<p>16\/01\/2025 18:26hs. Volver a la Liga Profesional, ese es el gran objetivo de Col\u00f3n para el 2025. Y claro, porque es uno de los equipos m\u00e1s grandes de la divisional y resulto ser la gran decepci\u00f3n del a\u00f1o pasado: fue de m\u00e1s a menos y termin\u00f3 perdiendo en la primera ronda del Reducido ante All [&hellip;]<\/p>\n","protected":false},"author":1,"featured_media":161039,"comment_status":"closed","ping_status":"closed","sticky":false,"template":"","format":"standard","meta":[],"categories":[21],"tags":[],"_links":{"self":[{"href":"http:\/\/cordobadirecto.com\/index.php\/wp-json\/wp\/v2\/posts\/161038"}],"collection":[{"href":"http:\/\/cordobadirecto.com\/index.php\/wp-json\/wp\/v2\/posts"}],"about":[{"href":"http:\/\/cordobadirecto.com\/index.php\/wp-json\/wp\/v2\/types\/post"}],"author":[{"embeddable":true,"href":"http:\/\/cordobadirecto.com\/index.php\/wp-json\/wp\/v2\/users\/1"}],"replies":[{"embeddable":true,"href":"http:\/\/cordobadirecto.com\/index.php\/wp-json\/wp\/v2\/comments?post=161038"}],"version-history":[{"count":0,"href":"http:\/\/cordobadirecto.com\/index.php\/wp-json\/wp\/v2\/posts\/161038\/revisions"}],"wp:featuredmedia":[{"embeddable":true,"href":"http:\/\/cordobadirecto.com\/index.php\/wp-json\/wp\/v2\/media\/161039"}],"wp:attachment":[{"href":"http:\/\/cordobadirecto.com\/index.php\/wp-json\/wp\/v2\/media?parent=161038"}],"wp:term":[{"taxonomy":"category","embeddable":true,"href":"http:\/\/cordobadirecto.com\/index.php\/wp-json\/wp\/v2\/categories?post=161038"},{"taxonomy":"post_tag","embeddable":true,"href":"http:\/\/cordobadirecto.com\/index.php\/wp-json\/wp\/v2\/tags?post=161038"}],"curies":[{"name":"wp","href":"https:\/\/api.w.org\/{rel}","templated":true}]}}