{"id":161044,"date":"2025-01-17T20:46:08","date_gmt":"2025-01-17T20:46:08","guid":{"rendered":"https:\/\/es.digitaltrends.com\/?p=1054042"},"modified":"2025-01-17T20:46:08","modified_gmt":"2025-01-17T20:46:08","slug":"gladiador-2-se-esta-transmitiendo-cuando-llega-al-streaming","status":"publish","type":"post","link":"http:\/\/cordobadirecto.com\/index.php\/2025\/01\/17\/gladiador-2-se-esta-transmitiendo-cuando-llega-al-streaming\/","title":{"rendered":"\u00bfGladiador 2 se est\u00e1 transmitiendo? cu\u00e1ndo llega al streaming"},"content":{"rendered":"<div><img src=\"http:\/\/cordobadirecto.com\/wp-content\/uploads\/2025\/01\/gladiador-2-se-esta-transmitiendo-cuando-llega-al-streaming.jpg\" class=\"ff-og-image-inserted\"><\/div>\n<p>Revive la emoci\u00f3n de la arena en casa mientras <a href=\"https:\/\/es.digitaltrends.com\/entretenimiento\/gladiador-2-criticas\/\"><em><strong>Gladiador 2<\/strong><\/em><\/a><em>&nbsp;<\/em>se dirige a Paramount+. El streamer anunci\u00f3 que la \u00e9pica secuela de Ridley Scott comenzar\u00e1 a transmitirse&nbsp;<strong>el martes 21 de enero de<\/strong>&nbsp;2025 en Estados Unidos y Canad\u00e1.<\/p>\n<p>24 a\u00f1os despu\u00e9s de&nbsp;<em>Gladiator<\/em>, Scott regres\u00f3 a la Antigua Roma para una nueva historia de fuerza y honor en&nbsp;<em>Gladiator II<\/em>. Despu\u00e9s de la muerte de M\u00e1ximo D\u00e9cimo Meridio, Lucio (Paul Mescal), el nieto de Marco&nbsp;Aurelio, fue enviado lejos de Roma por su madre Lucilla (Connie Nielsen) para protegerlo de los asesinos. M\u00e1s de una d\u00e9cada despu\u00e9s, Lucius vive en Numidia con su esposa. Lucio debe enfrentarse a su pasado cuando las fuerzas romanas lideradas por el general Acacio (Pedro Pascal) conquistan Numidia y toman cautivos a los supervivientes. Lucius se convierte en esclavo y entrena para convertirse en gladiador. Al entrar en el Coliseo, Lucio jura vengarse y devolver la gloria a Roma.<\/p>\n<div class=\"b-connatix b-connatix--video\" id=\"dt-cnx-container-678ac318cd895\">\n<div class=\"b-connatix__label\"> Recommended Videos <\/div>\n<div class=\"b-connatix__container\"> <\/div>\n<\/div>\n<p><em>El elenco de Gladiador <\/em>incluye a Joseph Quinn como el Emperador Geta, Fred Hechinger como el Emperador Caracalla, Lior Raz como Viggo, Derek Jacobi como el Senador Graco y <a href=\"https:\/\/es.digitaltrends.com\/entretenimiento\/denzel-washington-josh-brolin-golpes-american-gangster\/\"><strong>Denzel Washington&nbsp;<\/strong><\/a>como Macrino.<\/p>\n<div class=\"dtvideos-container\" data-provider=\"youtube\">\n<div class=\"dtvideos-details h-dtvideos-details-embed\">\n<div class=\"dtvideos-title\">Gladiator II | New Trailer (2024 Movie) &#8211; Paul Mescal, Pedro Pascal, Denzel Washington, Ridley Scott<\/div>\n<\/div>\n<\/div>\n<p>Scott dirigi\u00f3&nbsp;<em>Gladiador<\/em> 2, con un gui\u00f3n de David Scarpa y una historia de Scarpa y Peter Craig, basada en personajes de David Franzoni. Estrenada el 22 de noviembre de 2024 en Estados Unidos,&nbsp;<em>Gladiador 2 <\/em>debut\u00f3 con un fin de semana de estreno de 55 millones de d\u00f3lares, la marca para una pel\u00edcula con clasificaci\u00f3n R en noviembre. Hasta la fecha,&nbsp;<em>Gladiador <\/em>ha recaudado m\u00e1s de 455 millones de d\u00f3lares en la taquilla mundial.<\/p>\n<p><em>Gladiador 2 <\/em>recibi\u00f3 en su mayor\u00eda una recepci\u00f3n positiva y obtuvo nominaciones a dos Globos de Oro, tres BAFTA y un Premio del Sindicato de Actores. Aunque no es oficial, Scott ha jugado con la idea de <a href=\"https:\/\/es.digitaltrends.com\/entretenimiento\/ridley-scott-ya-escribe-gladiador-3\/\"><em><strong>Gladiador III<\/strong><\/em><\/a>, admitiendo que ha completado ocho p\u00e1ginas del guion.<\/p>\n<p> <span id=\"publisher-md\" itemprop=\"publisher\" itemscope itemtype=\"https:\/\/schema.org\/Organization\"> <span itemprop=\"url\" itemtype=\"https:\/\/schema.org\/Url\" content=\"https:\/\/es.digitaltrends.com\"> <span itemprop=\"logo\" itemscope itemtype=\"https:\/\/schema.org\/ImageObject\"> <meta itemprop=\"url\" content=\"https:\/\/cdn.dtcn.com\/dt\/dt-logo-small.png\"> <meta itemprop=\"width\" content=\"0\"> <meta itemprop=\"height\" content=\"0\"> <\/span> <meta itemprop=\"name\" content=\"Digital Trends Espa\u00f1ol\"> <\/span> <span itemprop=\"image\" itemscope itemtype=\"https:\/\/schema.org\/ImageObject\"> <meta itemprop=\"url\" content=\"https:\/\/es.digitaltrends.com\/wp-content\/uploads\/2024\/07\/GL2_05931RC2.jpg?p=1\"> <\/span> <\/span> <\/p>\n","protected":false},"excerpt":{"rendered":"<p>Revive la emoci\u00f3n de la arena en casa mientras Gladiador 2&nbsp;se dirige a Paramount+. El streamer anunci\u00f3 que la \u00e9pica secuela de Ridley Scott comenzar\u00e1 a transmitirse&nbsp;el martes 21 de enero de&nbsp;2025 en Estados Unidos y Canad\u00e1. 24 a\u00f1os despu\u00e9s de&nbsp;Gladiator, Scott regres\u00f3 a la Antigua Roma para una nueva historia de fuerza y honor [&hellip;]<\/p>\n","protected":false},"author":1,"featured_media":161045,"comment_status":"closed","ping_status":"closed","sticky":false,"template":"","format":"standard","meta":[],"categories":[18],"tags":[],"_links":{"self":[{"href":"http:\/\/cordobadirecto.com\/index.php\/wp-json\/wp\/v2\/posts\/161044"}],"collection":[{"href":"http:\/\/cordobadirecto.com\/index.php\/wp-json\/wp\/v2\/posts"}],"about":[{"href":"http:\/\/cordobadirecto.com\/index.php\/wp-json\/wp\/v2\/types\/post"}],"author":[{"embeddable":true,"href":"http:\/\/cordobadirecto.com\/index.php\/wp-json\/wp\/v2\/users\/1"}],"replies":[{"embeddable":true,"href":"http:\/\/cordobadirecto.com\/index.php\/wp-json\/wp\/v2\/comments?post=161044"}],"version-history":[{"count":0,"href":"http:\/\/cordobadirecto.com\/index.php\/wp-json\/wp\/v2\/posts\/161044\/revisions"}],"wp:featuredmedia":[{"embeddable":true,"href":"http:\/\/cordobadirecto.com\/index.php\/wp-json\/wp\/v2\/media\/161045"}],"wp:attachment":[{"href":"http:\/\/cordobadirecto.com\/index.php\/wp-json\/wp\/v2\/media?parent=161044"}],"wp:term":[{"taxonomy":"category","embeddable":true,"href":"http:\/\/cordobadirecto.com\/index.php\/wp-json\/wp\/v2\/categories?post=161044"},{"taxonomy":"post_tag","embeddable":true,"href":"http:\/\/cordobadirecto.com\/index.php\/wp-json\/wp\/v2\/tags?post=161044"}],"curies":[{"name":"wp","href":"https:\/\/api.w.org\/{rel}","templated":true}]}}