{"id":161047,"date":"2025-01-17T13:55:06","date_gmt":"2025-01-17T13:55:06","guid":{"rendered":"https:\/\/cordoba.gob.ar\/?p=66914"},"modified":"2025-01-17T13:55:06","modified_gmt":"2025-01-17T13:55:06","slug":"la-primera-campana-recircular-del-ano-llegara-a-cinco-barrios-de-cordoba-donde-llevar-tus-reciclables","status":"publish","type":"post","link":"http:\/\/cordobadirecto.com\/index.php\/2025\/01\/17\/la-primera-campana-recircular-del-ano-llegara-a-cinco-barrios-de-cordoba-donde-llevar-tus-reciclables\/","title":{"rendered":"La primera Campa\u00f1a Recircular del a\u00f1o llegar\u00e1 a cinco barrios de C\u00f3rdoba: d\u00f3nde llevar tus reciclables"},"content":{"rendered":"<div><img src=\"http:\/\/cordobadirecto.com\/wp-content\/uploads\/2025\/01\/la-primera-campana-recircular-del-ano-llegara-a-cinco-barrios-de-cordoba-donde-llevar-tus-reciclables.jpg\" class=\"ff-og-image-inserted\"><\/div>\n<ul>\n<li><strong><strong>En Alta C\u00f3rdoba, General Paz, Pueyrred\u00f3n, Urca y Panamericano se recibir\u00e1n residuos secos de 09: a 12:00 de la ma\u00f1ana de este s\u00e1bado.<\/strong><\/strong><br \/>\n<hr>\n<\/li>\n<\/ul>\n<p>La Campa\u00f1a Recircular tendr\u00e1 su 49\u00b0 edici\u00f3n: la ya tradicional iniciativa cordobesa invita a los vecinos y vecinas a colaborar con sus residuos secos para contribuir con el ambiente y la Econom\u00eda Circular.<\/p>\n<p>Esta propuesta es posible gracias al trabajo coordinado de la Fundaci\u00f3n para el Desarrollo Sostenible, el Ente BioC\u00f3rdoba, CorLab, los centros vecinales y diferentes organizaciones sociales de la ciudad.<\/p>\n<p>Este esfuerzo conjunto permite que la ciudad refuerce su compromiso con el cuidado del ambiente y la inclusi\u00f3n social: lo recolectado ser\u00e1 entregado a cooperativas de carreros o destinado como insumo de la Escuela Municipal de Econom\u00eda Circular (EMEC) que administra el municipio.<\/p>\n<p>El \u201cHub Recircular\u201d tambi\u00e9n est\u00e1 compuesto por la Universidad Nacional de C\u00f3rdoba, la Universidad Siglo 21, Arquea, Recuwork y la Red Internacional de Promotores ODS, entre otras organizaciones.<\/p>\n<p>Los puntos de acopio ser\u00e1n los siguientes:<\/p>\n<ul class=\"ak-ul\">\n<li>Alta C\u00f3rdoba: Plazoleta Jer\u00f3nimo Luis de Cabrera, ubicada en Jer\u00f3nimo Luis de Cabrera 550 entre Lavalleja y Jujuy.<\/li>\n<li>General Paz: Ucrania 133.<\/li>\n<li>Pueyrred\u00f3n Oeste: Pringles 1491.<\/li>\n<li>Urca: Plaza del encuentro, ubicada en Real de Az\u00faa y Arruabarrena.<\/li>\n<li>Panamericano: Av. Juan B. Justo 4981.<\/li>\n<\/ul>\n<p>Se pueden llevar pl\u00e1sticos, papel, cart\u00f3n, metales, aceite vegetal usado, vidrio, celulares en desuso y telgopor en el horario de 09:00 a 12:00 de la ma\u00f1ana.<\/p>\n","protected":false},"excerpt":{"rendered":"<p>En Alta C\u00f3rdoba, General Paz, Pueyrred\u00f3n, Urca y Panamericano se recibir\u00e1n residuos secos de 09: a 12:00 de la ma\u00f1ana de este s\u00e1bado. La Campa\u00f1a Recircular tendr\u00e1 su 49\u00b0 edici\u00f3n: la ya tradicional iniciativa cordobesa invita a los vecinos y vecinas a colaborar con sus residuos secos para contribuir con el ambiente y la Econom\u00eda [&hellip;]<\/p>\n","protected":false},"author":1,"featured_media":161048,"comment_status":"closed","ping_status":"closed","sticky":false,"template":"","format":"standard","meta":[],"categories":[44],"tags":[],"_links":{"self":[{"href":"http:\/\/cordobadirecto.com\/index.php\/wp-json\/wp\/v2\/posts\/161047"}],"collection":[{"href":"http:\/\/cordobadirecto.com\/index.php\/wp-json\/wp\/v2\/posts"}],"about":[{"href":"http:\/\/cordobadirecto.com\/index.php\/wp-json\/wp\/v2\/types\/post"}],"author":[{"embeddable":true,"href":"http:\/\/cordobadirecto.com\/index.php\/wp-json\/wp\/v2\/users\/1"}],"replies":[{"embeddable":true,"href":"http:\/\/cordobadirecto.com\/index.php\/wp-json\/wp\/v2\/comments?post=161047"}],"version-history":[{"count":0,"href":"http:\/\/cordobadirecto.com\/index.php\/wp-json\/wp\/v2\/posts\/161047\/revisions"}],"wp:featuredmedia":[{"embeddable":true,"href":"http:\/\/cordobadirecto.com\/index.php\/wp-json\/wp\/v2\/media\/161048"}],"wp:attachment":[{"href":"http:\/\/cordobadirecto.com\/index.php\/wp-json\/wp\/v2\/media?parent=161047"}],"wp:term":[{"taxonomy":"category","embeddable":true,"href":"http:\/\/cordobadirecto.com\/index.php\/wp-json\/wp\/v2\/categories?post=161047"},{"taxonomy":"post_tag","embeddable":true,"href":"http:\/\/cordobadirecto.com\/index.php\/wp-json\/wp\/v2\/tags?post=161047"}],"curies":[{"name":"wp","href":"https:\/\/api.w.org\/{rel}","templated":true}]}}