{"id":161134,"date":"2025-01-21T01:30:50","date_gmt":"2025-01-21T01:30:50","guid":{"rendered":"https:\/\/puntoapunto.com.ar\/?p=369327"},"modified":"2025-01-21T01:30:50","modified_gmt":"2025-01-21T01:30:50","slug":"milei-vs-villarruel-como-impacta-el-conflicto-en-sus-imagenes-publicas","status":"publish","type":"post","link":"http:\/\/cordobadirecto.com\/index.php\/2025\/01\/21\/milei-vs-villarruel-como-impacta-el-conflicto-en-sus-imagenes-publicas\/","title":{"rendered":"Milei vs. Villarruel: c\u00f3mo impacta el conflicto en sus im\u00e1genes p\u00fablicas"},"content":{"rendered":"<p>&nbsp;<!-- \u00a1O bien no hay banners, estan desactivados o no estan programados para esta ubicaci\u00f3n! -->\n<\/p>\n<p>&nbsp;\n<\/p>\n<p>El<strong> enfrentamiento entre Javier Milei y Victoria Villarruel se ha convertido en uno de los temas m\u00e1s comentados desde finales de 2024.<\/strong> A medida que la tensi\u00f3n escala, la percepci\u00f3n de ambas figuras en la opini\u00f3n p\u00fablica refleja cambios significativos, seg\u00fan muestran las encuestas recientes.\n<\/p>\n<p><strong>La imagen de Milei: leve recuperaci\u00f3n en un panorama dividido<\/strong>\n<\/p>\n<p>De acuerdo con un informe de <a href=\"https:\/\/delfoscba.com.ar\/\">Consultora Delfos<\/a>,<strong> la imagen de<a href=\"https:\/\/puntoapunto.com.ar\/politica-a-punto-lilia-lemoine-vino-a-villa-allende-por-orden-de-los-hermanos-milei-para-destratar-a-la-vicepresidenta\/\"> Javier Milei<\/a> muestra se\u00f1ales de estabilizaci\u00f3n tras meses de tendencia negativa.<\/strong> En enero, el presidente alcanza un 48% de imagen positiva frente a un 45% de negativa, con un saldo a favor de 3 puntos porcentuales (pp). Sin embargo, este margen no es estad\u00edsticamente significativo debido al error muestral de +\/-2,1%, aunque podr\u00eda marcar el inicio de una recuperaci\u00f3n.<!-- \u00a1O bien no hay banners, estan desactivados o no estan programados para esta ubicaci\u00f3n! -->\n<\/p>\n<p>Por otro lado,<strong> la calificaci\u00f3n regular de Milei se ubica en 4%, lo que indica un nivel inicial de descontento<\/strong>. En tanto, la consultora Opina arroja resultados m\u00e1s favorables: 53% de positiva contra 46% de negativa, un saldo de 7 pp, estad\u00edsticamente relevante dado el error de +\/-1,85%.<\/p>\n<p><img decoding=\"async\" class=\"aligncenter size-full wp-image-369329\" src=\"http:\/\/cordobadirecto.com\/wp-content\/uploads\/2025\/01\/milei-vs-villarruel-como-impacta-el-conflicto-en-sus-imagenes-publicas.jpg\" alt width=\"540\" height=\"716\" srcset=\"http:\/\/cordobadirecto.com\/wp-content\/uploads\/2025\/01\/milei-vs-villarruel-como-impacta-el-conflicto-en-sus-imagenes-publicas.jpg 540w, http:\/\/cordobadirecto.com\/wp-content\/uploads\/2025\/01\/milei-vs-villarruel-como-impacta-el-conflicto-en-sus-imagenes-publicas-2.jpg 226w\" sizes=\"(max-width: 540px) 100vw, 540px\" loading=\"lazy\">\n<\/p>\n<p><strong>Villarruel: un retroceso en su imagen<\/strong>\n<\/p>\n<p>La disputa con Milei parece haber afectado m\u00e1s a la vicepresidenta. Seg\u00fan Delfos,<strong> la imagen positiva de Villarruel cay\u00f3 por debajo del 40% por primera vez,<\/strong> quedando 4 pp por detr\u00e1s de la negativa. Adem\u00e1s, el 17% de imagen regular marca un pico hist\u00f3rico en la serie, lo que sugiere un creciente malestar. Este deterioro es confirmado por Opina, que reporta una ca\u00edda de 5 pp en la imagen positiva (44%) y un aumento de 6 pp en la negativa (54%), resultando en un saldo desfavorable de 10 pp.\n<\/p>\n<p><strong>Perspectivas regionales: C\u00f3rdoba y Jes\u00fas Mar\u00eda<\/strong>\n<\/p>\n<p>La consultora Comparactiva relev\u00f3 datos en la provincia de C\u00f3rdoba, donde Milei y Villarruel obtuvieron un respaldo hist\u00f3rico en el ballotage de 2023. <strong>Milei conserva un 62% de imagen positiva frente a un 35% de negativa, un saldo de 27 pp, mientras que Villarruel muestra un saldo m\u00e1s ajustado de 7 pp<\/strong> (45% positiva vs 38% negativa), dentro del margen de error de +\/-4,18%.\n<\/p>\n<p>Por su parte, la consultora In Focus midi\u00f3 en Jes\u00fas Mar\u00eda, un basti\u00f3n simb\u00f3lico para Villarruel, quien utiliz\u00f3 el festival local como plataforma de proyecci\u00f3n pol\u00edtica. All\u00ed, Milei mantiene un 78% de imagen positiva frente a un 21,2% negativa, con un saldo favorable de 57 pp. Villarruel, en cambio, logra un 68% positiva frente a un 17,24% negativa, arrojando un saldo favorable de 52 pp.\n<\/p>\n<p><img decoding=\"async\" class=\"aligncenter size-full wp-image-369328\" src=\"http:\/\/cordobadirecto.com\/wp-content\/uploads\/2025\/01\/milei-vs-villarruel-como-impacta-el-conflicto-en-sus-imagenes-publicas-1.jpg\" alt width=\"1024\" height=\"575\" srcset=\"http:\/\/cordobadirecto.com\/wp-content\/uploads\/2025\/01\/milei-vs-villarruel-como-impacta-el-conflicto-en-sus-imagenes-publicas-1.jpg 1024w, http:\/\/cordobadirecto.com\/wp-content\/uploads\/2025\/01\/milei-vs-villarruel-como-impacta-el-conflicto-en-sus-imagenes-publicas-3.jpg 300w, http:\/\/cordobadirecto.com\/wp-content\/uploads\/2025\/01\/milei-vs-villarruel-como-impacta-el-conflicto-en-sus-imagenes-publicas-4.jpg 768w, http:\/\/cordobadirecto.com\/wp-content\/uploads\/2025\/01\/milei-vs-villarruel-como-impacta-el-conflicto-en-sus-imagenes-publicas-5.jpg 750w\" sizes=\"(max-width: 1024px) 100vw, 1024px\" loading=\"lazy\">\n<\/p>\n<p><strong>Conclusiones: \u00bfQui\u00e9n gana la disputa?<\/strong>\n<\/p>\n<p>Los datos coinciden en que <strong>Milei mantiene una ventaja sobre Villarruel en t\u00e9rminos de imagen p\u00fablica.<\/strong> Adem\u00e1s, los an\u00e1lisis evolutivos muestran que mientras Milei parece haber detenido su ca\u00edda y comienza a recuperarse, Villarruel experimenta un deterioro sostenido. Esto sugiere que, al menos por ahora, la vicepresidenta es la m\u00e1s afectada en esta pugna de poder, seg\u00fan la percepci\u00f3n ciudadana.\n<\/p>\n<p><strong><em>Por Norman Berra para Consultora Delfos.<\/em><\/strong>\n<\/p>\n<div class=\"g g-38\">\n<div class=\"g-dyn a-12 c-1\"><a class=\"gofollow\" data-track=\"MTIsMzgsMSw2MA==\" href=\"https:\/\/hospitalprivado.com.ar\/blog\/institucional\/somos-la-primera-institucion-del-interior-del-pais-en-acreditar-joint-commission-international.html\" target=\"_blank\" rel=\"noopener\"><img src=\"http:\/\/cordobadirecto.com\/wp-content\/uploads\/2025\/01\/milei-vs-villarruel-como-impacta-el-conflicto-en-sus-imagenes-publicas.gif\" loading=\"lazy\"><\/a><\/div>\n<\/div>\n","protected":false},"excerpt":{"rendered":"<p>&nbsp; &nbsp; El enfrentamiento entre Javier Milei y Victoria Villarruel se ha convertido en uno de los temas m\u00e1s comentados desde finales de 2024. A medida que la tensi\u00f3n escala, la percepci\u00f3n de ambas figuras en la opini\u00f3n p\u00fablica refleja cambios significativos, seg\u00fan muestran las encuestas recientes. La imagen de Milei: leve recuperaci\u00f3n en un [&hellip;]<\/p>\n","protected":false},"author":1,"featured_media":161135,"comment_status":"closed","ping_status":"closed","sticky":false,"template":"","format":"standard","meta":[],"categories":[23,25],"tags":[],"_links":{"self":[{"href":"http:\/\/cordobadirecto.com\/index.php\/wp-json\/wp\/v2\/posts\/161134"}],"collection":[{"href":"http:\/\/cordobadirecto.com\/index.php\/wp-json\/wp\/v2\/posts"}],"about":[{"href":"http:\/\/cordobadirecto.com\/index.php\/wp-json\/wp\/v2\/types\/post"}],"author":[{"embeddable":true,"href":"http:\/\/cordobadirecto.com\/index.php\/wp-json\/wp\/v2\/users\/1"}],"replies":[{"embeddable":true,"href":"http:\/\/cordobadirecto.com\/index.php\/wp-json\/wp\/v2\/comments?post=161134"}],"version-history":[{"count":0,"href":"http:\/\/cordobadirecto.com\/index.php\/wp-json\/wp\/v2\/posts\/161134\/revisions"}],"wp:featuredmedia":[{"embeddable":true,"href":"http:\/\/cordobadirecto.com\/index.php\/wp-json\/wp\/v2\/media\/161135"}],"wp:attachment":[{"href":"http:\/\/cordobadirecto.com\/index.php\/wp-json\/wp\/v2\/media?parent=161134"}],"wp:term":[{"taxonomy":"category","embeddable":true,"href":"http:\/\/cordobadirecto.com\/index.php\/wp-json\/wp\/v2\/categories?post=161134"},{"taxonomy":"post_tag","embeddable":true,"href":"http:\/\/cordobadirecto.com\/index.php\/wp-json\/wp\/v2\/tags?post=161134"}],"curies":[{"name":"wp","href":"https:\/\/api.w.org\/{rel}","templated":true}]}}