{"id":16115,"date":"2021-08-30T10:05:42","date_gmt":"2021-08-30T10:05:42","guid":{"rendered":"https:\/\/puntoapunto.com.ar\/?p=315465"},"modified":"2021-08-30T10:05:42","modified_gmt":"2021-08-30T10:05:42","slug":"signature-motors","status":"publish","type":"post","link":"http:\/\/cordobadirecto.com\/index.php\/2021\/08\/30\/signature-motors\/","title":{"rendered":"SIGNATURE MOTORS"},"content":{"rendered":"<p><b>\u00bfC\u00d3MO SE ENCUENTRA LA EMPRESA HOY?&nbsp;<\/b><\/p>\n<p><b>\u201cTrabajando a pleno y con entusiasmo, dentro de las posibilidades de la nueva modalidad hacia la que gir\u00f3 el negocio automotor. Nuestro equipo tanto en ventas, posventa y administraci\u00f3n se encuentran altamente motivados a pesar de la pandemia y de las limitaciones de producto\u201d.&nbsp;<\/b><\/p>\n<table>\n<tbody readability=\"2.5\">\n<tr readability=\"5\">\n<td><b>\u201cEstamos haciendo foco en mejorar de manera continua las \u00e1reas de ventas y servicios de posventa\u201d<\/b><\/td>\n<td><img loading=\"lazy\" class=\"alignnone size-medium wp-image-315466\" src=\"http:\/\/cordobadirecto.com\/wp-content\/uploads\/2021\/08\/signature-motors.jpg\" alt width=\"300\" height=\"155\" srcset=\"http:\/\/cordobadirecto.com\/wp-content\/uploads\/2021\/08\/signature-motors.jpg 300w, http:\/\/cordobadirecto.com\/wp-content\/uploads\/2021\/08\/signature-motors-2.jpg 1024w, http:\/\/cordobadirecto.com\/wp-content\/uploads\/2021\/08\/signature-motors-3.jpg 768w, http:\/\/cordobadirecto.com\/wp-content\/uploads\/2021\/08\/signature-motors-4.jpg 1536w, http:\/\/cordobadirecto.com\/wp-content\/uploads\/2021\/08\/signature-motors-5.jpg 150w, http:\/\/cordobadirecto.com\/wp-content\/uploads\/2021\/08\/signature-motors-6.jpg 696w, http:\/\/cordobadirecto.com\/wp-content\/uploads\/2021\/08\/signature-motors-7.jpg 1068w, http:\/\/cordobadirecto.com\/wp-content\/uploads\/2021\/08\/signature-motors-8.jpg 812w, http:\/\/cordobadirecto.com\/wp-content\/uploads\/2021\/08\/signature-motors-9.jpg 2029w\" sizes=\"(max-width: 300px) 100vw, 300px\"><br \/><sup>Edgardo Fern\u00e1ndez Favaron \u2013 Director Comercial&nbsp;<\/sup><\/td>\n<\/tr>\n<\/tbody>\n<\/table>\n<p><b>-A partir de la realidad que vivimos, \u00bfC\u00f3mo vislumbra que podr\u00e1 finalizar el 2021 para el sector automotriz?&nbsp;<\/b><b><\/b><\/p>\n<ul>\n<li aria-level=\"1\"><b>Para nuestro sector en general lo veo afectado por la ca\u00edda de demanda real y la falta de unidades disponibles en los stocks de concesionarios.&nbsp;<\/b><\/li>\n<\/ul>\n<p><b>\u2013 \u00bfEn qu\u00e9 ejes de trabajo est\u00e1n haciendo foco para atravesar esta coyuntura que lleva casi 18 meses?<\/b><\/p>\n<ul>\n<li aria-level=\"1\"><b>En este tiempo, trabajamos en los procesos de todas las \u00e1reas de la empresa: ventas, administraci\u00f3n, CRM, log\u00edstica y especialmente en los servicios de posventa,<\/b><span> en la b\u00fasqueda constante de optimizar costos operativos, procesos generales de calidad y la relaci\u00f3n con nuestros clientes.&nbsp;<\/span><\/li>\n<\/ul>\n<p><b>\u2013 \u00bfCu\u00e1les son las mayores preocupaciones en este momento?<\/b><\/p>\n<ul>\n<li aria-level=\"1\"><b>Podr\u00edamos decir, que son la alta carga impositiva del sector, la falta de productos disponibles<\/b><span> y la situaci\u00f3n econ\u00f3mica general, que afecta directamente a nuestro negocio.&nbsp;<\/span><\/li>\n<\/ul>\n<p><b>\u2013 \u00bfBajo este contexto se puede hablar de planes y proyectos\/inversiones a mediano plazo, nuevos lanzamientos?<\/b><\/p>\n<ul>\n<li aria-level=\"1\"><span>Nos encontramos trabajando en procesos de mejora continua en las \u00e1reas de ventas y servicio de posventa (Capacitaci\u00f3n, CRM, Herramental. Scaners y tecnolog\u00eda) de las 4 marcas representadas.<\/span><\/li>\n<\/ul>\n<p><b>Asimismo, en los pr\u00f3ximos d\u00edas tendremos nuevos lanzamientos en las marcas Baic (Nuevo X55 Turbo Honor y Nuevo X35 Luxury AT) y la presentaci\u00f3n y lanzamiento en C\u00f3rdoba de la marca Zanella Truck con un nuevo cami\u00f3n liviano Z Truck en versiones Cabina Simple y Doble, de origen Foton, ya fabricado en la argentina por Zanella bajo el sistema CKD.<\/b><span> Tambi\u00e9n, hacia fin de a\u00f1o la marca Foton Trucks presentar\u00e1 la nueva l\u00ednea TM2 (2 toneladas) y los camiones Foton Auman EST (17 toneladas) que se sumar\u00e1n a las l\u00edneas ya existentes Aumark y TM1, siendo 14 modelos en total para este a\u00f1o.<\/span><\/p>\n<p><b>LA CLAVE DEL A\u00d1O&nbsp;<\/b><\/p>\n<p><b>\u201cSeguir trabajando en el desarrollo de las marcas representadas:<\/b><\/p>\n<p><b>&nbsp;Mitsubishi Motors, Baic Motors, Foton Trucks y Zanella Trucks,<\/b><\/p>\n<p><b>aprovechando la ya reconocida calidad de los productos que, en conjunto con nuestra atenci\u00f3n personalizada o virtual, afianza los lazos&nbsp;<\/b><\/p>\n<p><b>y nos acerca a todos nuestros clientes, logrando as\u00ed una experiencia satisfactoria al momento de elegirnos\u201d.&nbsp;<\/b><\/p>\n<p><b>DIRECTIVOS<\/b><\/p>\n<p><span>Edgardo Fern\u00e1ndez Favaron \u2013 CEO y Director Comercial<\/span><\/p>\n<p><strong>CONTACTO:<br \/><\/strong><span>Av. Colon 4875<br \/><\/span><span>(0351)589-3322<br \/><\/span><span>C\u00f3rdoba<br \/><\/span><span>info<\/span><span>@<\/span><span>mitsucenter<br \/><\/span><a href=\"http:\/\/www.mitsucenter.com.ar\"><span>www.mitsucenter.com.ar<\/span><\/a><span>&nbsp; \/ <\/span><span>&nbsp;<\/span><a href=\"http:\/\/www.baicenter.com.ar\"><span>www.baicenter.com.ar<\/span><\/a> <a href=\"http:\/\/www.fotontruckscba.com.ar\"><span>www.fotontruckscba.com.ar<\/span><\/a><span><br \/><\/span><span>Facebook: signaturemotors \/ MitsuCenter \/ baic.center \/ otontruckscba<br \/><\/span><span>Instagram: @mitsucenter \/ @baiccenter.cba \/ @fotontrucks.cordoba<br \/><\/span><span>YouTube: Signature Motors<\/span><\/p>\n<div class=\"saboxplugin-wrap\" itemtype=\"http:\/\/schema.org\/Person\" itemscope itemprop=\"author\">\n<div class=\"saboxplugin-tab\">\n<div class=\"saboxplugin-gravatar\"><img alt src=\"http:\/\/cordobadirecto.com\/wp-content\/uploads\/2021\/08\/signature-motors-1.jpg\" srcset=\"http:\/\/cordobadirecto.com\/wp-content\/uploads\/2021\/08\/signature-motors-10.jpg 2x\" class=\"avatar avatar-100 photo\" height=\"100\" width=\"100\" itemprop=\"image\" loading=\"lazy\"><\/div>\n<\/div>\n<\/div>\n<p>No tags for this post. <\/p>\n","protected":false},"excerpt":{"rendered":"<p>\u00bfC\u00d3MO SE ENCUENTRA LA EMPRESA HOY?&nbsp; \u201cTrabajando a pleno y con entusiasmo, dentro de las posibilidades de la nueva modalidad hacia la que gir\u00f3 el negocio automotor. Nuestro equipo tanto en ventas, posventa y administraci\u00f3n se encuentran altamente motivados a pesar de la pandemia y de las limitaciones de producto\u201d.&nbsp; \u201cEstamos haciendo foco en mejorar [&hellip;]<\/p>\n","protected":false},"author":1,"featured_media":16116,"comment_status":"closed","ping_status":"closed","sticky":false,"template":"","format":"standard","meta":[],"categories":[25],"tags":[],"_links":{"self":[{"href":"http:\/\/cordobadirecto.com\/index.php\/wp-json\/wp\/v2\/posts\/16115"}],"collection":[{"href":"http:\/\/cordobadirecto.com\/index.php\/wp-json\/wp\/v2\/posts"}],"about":[{"href":"http:\/\/cordobadirecto.com\/index.php\/wp-json\/wp\/v2\/types\/post"}],"author":[{"embeddable":true,"href":"http:\/\/cordobadirecto.com\/index.php\/wp-json\/wp\/v2\/users\/1"}],"replies":[{"embeddable":true,"href":"http:\/\/cordobadirecto.com\/index.php\/wp-json\/wp\/v2\/comments?post=16115"}],"version-history":[{"count":0,"href":"http:\/\/cordobadirecto.com\/index.php\/wp-json\/wp\/v2\/posts\/16115\/revisions"}],"wp:featuredmedia":[{"embeddable":true,"href":"http:\/\/cordobadirecto.com\/index.php\/wp-json\/wp\/v2\/media\/16116"}],"wp:attachment":[{"href":"http:\/\/cordobadirecto.com\/index.php\/wp-json\/wp\/v2\/media?parent=16115"}],"wp:term":[{"taxonomy":"category","embeddable":true,"href":"http:\/\/cordobadirecto.com\/index.php\/wp-json\/wp\/v2\/categories?post=16115"},{"taxonomy":"post_tag","embeddable":true,"href":"http:\/\/cordobadirecto.com\/index.php\/wp-json\/wp\/v2\/tags?post=16115"}],"curies":[{"name":"wp","href":"https:\/\/api.w.org\/{rel}","templated":true}]}}