{"id":161154,"date":"2025-01-20T21:36:30","date_gmt":"2025-01-20T21:36:30","guid":{"rendered":"https:\/\/www.ole.com.ar\/autos\/nicolas-varrone-formula-2-f2-hypercar-24-horas-daytona_0_1E816AJh4c.html"},"modified":"2025-01-20T21:36:30","modified_gmt":"2025-01-20T21:36:30","slug":"nicolas-varrone-le-volvio-a-abrir-la-puerta-a-la-formula-2","status":"publish","type":"post","link":"http:\/\/cordobadirecto.com\/index.php\/2025\/01\/20\/nicolas-varrone-le-volvio-a-abrir-la-puerta-a-la-formula-2\/","title":{"rendered":"Nicol\u00e1s Varrone le volvi\u00f3 a abrir la puerta a la F\u00f3rmula 2"},"content":{"rendered":"<p><time class=\"createDate\" datetime=\"2025-01-20T18:36:30-03:00\">20\/01\/2025 18:36hs.<\/time><\/p>\n<div id=\"storyBody\">\n<div class=\"custom-text \" readability=\"37.503597122302\">\n<p>Tras los testeos de la <strong>F\u00f3rmula 2<\/strong> en Abu Dabi y Barcelona, <strong><a href=\"https:\/\/www.ole.com.ar\/tema\/nicolas-varrone.html\" title=\"Nicol\u00e1s Varrone\" alt=\"Nicol\u00e1s Varrone\" class=\"slug\">Nicol\u00e1s Varrone<\/a><\/strong> termin\u00f3 decant\u00e1ndose por participar en la categor\u00eda Hypercar del WEC, la segunda m\u00e1s importante que abarca la Federaci\u00f3n Internacional del Autom\u00f3vil. No obstante, el piloto argentino <strong>no descart\u00f3 la posibilidad de ser parte de la grilla del segundo escalaf\u00f3n de los campeonatos de monoplazas de la FIA<\/strong>, la cual a\u00fan no est\u00e1 completa.<\/p>\n<\/div>\n<div class=\"custom-text \" readability=\"38\">\n<p>&#8220;Voy a seguir corriendo con Corvette Racing en las mismas categor\u00edas del a\u00f1o pasado, a eso se sum\u00f3 el proyecto de correr en la Hypercar del WEC con Porsche. <strong>Tambi\u00e9n le dejo la puerta abierta a la F2. Hay butacas disponibles todav\u00eda y estamos trabajando en eso<\/strong>. Ahora vamos a estar concentrados en las competencias del WEC, que suma puntos para la Superlicencia. <strong>El objetivo es la F1<\/strong>&#8220;, dijo el oriundo de Ingeniero Maschwitz a trav\u00e9s de una entrevista en ESPN 2.<\/p>\n<\/div>\n<div class=\"custom-text \" readability=\"42\">\n<p><strong>ART<\/strong>, <strong>Rodin <\/strong>y <strong>Van<\/strong> <strong>Amersfoort <\/strong>son las escuder\u00edas que todav\u00eda cuentan con un lugar disponible. Ante esta situaci\u00f3n, Varrone fue consultado sobre sus posibilidades de llegar a la F2, y coment\u00f3: &#8220;Mi equipo de trabajo se est\u00e1 encargando de la cuesti\u00f3n de los sponsors y las conversaciones. <strong>S\u00e9 que est\u00e1n hablando, no s\u00e9 si con dos o con las tres escuder\u00edas disponibles, pero est\u00e1n en eso<\/strong>. Hay muy buena relaci\u00f3n con AIX, los testeos fueron muy bien, pero no pudimos llegar a un acuerdo&#8221;.<\/p>\n<\/div>\n<div class=\"sc-e7b891c4-0 ifHnQL image-embed\"><img alt=\"Nicol\u00e1s Varrone, previo a subirse por primera vez a un F2 en Barcelona. (Foto: @Corazondef1)\" loading=\"lazy\" width=\"720\" height=\"100\" decoding=\"async\" data-nimg=\"1\" src=\"http:\/\/cordobadirecto.com\/wp-content\/uploads\/2025\/01\/nicolas-varrone-le-volvio-a-abrir-la-puerta-a-la-formula-2.jpg\"><span class=\"epigraphe\">Nicol\u00e1s Varrone, previo a subirse por primera vez a un F2 en Barcelona. (Foto: @Corazondef1)<\/span><\/div>\n<div class=\"custom-text \" readability=\"39\">\n<p>&#8220;Se dio todo muy r\u00e1pido y <strong>muchas de las butacas ya estaban ocupadas<\/strong>. Pero los tiempos en las pruebas sorprendieron,<strong> incluso me sorprend\u00ed a m\u00ed mismo<\/strong>. Eso abri\u00f3 un poco la esperanza. Estoy agradecido con los argentinos que hicieron fuerza para que llegue hasta ac\u00e1. Seguimos luchando para lograrlo&#8221;, sentenci\u00f3 en su respuesta, con respecto al revuelo que tom\u00f3 una de sus publicaciones en X, lo que deriv\u00f3 en el hashtag &#8220;<strong>Nico Varrone a F2<\/strong>&#8220;.<\/p>\n<\/div>\n<div class=\"custom-text \" readability=\"43\">\n<p>En cuanto a qu\u00e9 har\u00eda con el calendario, en caso de correr en el IMSA, el WEC y la F2, Varrone dijo: &#8220;<strong>S\u00ed, har\u00eda las tres<\/strong>. De por s\u00ed el calendario es agitado, ya con la F\u00f3rmula 2 ser\u00eda una locura. Pero son esas oportunidades de la vida que, cuando se dan, ten\u00e9s que tomarlas. Vamos a vivir arriba de un avi\u00f3n. Lo voy a hacer por el sue\u00f1o y por esta posibilidad que se gener\u00f3 gracias a la gente en las redes sociales, los argentinos somos muy especiales en ese sentido. <strong>Voy a dar lo mejor de m\u00ed para tener la chance y devolver todo ese cari\u00f1o con la buena noticia de estar en la F\u00f3rmula 1<\/strong>&#8220;.<\/p>\n<\/div>\n<div class=\"custom-text \" readability=\"37\">\n<p>Sobre el desembarco de General Motors en la F1 y las posibilidades de formar parte de esa aventura: &#8220;Es un gran paso para la marca. Hay much\u00edsimo desarrollo detr\u00e1s. En cuanto a m\u00ed, principalmente<strong> tengo que foguearme en la F2<\/strong>, es la realidad. Este a\u00f1o tengo que participar y hacer un buen papel para tener chances. Primero habr\u00eda que hacer un a\u00f1o de F\u00f3rmula para mejorar mi potencial&#8221;.<\/p>\n<\/div>\n<div class=\"sc-e7b891c4-0 ifHnQL image-embed\"><img alt=\"General Motors arribar\u00e1 a la M\u00e1xima en 2026 bajo la firma Cadillac.\" loading=\"lazy\" width=\"720\" height=\"100\" decoding=\"async\" data-nimg=\"1\" src=\"http:\/\/cordobadirecto.com\/wp-content\/uploads\/2025\/01\/nicolas-varrone-le-volvio-a-abrir-la-puerta-a-la-formula-2-1.jpg\"><span class=\"epigraphe\">General Motors arribar\u00e1 a la M\u00e1xima en 2026 bajo la firma Cadillac.<\/span><\/div>\n<div class=\"custom-text \" readability=\"36\">\n<p>&#8220;Sin dudas, mis tiempos en las pruebas de Abu Dabi fueron muy buenos. Pero ellos <strong>quieren que est\u00e9 una temporada para ver qu\u00e9 es lo que puedo hacer arriba del monoplaza<\/strong>. Lo vamos a intentar, voy a demostrar todo lo que puedo dar y as\u00ed conseguir el asiento para 2026&#8243;.<\/p>\n<\/div>\n<p><h2><strong>Qu\u00e9 dijo Varrone sobre su llegada al Hypercar<\/strong><\/h2>\n<\/p>\n<div class=\"custom-text \" readability=\"42\">\n<p>&#8220;La verdad es que en el mundo del Endurance tengo una carrera ya hecha, con buenos resultados. En Proton tengo una buena relaci\u00f3n con el due\u00f1o y la gente del equipo, siempre estuvimos charlando con ellos para buscar un hueco y nunca se daba. El test de F2 ayud\u00f3 mucho para entrar en Hypercar, <strong>creo que la gente que vio la performance se termin\u00f3 de decidir, y surgi\u00f3 la oportunidad<\/strong>. Es muy importante estar ac\u00e1, en la segunda categor\u00eda m\u00e1s importante de la FIA, es un honor formar parte de la clase mayor&#8221;, expres\u00f3 el bonaerense tras su arribo a Proton Competition.<\/p>\n<\/div>\n<div class=\"sc-e7b891c4-0 ifHnQL image-embed\"><img alt=\"El piloto y su trofeo obtenido tras vencer las 24 Horas de Le Mans. (Foto: FTP)\" loading=\"lazy\" width=\"720\" height=\"100\" decoding=\"async\" data-nimg=\"1\" src=\"http:\/\/cordobadirecto.com\/wp-content\/uploads\/2025\/01\/nicolas-varrone-le-volvio-a-abrir-la-puerta-a-la-formula-2-2.jpg\"><span class=\"epigraphe\">El piloto y su trofeo obtenido tras vencer las 24 Horas de Le Mans. (Foto: FTP)<\/span><\/div>\n<div class=\"custom-text \" readability=\"39\">\n<p>Varrone termin\u00f3 la entrevista haciendo alusi\u00f3n al gran progreso que hubo con respecto al 2024. Lograron corregir el problema principal del auto, que era el ingreso a las curvas. El piloto del Porsche 969 dijo estar confiado con veh\u00edculo, lo ve firme y veloz, pero deber\u00e1 esperar a la clasificaci\u00f3n del jueves para ver d\u00f3nde est\u00e1n parados. &#8220;Siento que tenemos una buena base para estar en la lucha. <strong>El potencial est\u00e1<\/strong>&#8220;, sentenci\u00f3.<\/p>\n<\/div>\n<div class=\"sc-a7166897-0 eoLsBE\" readability=\"6.5\">\n<section readability=\"3\"><picture><img alt=\"Colapinto le pisa los talones a Doohan: otra figura de la F\u00f3rmula 1 cuestion\u00f3 al australiano\" loading=\"lazy\" width=\"290\" height=\"290\" decoding=\"async\" data-nimg=\"1\" src=\"http:\/\/cordobadirecto.com\/wp-content\/uploads\/2025\/01\/nicolas-varrone-le-volvio-a-abrir-la-puerta-a-la-formula-2-3.jpg\"><\/picture>\n<p><span>Mir\u00e1 tambi\u00e9n<\/span><\/p>\n<hr>\n<h3>Colapinto le pisa los talones a Doohan: otra figura de la F\u00f3rmula 1 cuestion\u00f3 al australiano<\/h3>\n<\/p>\n<\/section>\n<\/div>\n<div class=\"sc-a7166897-0 eoLsBE\" readability=\"6\">\n<section readability=\"2\"><picture><img alt=\"El divertido gui\u00f1o de Franco Colapinto a Hamilton en su presentaci\u00f3n en Ferrari\" loading=\"lazy\" width=\"290\" height=\"290\" decoding=\"async\" data-nimg=\"1\" src=\"http:\/\/cordobadirecto.com\/wp-content\/uploads\/2025\/01\/nicolas-varrone-le-volvio-a-abrir-la-puerta-a-la-formula-2-4.jpg\"><\/picture>\n<p><span>Mir\u00e1 tambi\u00e9n<\/span><\/p>\n<hr>\n<h3>El divertido gui\u00f1o de Franco Colapinto a Hamilton en su presentaci\u00f3n en Ferrari<\/h3>\n<\/p>\n<\/section>\n<\/div>\n<div class=\"sc-a7166897-0 eoLsBE\" readability=\"6.5\">\n<section readability=\"3\"><picture><img alt=\"Lewis Hamilton y la primera foto oficial con Ferrari: &quot;Siempre so\u00f1\u00e9 con correr de rojo&quot;\" loading=\"lazy\" width=\"290\" height=\"290\" decoding=\"async\" data-nimg=\"1\" src=\"http:\/\/cordobadirecto.com\/wp-content\/uploads\/2025\/01\/nicolas-varrone-le-volvio-a-abrir-la-puerta-a-la-formula-2-5.jpg\"><\/picture>\n<p><span>Mir\u00e1 tambi\u00e9n<\/span><\/p>\n<hr>\n<h3>Lewis Hamilton y la primera foto oficial con Ferrari: &#8220;Siempre so\u00f1\u00e9 con correr de rojo&#8221;<\/h3>\n<\/p>\n<\/section>\n<\/div>\n<\/div>\n","protected":false},"excerpt":{"rendered":"<p>20\/01\/2025 18:36hs. Tras los testeos de la F\u00f3rmula 2 en Abu Dabi y Barcelona, Nicol\u00e1s Varrone termin\u00f3 decant\u00e1ndose por participar en la categor\u00eda Hypercar del WEC, la segunda m\u00e1s importante que abarca la Federaci\u00f3n Internacional del Autom\u00f3vil. No obstante, el piloto argentino no descart\u00f3 la posibilidad de ser parte de la grilla del segundo escalaf\u00f3n [&hellip;]<\/p>\n","protected":false},"author":1,"featured_media":161155,"comment_status":"closed","ping_status":"closed","sticky":false,"template":"","format":"standard","meta":[],"categories":[21],"tags":[],"_links":{"self":[{"href":"http:\/\/cordobadirecto.com\/index.php\/wp-json\/wp\/v2\/posts\/161154"}],"collection":[{"href":"http:\/\/cordobadirecto.com\/index.php\/wp-json\/wp\/v2\/posts"}],"about":[{"href":"http:\/\/cordobadirecto.com\/index.php\/wp-json\/wp\/v2\/types\/post"}],"author":[{"embeddable":true,"href":"http:\/\/cordobadirecto.com\/index.php\/wp-json\/wp\/v2\/users\/1"}],"replies":[{"embeddable":true,"href":"http:\/\/cordobadirecto.com\/index.php\/wp-json\/wp\/v2\/comments?post=161154"}],"version-history":[{"count":0,"href":"http:\/\/cordobadirecto.com\/index.php\/wp-json\/wp\/v2\/posts\/161154\/revisions"}],"wp:featuredmedia":[{"embeddable":true,"href":"http:\/\/cordobadirecto.com\/index.php\/wp-json\/wp\/v2\/media\/161155"}],"wp:attachment":[{"href":"http:\/\/cordobadirecto.com\/index.php\/wp-json\/wp\/v2\/media?parent=161154"}],"wp:term":[{"taxonomy":"category","embeddable":true,"href":"http:\/\/cordobadirecto.com\/index.php\/wp-json\/wp\/v2\/categories?post=161154"},{"taxonomy":"post_tag","embeddable":true,"href":"http:\/\/cordobadirecto.com\/index.php\/wp-json\/wp\/v2\/tags?post=161154"}],"curies":[{"name":"wp","href":"https:\/\/api.w.org\/{rel}","templated":true}]}}