{"id":16119,"date":"2021-08-27T15:42:14","date_gmt":"2021-08-27T15:42:14","guid":{"rendered":"https:\/\/cordoba.gob.ar\/?p=12718"},"modified":"2021-08-27T15:42:14","modified_gmt":"2021-08-27T15:42:14","slug":"la-municipalidad-convoca-a-una-jornada-de-limpieza-del-rio-suquia-en-la-reserva-san-martin","status":"publish","type":"post","link":"http:\/\/cordobadirecto.com\/index.php\/2021\/08\/27\/la-municipalidad-convoca-a-una-jornada-de-limpieza-del-rio-suquia-en-la-reserva-san-martin\/","title":{"rendered":"La Municipalidad convoca a una jornada de limpieza del r\u00edo Suqu\u00eda en la Reserva San Mart\u00edn"},"content":{"rendered":"<div><img src=\"http:\/\/cordobadirecto.com\/wp-content\/uploads\/2021\/08\/la-municipalidad-convoca-a-una-jornada-de-limpieza-del-rio-suquia-en-la-reserva-san-martin.jpg\" class=\"ff-og-image-inserted\"><\/div>\n<ul>\n<li><strong>La actividad se realizar\u00e1 ma\u00f1ana s\u00e1bado 28 de agosto de 10:00 a 12:30 horas, para celebrar el D\u00eda del \u00c1rbol.<\/strong><\/li>\n<li><strong>Se recomienda asistir con ropa y calzado c\u00f3modo, guantes y botella de agua.<\/strong><\/li>\n<\/ul>\n<hr>\n<p>Con el objetivo de concientizar sobre la necesidad de proteger y cuidar los espacios arbolados de la ciudad, ma\u00f1ana s\u00e1bado 28 de agosto, de 10:00 a 12:30 hs, la Secretar\u00eda de Gesti\u00f3n Ambiental y sostenibilidad y el Ente Bioc\u00f3rdoba llevar\u00e1n a cabo una jornada de limpieza de la ribera del r\u00edo Suqu\u00eda, en el predio de la Reserva General San Mart\u00edn.<\/p>\n<p>La acci\u00f3n se propone dentro del marco del D\u00eda del \u00c1rbol, que en Argentina se celebra el 29 de agosto.<\/p>\n<p>Junto a los vecinos se remover\u00e1 la basura adherida a los troncos y a las copas de los \u00e1rboles.<\/p>\n<p>El lugar de encuentro ser\u00e1 frente al Camping de la Reserva y ser\u00e1 necesario llevar ropa y calzado c\u00f3modo y adecuado, sombrero en caso de haber sol, guantes y botella de agua.<\/p>\n<p>\u201c<em>Para devolverle al r\u00edo y a los \u00e1rboles algo del gran aporte que hacen a nuestra reserva, nos hemos propuesto generar una serie de jornadas de limpieza, siendo \u00e9sta la primera del a\u00f1o. Es una actividad importante, ya que la basura impacta tanto a la calidad del agua como en la cadena alimenticia de las diversas especies de aves, peces, tortugas y otros animales que habitan la Reserva<\/em>\u201d, sostuvo Luis Caballero, guardaparque de la Reserva.<\/p>\n<p>La actividad es impulsada por el Ente Municipal BioC\u00f3rdoba, junto con la Secretar\u00eda de Gesti\u00f3n Ambiental y Sostenibilidad, la Universidad Libre de Ambienta (ULA) y la Direcci\u00f3n de Juventud.<\/p>\n","protected":false},"excerpt":{"rendered":"<p>La actividad se realizar\u00e1 ma\u00f1ana s\u00e1bado 28 de agosto de 10:00 a 12:30 horas, para celebrar el D\u00eda del \u00c1rbol. Se recomienda asistir con ropa y calzado c\u00f3modo, guantes y botella de agua. Con el objetivo de concientizar sobre la necesidad de proteger y cuidar los espacios arbolados de la ciudad, ma\u00f1ana s\u00e1bado 28 de [&hellip;]<\/p>\n","protected":false},"author":1,"featured_media":16120,"comment_status":"closed","ping_status":"closed","sticky":false,"template":"","format":"standard","meta":[],"categories":[44],"tags":[],"_links":{"self":[{"href":"http:\/\/cordobadirecto.com\/index.php\/wp-json\/wp\/v2\/posts\/16119"}],"collection":[{"href":"http:\/\/cordobadirecto.com\/index.php\/wp-json\/wp\/v2\/posts"}],"about":[{"href":"http:\/\/cordobadirecto.com\/index.php\/wp-json\/wp\/v2\/types\/post"}],"author":[{"embeddable":true,"href":"http:\/\/cordobadirecto.com\/index.php\/wp-json\/wp\/v2\/users\/1"}],"replies":[{"embeddable":true,"href":"http:\/\/cordobadirecto.com\/index.php\/wp-json\/wp\/v2\/comments?post=16119"}],"version-history":[{"count":0,"href":"http:\/\/cordobadirecto.com\/index.php\/wp-json\/wp\/v2\/posts\/16119\/revisions"}],"wp:featuredmedia":[{"embeddable":true,"href":"http:\/\/cordobadirecto.com\/index.php\/wp-json\/wp\/v2\/media\/16120"}],"wp:attachment":[{"href":"http:\/\/cordobadirecto.com\/index.php\/wp-json\/wp\/v2\/media?parent=16119"}],"wp:term":[{"taxonomy":"category","embeddable":true,"href":"http:\/\/cordobadirecto.com\/index.php\/wp-json\/wp\/v2\/categories?post=16119"},{"taxonomy":"post_tag","embeddable":true,"href":"http:\/\/cordobadirecto.com\/index.php\/wp-json\/wp\/v2\/tags?post=16119"}],"curies":[{"name":"wp","href":"https:\/\/api.w.org\/{rel}","templated":true}]}}