{"id":161194,"date":"2025-01-22T06:05:39","date_gmt":"2025-01-22T06:05:39","guid":{"rendered":"https:\/\/www.ole.com.ar\/futbol-ascenso\/ascenso-primera-nacional-all-boys_0_Wg2eQOkmRT.html"},"modified":"2025-01-22T06:05:39","modified_gmt":"2025-01-22T06:05:39","slug":"las-dos-figuras-que-se-van-de-all-boys","status":"publish","type":"post","link":"http:\/\/cordobadirecto.com\/index.php\/2025\/01\/22\/las-dos-figuras-que-se-van-de-all-boys\/","title":{"rendered":"Las dos figuras que se van de All Boys"},"content":{"rendered":"<p><time class=\"createDate\" datetime=\"2025-01-21T18:06:49-03:00\">21\/01\/2025 18:06hs.<\/time><\/p>\n<div id=\"storyBody\">\n<div class=\"custom-text \" readability=\"35.638461538462\">\n<p>En Floresta hay sed de revancha por lo ocurrido en la temporada pasada, donde <a href=\"https:\/\/www.ole.com.ar\/tema\/all-boys.html\" title=\"All Boys\" alt=\"All Boys\" class=\"slug\">All Boys<\/a> tuvo un gran sprint final, se meti\u00f3 aReducido y dio pelea hasta los cuartos de final, instancia en la que cay\u00f3 de forma pol\u00e9mica ante <a href=\"https:\/\/www.ole.com.ar\/tema\/san-martin-de-san-juan.html\" title=\"San Mart\u00edn de San Juan\" alt=\"San Mart\u00edn de San Juan\" class=\"slug\">San Mart\u00edn de San Juan<\/a> (perdi\u00f3 3-2 en el global). Por eso, <strong>los dirigidos por <a href=\"https:\/\/www.ole.com.ar\/tema\/mariano-campodonico.html\" title=\"Mariano Campod\u00f3nico\" alt=\"Mariano Campod\u00f3nico\" class=\"slug\">Mariano Campod\u00f3nico<\/a>, que renov\u00f3 contrato, ya dieron vuelta la p\u00e1gina y van por todo. <\/strong><\/p>\n<\/div>\n<div class=\"custom-text \" readability=\"35\">\n<p>Con el objetivo de regresar a la \u00e9lite del f\u00fatbol argentino como lo principal en el horizonte, el mercado de pases del Albo fue movido: <strong>se fueron varios nombres fuertes de buena campa\u00f1a en el 2024 y llegaron jugadores de no tanto renombre pero que acumulan buenas temporadas en el lomo<\/strong>. <\/p>\n<\/div>\n<div class=\"custom-text \" readability=\"33.007117437722\">\n<p>Y justamente en este contexto de llegadas y salidas es que hay novedades en cuanto al primer rubro. S\u00ed, porque se confirm\u00f3 que hay dos players importantes que no seguir\u00e1n en el Albo durante el torneo que se avecina en la <a href=\"https:\/\/www.ole.com.ar\/tema\/primera-nacional.html\" title=\"Primera Nacional\" alt=\"Primera Nacional\" class=\"slug\">Primera Nacional <\/a>2025: <strong>Lisandro Mitre y Marco Iacobellis.<\/strong><\/p>\n<\/div>\n<div class=\"custom-text \" readability=\"39\">\n<p>El arquero de 29 a\u00f1o<strong> fue cedido al Vinotinto FC, recientemente ascendido a la Serie A de Ecuador, por un a\u00f1o y con opci\u00f3n de compra por el 70% <\/strong>del pase. A su vez, el extremo de 25 surgido de las inferiores blanquinegras y con pasado reciente en Barracas Central, <strong>se sum\u00f3 a San Mart\u00edn de San Juan a pr\u00e9stamo hasta diciembre y con opci\u00f3n de compra por el 50% de la ficha.<\/strong><\/p>\n<\/div>\n<div class=\"custom-embedhtml\" readability=\"8.253280839895\">\n<blockquote class=\"twitter-tweet\" readability=\"10.425196850394\">\n<p lang=\"es\" dir=\"ltr\">\u26bd\ufe0f El Club Atl\u00e9tico <a href=\"https:\/\/twitter.com\/hashtag\/AllBoys?src=hash&amp;ref_src=twsrc%5Etfw\">#AllBoys<\/a> informa que Lisandro Mitre y Marco Iacobellis ir\u00e1n a pr\u00e9stamo a nuevos clubes.<\/p>\n<p>\u25ab\ufe0f Mitre se incorporar\u00e1 al Vinotinto del Ecuador FC por un a\u00f1o, con opci\u00f3n de compra del 70% de su pase.<\/p>\n<p>\u25aa\ufe0f Iacobellis se unir\u00e1 a San Mart\u00edn de San Juan tambi\u00e9n por un\u2026 <a href=\"https:\/\/t.co\/cwxiGqRxwE\">pic.twitter.com\/cwxiGqRxwE<\/a><\/p>\n<p>\u2014 Club Atl\u00e9tico All Boys (@caallboys) <a href=\"https:\/\/twitter.com\/caallboys\/status\/1881516803945361788?ref_src=twsrc%5Etfw\">January 21, 2025<\/a><\/p><\/blockquote><\/div>\n<p><h2><strong>El paso de Lisandro Mitre y Marco Iacobellis por All Boys<\/strong><\/h2>\n<\/p>\n<div class=\"custom-text \" readability=\"39\">\n<p>El portero oriundo de Paran\u00e1 arrib\u00f3 a All Boys en 2023 tras pasos por varios clubes del Ascenso (Lugano, Argentino de Quilmes, Dock Sud, Laferrere y Sarmiento de Resistencia) y se consolid\u00f3 como una pieza clave:<strong> fue titular indiscutido en las \u00faltimas dos temporadas. Y as\u00ed lo reflejan los n\u00fameros: disput\u00f3 78 partidos, recibio 69 goles y sum\u00f3 32 vallas invictas. <\/strong><\/p>\n<\/div>\n<div class=\"sc-e7b891c4-0 ifHnQL image-embed\"><img alt=\"Lisandro Mitre jug\u00f3 en 2023 y 2024 (Prensa All Boys)\" loading=\"lazy\" width=\"720\" height=\"100\" decoding=\"async\" data-nimg=\"1\" src=\"http:\/\/cordobadirecto.com\/wp-content\/uploads\/2025\/01\/las-dos-figuras-que-se-van-de-all-boys.jpg\"><span class=\"epigraphe\">Lisandro Mitre jug\u00f3 en 2023 y 2024 (Prensa All Boys)<\/span><\/div>\n<div class=\"custom-text \" readability=\"39\">\n<p>Por su parte, el atacante nacido en Capital Federal realiz\u00f3 gran parte de su carrera en Floresta: debut\u00f3 en la temporada 2018\/19, cuando el Albo disputaba la Primera B. Y desde ese momento empez\u00f3 a ganar terreno. <strong>Permaneci\u00f3 en el club hasta 2023, sumando un total de 89 encuentros, donde sum\u00f3 seis goles y ocho asistencias. <\/strong><\/p>\n<\/div>\n<div class=\"sc-e7b891c4-0 ifHnQL image-embed\"><img alt=\"Marco Iacobellis se va de All Boys\" loading=\"lazy\" width=\"720\" height=\"100\" decoding=\"async\" data-nimg=\"1\" src=\"http:\/\/cordobadirecto.com\/wp-content\/uploads\/2025\/01\/las-dos-figuras-que-se-van-de-all-boys-1.jpg\"><span class=\"epigraphe\">Marco Iacobellis se va de All Boys<\/span><\/div>\n<p><h2><strong>El mercado de pases de All Boys para la Primera Nacional 2025<\/strong><\/h2>\n<\/p>\n<div class=\"custom-text \" readability=\"35\">\n<p><strong>ALTAS:<\/strong> Juli\u00e1n Veinticinco, Ignacio Palacio, Leandro Des\u00e1bato, Lukas Ramil y Claudio Campostrini.<\/p>\n<\/div>\n<div class=\"custom-text \" readability=\"45\">\n<p><strong>BAJAS<\/strong>: Ariel Torres, Diego Guallama, Santiago Patroni, Jonathan Acu\u00f1a, Gabriel Pusula, Mirko Ladr\u00f3n de Guevara, Franco Toloza, Santiago Gallucci Otero, Alejo Tabares, Juan Bautista Pisano, Santiago Rodr\u00edguez, Lisandro Mitre y Marco Iacobellis. <\/p>\n<\/div>\n<div class=\"sc-e7b891c4-0 ifHnQL image-embed\"><img alt=\"El All Boys de Campod\u00f3nico se sigue armando\" loading=\"lazy\" width=\"720\" height=\"100\" decoding=\"async\" data-nimg=\"1\" src=\"http:\/\/cordobadirecto.com\/wp-content\/uploads\/2025\/01\/las-dos-figuras-que-se-van-de-all-boys-2.jpg\"><span class=\"epigraphe\">El All Boys de Campod\u00f3nico se sigue armando<\/span><\/div>\n<div class=\"sc-a7166897-0 eoLsBE\" readability=\"6.5\">\n<section readability=\"3\"><picture><img alt=\"\u00a1El Barcelona logr\u00f3 una remontada hist\u00f3rica ante el Benfica de los argentinos y clasific\u00f3 a Octavos de la Champions!\" loading=\"lazy\" width=\"290\" height=\"290\" decoding=\"async\" data-nimg=\"1\" src=\"http:\/\/cordobadirecto.com\/wp-content\/uploads\/2025\/01\/las-dos-figuras-que-se-van-de-all-boys-3.jpg\"><\/picture>\n<p><span>Mir\u00e1 tambi\u00e9n<\/span><\/p>\n<hr>\n<h3>\u00a1El Barcelona logr\u00f3 una remontada hist\u00f3rica ante el Benfica de los argentinos y clasific\u00f3 a Octavos de la Champions!<\/h3>\n<\/p>\n<\/section>\n<\/div>\n<div class=\"sc-a7166897-0 eoLsBE\" readability=\"6\">\n<section readability=\"2\"><picture><img alt=\"Video: el blooper de la defensa de Barcelona en el segundo gol de Benfica\" loading=\"lazy\" width=\"290\" height=\"290\" decoding=\"async\" data-nimg=\"1\" src=\"http:\/\/cordobadirecto.com\/wp-content\/uploads\/2025\/01\/las-dos-figuras-que-se-van-de-all-boys-4.jpg\"><\/picture>\n<p><span>Mir\u00e1 tambi\u00e9n<\/span><\/p>\n<hr>\n<h3>Video: el blooper de la defensa de Barcelona en el segundo gol de Benfica<\/h3>\n<\/p>\n<\/section>\n<\/div>\n<\/div>\n","protected":false},"excerpt":{"rendered":"<p>21\/01\/2025 18:06hs. En Floresta hay sed de revancha por lo ocurrido en la temporada pasada, donde All Boys tuvo un gran sprint final, se meti\u00f3 aReducido y dio pelea hasta los cuartos de final, instancia en la que cay\u00f3 de forma pol\u00e9mica ante San Mart\u00edn de San Juan (perdi\u00f3 3-2 en el global). Por eso, [&hellip;]<\/p>\n","protected":false},"author":1,"featured_media":161195,"comment_status":"closed","ping_status":"closed","sticky":false,"template":"","format":"standard","meta":[],"categories":[21],"tags":[],"_links":{"self":[{"href":"http:\/\/cordobadirecto.com\/index.php\/wp-json\/wp\/v2\/posts\/161194"}],"collection":[{"href":"http:\/\/cordobadirecto.com\/index.php\/wp-json\/wp\/v2\/posts"}],"about":[{"href":"http:\/\/cordobadirecto.com\/index.php\/wp-json\/wp\/v2\/types\/post"}],"author":[{"embeddable":true,"href":"http:\/\/cordobadirecto.com\/index.php\/wp-json\/wp\/v2\/users\/1"}],"replies":[{"embeddable":true,"href":"http:\/\/cordobadirecto.com\/index.php\/wp-json\/wp\/v2\/comments?post=161194"}],"version-history":[{"count":0,"href":"http:\/\/cordobadirecto.com\/index.php\/wp-json\/wp\/v2\/posts\/161194\/revisions"}],"wp:featuredmedia":[{"embeddable":true,"href":"http:\/\/cordobadirecto.com\/index.php\/wp-json\/wp\/v2\/media\/161195"}],"wp:attachment":[{"href":"http:\/\/cordobadirecto.com\/index.php\/wp-json\/wp\/v2\/media?parent=161194"}],"wp:term":[{"taxonomy":"category","embeddable":true,"href":"http:\/\/cordobadirecto.com\/index.php\/wp-json\/wp\/v2\/categories?post=161194"},{"taxonomy":"post_tag","embeddable":true,"href":"http:\/\/cordobadirecto.com\/index.php\/wp-json\/wp\/v2\/tags?post=161194"}],"curies":[{"name":"wp","href":"https:\/\/api.w.org\/{rel}","templated":true}]}}