{"id":161196,"date":"2025-01-21T20:15:30","date_gmt":"2025-01-21T20:15:30","guid":{"rendered":"https:\/\/es.digitaltrends.com\/?p=1054241"},"modified":"2025-01-21T20:15:30","modified_gmt":"2025-01-21T20:15:30","slug":"llego-el-dia-whatsapp-instagram-y-facebook-se-integran","status":"publish","type":"post","link":"http:\/\/cordobadirecto.com\/index.php\/2025\/01\/21\/llego-el-dia-whatsapp-instagram-y-facebook-se-integran\/","title":{"rendered":"Lleg\u00f3 el d\u00eda: WhatsApp, Instagram y Facebook se integran"},"content":{"rendered":"<p>Desde que Meta adquiri\u00f3 <a href=\"https:\/\/es.digitaltrends.com\/sociales\/novedades-whatsapp-2025\/\"><strong>WhatsApp<\/strong><\/a> se viene escuchando el rumor de que llegar\u00e1 el d\u00eda en que la plataforma de mensajer\u00eda se integrar\u00eda con <a href=\"https:\/\/es.digitaltrends.com\/sociales\/como-desbloquear-a-alguien-en-instagram\/\"><strong>Instagram<\/strong><\/a>&nbsp;y<strong> <a href=\"https:\/\/es.digitaltrends.com\/sociales\/pasos-antes-de-eliminar-cuenta-de-facebook\/\"><strong>Facebook<\/strong><\/a><\/strong>.<\/p>\n<p>As\u00ed lo anuncio con un comunicado la empresa de Mark Zuckerberg:<\/p>\n<div class=\"b-connatix b-connatix--video\" id=\"dt-cnx-container-67900713544ba\">\n<div class=\"b-connatix__label\"> Recommended Videos <\/div>\n<div class=\"b-connatix__container\"> <\/div>\n<\/div>\n<p>\u00abNuestro enfoque para WhatsApp es simple: tu cuenta est\u00e1 separada de otras aplicaciones y nadie m\u00e1s que t\u00fa puede cambiar eso. Si bien agregar su WhatsApp al Centro de cuentas es completamente opcional y desactivado de forma predeterminada, puede ayudar a aquellos que desean que las funciones funcionen de manera m\u00e1s fluida en todas las aplicaciones. Por ejemplo, ser\u00e1 m\u00e1s f\u00e1cil volver a compartir las actualizaciones de tu estado de WhatsApp en las historias de Facebook o Instagram y mostrar a tus amigos lo que est\u00e1 sucediendo en tu vida sin tener que publicar varias veces. Tambi\u00e9n podr\u00e1s volver a iniciar sesi\u00f3n en tu cuenta de WhatsApp con un solo inicio de sesi\u00f3n, para que puedas volver a acceder a tus cuentas m\u00e1s r\u00e1pido y con menos pasos.<\/p>\n<figure class=\"alignnone\"><img src=\"http:\/\/cordobadirecto.com\/wp-content\/uploads\/2025\/01\/llego-el-dia-whatsapp-instagram-y-facebook-se-integran.gif\" data-dt-lazy-src=\"https:\/\/about.fb.com\/wp-content\/uploads\/2025\/01\/01_WA-StatusxPost_Carousel-01-1.jpg?resize=1920%2C1672&amp;p=1\" decoding=\"async\" class=\" size-full h-lightbox is-zoomable dt-lazy-load dt-lazy-pending\"><\/figure>\n<p>Pero la integraci\u00f3n no quedar\u00eda ah\u00ed, ya que en el corto plazo necesitar\u00e1n recursos para tus avatares, pegatinas de Meta AI y tus creaciones de Imagine Me, todo en un solo lugar.<\/p>\n<p>La empresa matriz de Mark Zuckerberg adem\u00e1s agreg\u00f3 que &nbsp;\u00abla privacidad es primordial para WhatsApp y sus mensajes y llamadas personales siempre est\u00e1n protegidos por cifrado de extremo a extremo, lo que significa que nadie m\u00e1s, ni siquiera WhatsApp o Meta, puede leerlos o escucharlos\u00bb.<\/p>\n<p>Cuando est\u00e9 disponible, ver\u00e1s la opci\u00f3n en la configuraci\u00f3n de WhatsApp o aparecer\u00e1 cuando intentes realizar una acci\u00f3n en varias cuentas.<\/p>\n<p> <span id=\"publisher-md\" itemprop=\"publisher\" itemscope itemtype=\"https:\/\/schema.org\/Organization\"> <span itemprop=\"url\" itemtype=\"https:\/\/schema.org\/Url\" content=\"https:\/\/es.digitaltrends.com\"> <span itemprop=\"logo\" itemscope itemtype=\"https:\/\/schema.org\/ImageObject\"> <meta itemprop=\"url\" content=\"https:\/\/cdn.dtcn.com\/dt\/dt-logo-small.png\"> <meta itemprop=\"width\" content=\"0\"> <meta itemprop=\"height\" content=\"0\"> <\/span> <meta itemprop=\"name\" content=\"Digital Trends Espa\u00f1ol\"> <\/span> <span itemprop=\"image\" itemscope itemtype=\"https:\/\/schema.org\/ImageObject\"> <meta itemprop=\"url\" content=\"https:\/\/es.digitaltrends.com\/wp-content\/uploads\/2025\/01\/WhatsApp-Instagram-Facebook.jpeg?p=1\"> <\/span> <\/span> <\/p>\n","protected":false},"excerpt":{"rendered":"<p>Desde que Meta adquiri\u00f3 WhatsApp se viene escuchando el rumor de que llegar\u00e1 el d\u00eda en que la plataforma de mensajer\u00eda se integrar\u00eda con Instagram&nbsp;y Facebook. As\u00ed lo anuncio con un comunicado la empresa de Mark Zuckerberg: Recommended Videos \u00abNuestro enfoque para WhatsApp es simple: tu cuenta est\u00e1 separada de otras aplicaciones y nadie m\u00e1s [&hellip;]<\/p>\n","protected":false},"author":1,"featured_media":161197,"comment_status":"closed","ping_status":"closed","sticky":false,"template":"","format":"standard","meta":[],"categories":[26],"tags":[],"_links":{"self":[{"href":"http:\/\/cordobadirecto.com\/index.php\/wp-json\/wp\/v2\/posts\/161196"}],"collection":[{"href":"http:\/\/cordobadirecto.com\/index.php\/wp-json\/wp\/v2\/posts"}],"about":[{"href":"http:\/\/cordobadirecto.com\/index.php\/wp-json\/wp\/v2\/types\/post"}],"author":[{"embeddable":true,"href":"http:\/\/cordobadirecto.com\/index.php\/wp-json\/wp\/v2\/users\/1"}],"replies":[{"embeddable":true,"href":"http:\/\/cordobadirecto.com\/index.php\/wp-json\/wp\/v2\/comments?post=161196"}],"version-history":[{"count":0,"href":"http:\/\/cordobadirecto.com\/index.php\/wp-json\/wp\/v2\/posts\/161196\/revisions"}],"wp:featuredmedia":[{"embeddable":true,"href":"http:\/\/cordobadirecto.com\/index.php\/wp-json\/wp\/v2\/media\/161197"}],"wp:attachment":[{"href":"http:\/\/cordobadirecto.com\/index.php\/wp-json\/wp\/v2\/media?parent=161196"}],"wp:term":[{"taxonomy":"category","embeddable":true,"href":"http:\/\/cordobadirecto.com\/index.php\/wp-json\/wp\/v2\/categories?post=161196"},{"taxonomy":"post_tag","embeddable":true,"href":"http:\/\/cordobadirecto.com\/index.php\/wp-json\/wp\/v2\/tags?post=161196"}],"curies":[{"name":"wp","href":"https:\/\/api.w.org\/{rel}","templated":true}]}}