{"id":161202,"date":"2025-01-21T17:09:31","date_gmt":"2025-01-21T17:09:31","guid":{"rendered":"https:\/\/cordoba.gob.ar\/?p=69446"},"modified":"2025-01-21T17:09:31","modified_gmt":"2025-01-21T17:09:31","slug":"la-municipalidad-de-cordoba-y-el-ministerio-de-seguridad-realizaron-un-operativo-conjunto-en-la-plaza-de-las-americas","status":"publish","type":"post","link":"http:\/\/cordobadirecto.com\/index.php\/2025\/01\/21\/la-municipalidad-de-cordoba-y-el-ministerio-de-seguridad-realizaron-un-operativo-conjunto-en-la-plaza-de-las-americas\/","title":{"rendered":"La Municipalidad de C\u00f3rdoba y el Ministerio de Seguridad realizaron un operativo conjunto en la Plaza de las Am\u00e9ricas"},"content":{"rendered":"<div><img src=\"http:\/\/cordobadirecto.com\/wp-content\/uploads\/2025\/01\/la-municipalidad-de-cordoba-y-el-ministerio-de-seguridad-realizaron-un-operativo-conjunto-en-la-plaza-de-las-americas.jpg\" class=\"ff-og-image-inserted\"><\/div>\n<ul>\n<li><strong>Participaron la Guardia Urbana Municipal, la Direcci\u00f3n de Higiene Urbana y la Polic\u00eda de la Provincia.<\/strong><\/li>\n<li><strong>La Secretar\u00eda de Pol\u00edticas Sociales y Desarrollo Humano ofreci\u00f3 alojamiento y contenci\u00f3n a 9 personas que pernoctaban en la plaza.<\/strong><\/li>\n<\/ul>\n<hr>\n<p>Durante la ma\u00f1ana se realiz\u00f3 un operativo en la Plaza de las Am\u00e9ricas, donde participaron diversas \u00e1reas municipales y provinciales. La Municipalidad de C\u00f3rdoba asisti\u00f3 a nueve personas que pernoctaban en el lugar, a trav\u00e9s del Programa para Personas en Situaci\u00f3n de Calle, el cual brinda alojamiento, alimentaci\u00f3n, acceso controles primarios de salud y contenci\u00f3n mediante equipos multidisciplinarios.<\/p>\n<p>Este programa, implementado por la Secretar\u00eda de Pol\u00edticas Sociales y Desarrollo Humano, est\u00e1 dise\u00f1ado para acompa\u00f1ar y promover la revinculaci\u00f3n con sus redes, mediante un enfoque integral que incluye atenci\u00f3n de salud y acompa\u00f1amiento psicol\u00f3gico.<\/p>\n<p>Sin embargo, las personas abordadas en la Plaza de las Am\u00e9ricas manifestaron tener domicilios y optaron por regresar a sus hogares. Es importante destacar que la adhesi\u00f3n al programa es voluntaria y requiere cumplir con normas de convivencia y participar en espacios de acompa\u00f1amiento dise\u00f1ados para su apoyo.<\/p>\n<p>El operativo en Plaza de las Am\u00e9ricas fue realizado por la Guardia Urbana Municipal en conjunto con la Polic\u00eda y el Ministerio de Seguridad de la Provincia. Durante la intervenci\u00f3n, se respetaron los derechos de las personas involucradas, priorizando el di\u00e1logo y la b\u00fasqueda de soluciones consensuadas.<\/p>\n<p>Es importante destacar que la Municipalidad, a trav\u00e9s del Programa Para Personas en Situaci\u00f3n de Calle, lleva adelante intervenciones en espacios verdes y diferentes barrios de la ciudad, mediante equipos t\u00e9cnicos a fin de detectar casos y poder brindar el abordaje necesario por cada persona.<\/p>\n<p>Tras el procedimiento, la Municipalidad realiz\u00f3 tareas de limpieza en el espacio p\u00fablico y trabajar\u00e1 en la reparaci\u00f3n de un ca\u00f1o de Aguas Cordobesas que se encontraba da\u00f1ado en el lugar.<\/p>\n","protected":false},"excerpt":{"rendered":"<p>Participaron la Guardia Urbana Municipal, la Direcci\u00f3n de Higiene Urbana y la Polic\u00eda de la Provincia. La Secretar\u00eda de Pol\u00edticas Sociales y Desarrollo Humano ofreci\u00f3 alojamiento y contenci\u00f3n a 9 personas que pernoctaban en la plaza. Durante la ma\u00f1ana se realiz\u00f3 un operativo en la Plaza de las Am\u00e9ricas, donde participaron diversas \u00e1reas municipales y [&hellip;]<\/p>\n","protected":false},"author":1,"featured_media":161203,"comment_status":"closed","ping_status":"closed","sticky":false,"template":"","format":"standard","meta":[],"categories":[44],"tags":[],"_links":{"self":[{"href":"http:\/\/cordobadirecto.com\/index.php\/wp-json\/wp\/v2\/posts\/161202"}],"collection":[{"href":"http:\/\/cordobadirecto.com\/index.php\/wp-json\/wp\/v2\/posts"}],"about":[{"href":"http:\/\/cordobadirecto.com\/index.php\/wp-json\/wp\/v2\/types\/post"}],"author":[{"embeddable":true,"href":"http:\/\/cordobadirecto.com\/index.php\/wp-json\/wp\/v2\/users\/1"}],"replies":[{"embeddable":true,"href":"http:\/\/cordobadirecto.com\/index.php\/wp-json\/wp\/v2\/comments?post=161202"}],"version-history":[{"count":0,"href":"http:\/\/cordobadirecto.com\/index.php\/wp-json\/wp\/v2\/posts\/161202\/revisions"}],"wp:featuredmedia":[{"embeddable":true,"href":"http:\/\/cordobadirecto.com\/index.php\/wp-json\/wp\/v2\/media\/161203"}],"wp:attachment":[{"href":"http:\/\/cordobadirecto.com\/index.php\/wp-json\/wp\/v2\/media?parent=161202"}],"wp:term":[{"taxonomy":"category","embeddable":true,"href":"http:\/\/cordobadirecto.com\/index.php\/wp-json\/wp\/v2\/categories?post=161202"},{"taxonomy":"post_tag","embeddable":true,"href":"http:\/\/cordobadirecto.com\/index.php\/wp-json\/wp\/v2\/tags?post=161202"}],"curies":[{"name":"wp","href":"https:\/\/api.w.org\/{rel}","templated":true}]}}