{"id":161207,"date":"2025-01-22T14:23:32","date_gmt":"2025-01-22T14:23:32","guid":{"rendered":"https:\/\/puntoapunto.com.ar\/?p=369361"},"modified":"2025-01-22T14:23:32","modified_gmt":"2025-01-22T14:23:32","slug":"edicion-semanal-empleo-2-5","status":"publish","type":"post","link":"http:\/\/cordobadirecto.com\/index.php\/2025\/01\/22\/edicion-semanal-empleo-2-5\/","title":{"rendered":"Edici\u00f3n semanal: Empleo 2.5"},"content":{"rendered":"<p>&nbsp;<!-- \u00a1O bien no hay banners, estan desactivados o no estan programados para esta ubicaci\u00f3n! -->\n<\/p>\n<p>&nbsp;\n<\/p>\n<p>El mercado laboral argentino vivi\u00f3 un a\u00f1o de estancamiento y desigualdad, con un aumento de la informalidad y sectores como la industria y la construcci\u00f3n enfrentando dificultades. Para 2025, se espera un<strong> impulso hacia modelos laborales h\u00edbridos, con una demanda de habilidades tecnol\u00f3gicas, en sectores como Econom\u00eda del Conocimiento, Energ\u00edas Renovables y Salud.<\/strong>\n<\/p>\n<p><strong>Le\u00e9 la revista en tu dispositivo favorito<\/strong>\n<\/p>\n<p><a href=\"https:\/\/indd.adobe.com\/view\/40fe7aa8-6869-4e4a-ace7-87637c40469e\" target=\"_blank\" rel=\"noopener\"><img decoding=\"async\" class=\"alignleft wp-image-341569 size-full\" src=\"http:\/\/cordobadirecto.com\/wp-content\/uploads\/2025\/01\/edicion-semanal-empleo-2-5.jpg\" alt width=\"300\" height=\"80\" loading=\"lazy\"><\/a><a href=\"https:\/\/indd.adobe.com\/view\/fcf834e5-9bbd-471c-96ac-b5c6ec21cf55\" target=\"_blank\" rel=\"noopener\"><img decoding=\"async\" class=\"alignleft wp-image-341570 size-full\" src=\"http:\/\/cordobadirecto.com\/wp-content\/uploads\/2025\/01\/edicion-semanal-empleo-2-5-1.jpg\" alt width=\"300\" height=\"80\" loading=\"lazy\"><\/a><!-- \u00a1O bien no hay banners, estan desactivados o no estan programados para esta ubicaci\u00f3n! -->\n<\/p>\n<p>&nbsp;\n<\/p>\n<p>&nbsp;\n<\/p>\n<p><strong>Adem\u00e1s:<\/strong>\n<\/p>\n<ul>\n<li><strong>Gisela Veritier: \u201crecuperar el salario real llevar\u00e1 tiempo, la p\u00e9rdida del poder adquisitivo fue brutal\u201d<\/strong><\/li>\n<\/ul>\n<p>Tras un 2024 marcado por ajustes y desaceleraci\u00f3n inflacionaria, la economista analiza las oportunidades y desaf\u00edos que el pa\u00eds enfrentar\u00e1 durante el a\u00f1o. Sectores como la energ\u00eda, el agro y la tecnolog\u00eda son clave, pero las reservas y el cepo cambiario imponen l\u00edmites al crecimiento sostenido.\n<\/p>\n<ul>\n<li><strong>Salen a competir con \u201cOptimus\u201d, de Tesla: la cordobesa que comercializa robots de servicios y promete un boom<\/strong><\/li>\n<\/ul>\n<p>Con la llegada de los robots de servicio Ketty Bot Pro y el pr\u00f3ximo lanzamiento del humanoide D9, la firma cordobesa MD Group apuesta por transformar industrias clave como gastronom\u00eda, hoteler\u00eda y comercio. \u00bfCu\u00e1nto cuesta adquirir un robot para tu empresa?\n<\/p>\n<ul>\n<li><strong>Patricia Jebsen, la \u201cgur\u00fa corporativa\u201d que humaniza el mundo empresarial en TikTok<\/strong><\/li>\n<\/ul>\n<p>Con una s\u00f3lida trayectoria en empresas l\u00edderes y un rol pionero en el comercio electr\u00f3nico argentino, Patricia Jebsen se reinvent\u00f3 a trav\u00e9s de redes sociales y busca acercar el universo empresarial a las nuevas generaciones.\n<\/p>\n<ul>\n<li><strong>Natalia De la Sota podr\u00eda ser la salvadora de los laderos de Cristina en C\u00f3rdoba<\/strong><\/li>\n<\/ul>\n<p>La hija del exgobernador se sumar\u00eda a ese frente electoral para liderar la boleta de candidatos a diputados nacionales. Sin embargo, parte de la vieja guarida K se opone. La crisis del sector se profundiza con el paso del tiempo. Pone en juego la banca de Pablo Carro.\n<\/p>\n<div class=\"g g-38\">\n<div class=\"g-dyn a-12 c-1\"><a class=\"gofollow\" data-track=\"MTIsMzgsMSw2MA==\" href=\"https:\/\/hospitalprivado.com.ar\/blog\/institucional\/somos-la-primera-institucion-del-interior-del-pais-en-acreditar-joint-commission-international.html\" target=\"_blank\" rel=\"noopener\"><img src=\"http:\/\/cordobadirecto.com\/wp-content\/uploads\/2025\/01\/edicion-semanal-empleo-2-5.gif\" loading=\"lazy\"><\/a><\/div>\n<\/div>\n","protected":false},"excerpt":{"rendered":"<p>&nbsp; &nbsp; El mercado laboral argentino vivi\u00f3 un a\u00f1o de estancamiento y desigualdad, con un aumento de la informalidad y sectores como la industria y la construcci\u00f3n enfrentando dificultades. Para 2025, se espera un impulso hacia modelos laborales h\u00edbridos, con una demanda de habilidades tecnol\u00f3gicas, en sectores como Econom\u00eda del Conocimiento, Energ\u00edas Renovables y Salud. [&hellip;]<\/p>\n","protected":false},"author":1,"featured_media":161208,"comment_status":"closed","ping_status":"closed","sticky":false,"template":"","format":"standard","meta":[],"categories":[25],"tags":[],"_links":{"self":[{"href":"http:\/\/cordobadirecto.com\/index.php\/wp-json\/wp\/v2\/posts\/161207"}],"collection":[{"href":"http:\/\/cordobadirecto.com\/index.php\/wp-json\/wp\/v2\/posts"}],"about":[{"href":"http:\/\/cordobadirecto.com\/index.php\/wp-json\/wp\/v2\/types\/post"}],"author":[{"embeddable":true,"href":"http:\/\/cordobadirecto.com\/index.php\/wp-json\/wp\/v2\/users\/1"}],"replies":[{"embeddable":true,"href":"http:\/\/cordobadirecto.com\/index.php\/wp-json\/wp\/v2\/comments?post=161207"}],"version-history":[{"count":0,"href":"http:\/\/cordobadirecto.com\/index.php\/wp-json\/wp\/v2\/posts\/161207\/revisions"}],"wp:featuredmedia":[{"embeddable":true,"href":"http:\/\/cordobadirecto.com\/index.php\/wp-json\/wp\/v2\/media\/161208"}],"wp:attachment":[{"href":"http:\/\/cordobadirecto.com\/index.php\/wp-json\/wp\/v2\/media?parent=161207"}],"wp:term":[{"taxonomy":"category","embeddable":true,"href":"http:\/\/cordobadirecto.com\/index.php\/wp-json\/wp\/v2\/categories?post=161207"},{"taxonomy":"post_tag","embeddable":true,"href":"http:\/\/cordobadirecto.com\/index.php\/wp-json\/wp\/v2\/tags?post=161207"}],"curies":[{"name":"wp","href":"https:\/\/api.w.org\/{rel}","templated":true}]}}