{"id":16121,"date":"2021-08-27T15:40:40","date_gmt":"2021-08-27T15:40:40","guid":{"rendered":"https:\/\/cordoba.gob.ar\/?p=12712"},"modified":"2021-08-27T15:40:40","modified_gmt":"2021-08-27T15:40:40","slug":"la-circunvalacion-ya-tiene-tres-carriles-en-ambas-manos-para-circular","status":"publish","type":"post","link":"http:\/\/cordobadirecto.com\/index.php\/2021\/08\/27\/la-circunvalacion-ya-tiene-tres-carriles-en-ambas-manos-para-circular\/","title":{"rendered":"La Circunvalaci\u00f3n ya tiene tres carriles en ambas manos para circular"},"content":{"rendered":"<div><img src=\"http:\/\/cordobadirecto.com\/wp-content\/uploads\/2021\/08\/la-circunvalacion-ya-tiene-tres-carriles-en-ambas-manos-para-circular.jpg\" class=\"ff-og-image-inserted\"><\/div>\n<ul>\n<li><strong>El Intendente Mart\u00edn Llaryora acompa\u00f1\u00f3 al Gobernador Juan Schiaretti en la habilitaci\u00f3n del \u00faltimo tramo de la obra.<\/strong><\/li>\n<\/ul>\n<hr>\n<p>Con el retiro de los tachos de obra y elementos de se\u00f1alamiento vial, la v\u00eda qued\u00f3 habilitada a lo largo de todo su trayecto de 47 kil\u00f3metros de extensi\u00f3n.<\/p>\n<p>Tras la supervisi\u00f3n del \u00faltimo tramo de los trabajos, el gobernador Juan Schiaretti y el intendente Mart\u00edn Llaryora habilitaron totalmente el tercer carril de la avenida Circunvalaci\u00f3n.<\/p>\n<p>Con el final de este tramo de la Circunvalaci\u00f3n, en sus 47 kil\u00f3metros de recorrido, los vecinos de la ciudad y quienes la visitan podr\u00e1n transitar por tres carriles por lado, mejorando as\u00ed sustancialmente la circulaci\u00f3n diaria de los m\u00e1s de 60 mil veh\u00edculos que utilizan la avenida para acceder a diversos puntos de la ciudad y se brindar\u00e1n mayores condiciones de seguridad vial a los automovilistas.<\/p>\n<p>En la ma\u00f1ana de hoy se supervis\u00f3 el tramo de 9,9 kil\u00f3metros comprendido entre el puente Cerveceros y el distribuidor de Ruta 19, donde personal de Caminos de las Sierras realiz\u00f3 tareas de demarcaci\u00f3n horizontal, se\u00f1alizaci\u00f3n y colocaci\u00f3n de defensas.<\/p>\n<p><em>\u201cEl tercer carril de avenida circunvalaci\u00f3n constituye una de las obras civiles m\u00e1s grandes que se realizan en Argentina en este momento. Genera trabajo y nos permite mejorar la circulaci\u00f3n, la seguridad, mejorando tambi\u00e9n el tiempo de partida y de llegada no s\u00f3lo de los vecinos de la ciudad, sino de quienes nos visitan, mejorando as\u00ed la calidad de vida de todos los cordobeses\u201d<\/em>, expres\u00f3 Llaryora, quien le agradeci\u00f3 al Gobernador por esta gran obra que cambia radicalmente la fisonom\u00eda del hist\u00f3rico anillo de circunvalaci\u00f3n.<\/p>\n<p>Del evento participaron tambi\u00e9n el ministro de Obras P\u00fablicas, Ricardo Sosa y el presidente de la empresa Caminos de las Sierras, Jorge Alves.<\/p>\n<p>Las pr\u00f3ximas tareas en la zona apuntan a la intervenci\u00f3n de los cinco accesos y cruces de la Avenida.<\/p>\n","protected":false},"excerpt":{"rendered":"<p>El Intendente Mart\u00edn Llaryora acompa\u00f1\u00f3 al Gobernador Juan Schiaretti en la habilitaci\u00f3n del \u00faltimo tramo de la obra. Con el retiro de los tachos de obra y elementos de se\u00f1alamiento vial, la v\u00eda qued\u00f3 habilitada a lo largo de todo su trayecto de 47 kil\u00f3metros de extensi\u00f3n. Tras la supervisi\u00f3n del \u00faltimo tramo de los [&hellip;]<\/p>\n","protected":false},"author":1,"featured_media":16122,"comment_status":"closed","ping_status":"closed","sticky":false,"template":"","format":"standard","meta":[],"categories":[44],"tags":[],"_links":{"self":[{"href":"http:\/\/cordobadirecto.com\/index.php\/wp-json\/wp\/v2\/posts\/16121"}],"collection":[{"href":"http:\/\/cordobadirecto.com\/index.php\/wp-json\/wp\/v2\/posts"}],"about":[{"href":"http:\/\/cordobadirecto.com\/index.php\/wp-json\/wp\/v2\/types\/post"}],"author":[{"embeddable":true,"href":"http:\/\/cordobadirecto.com\/index.php\/wp-json\/wp\/v2\/users\/1"}],"replies":[{"embeddable":true,"href":"http:\/\/cordobadirecto.com\/index.php\/wp-json\/wp\/v2\/comments?post=16121"}],"version-history":[{"count":0,"href":"http:\/\/cordobadirecto.com\/index.php\/wp-json\/wp\/v2\/posts\/16121\/revisions"}],"wp:featuredmedia":[{"embeddable":true,"href":"http:\/\/cordobadirecto.com\/index.php\/wp-json\/wp\/v2\/media\/16122"}],"wp:attachment":[{"href":"http:\/\/cordobadirecto.com\/index.php\/wp-json\/wp\/v2\/media?parent=16121"}],"wp:term":[{"taxonomy":"category","embeddable":true,"href":"http:\/\/cordobadirecto.com\/index.php\/wp-json\/wp\/v2\/categories?post=16121"},{"taxonomy":"post_tag","embeddable":true,"href":"http:\/\/cordobadirecto.com\/index.php\/wp-json\/wp\/v2\/tags?post=16121"}],"curies":[{"name":"wp","href":"https:\/\/api.w.org\/{rel}","templated":true}]}}