{"id":161236,"date":"2025-01-22T21:01:55","date_gmt":"2025-01-22T21:01:55","guid":{"rendered":"https:\/\/www.ole.com.ar\/autos\/jack-doohan-alpine-formula-1-franco-colapinto_0_Xankrq1o66.html"},"modified":"2025-01-22T21:01:55","modified_gmt":"2025-01-22T21:01:55","slug":"doohan-madrugo-a-colapinto-su-competencia-ya-llego-a-alpine-y-se-subio-al-auto","status":"publish","type":"post","link":"http:\/\/cordobadirecto.com\/index.php\/2025\/01\/22\/doohan-madrugo-a-colapinto-su-competencia-ya-llego-a-alpine-y-se-subio-al-auto\/","title":{"rendered":"Doohan madrug\u00f3 a Colapinto: su competencia ya lleg\u00f3 a Alpine y se subi\u00f3 al auto"},"content":{"rendered":"<p><span class=\"createDate\">22\/01\/2025 18:01hs.<\/span><time class=\"modificatedDate\" datetime=\"2025-01-22T18:12:33-03:00\"> Actualizado al 22\/01\/2025 18:12hs.<\/time><\/p>\n<div id=\"storyBody\">\n<div class=\"custom-text \" readability=\"39.474418604651\">\n<p>Empez\u00f3 el tiempo de Jack Doohan en Alpine en la F\u00f3rmula 1. El nuevo piloto titular de la escuder\u00eda (\u00bfpr cu\u00e1nto tiempo?) <strong>tuvo su primer d\u00eda en la f\u00e1brica de Enstone<\/strong>, en la que pas\u00f3 la jornada junto a los ingenieros del equipo, prob\u00f3 el asiento del A525, meti\u00f3 foto con Flavio Briatore -el que eligi\u00f3 a <strong><a href=\"https:\/\/www.ole.com.ar\/tema\/franco-colapinto.html\" title=\"Franco Colapinto\" alt=\"Franco Colapinto\" class=\"slug\">Franco Colapinto<\/a><\/strong>-, y hasta festej\u00f3 su cumplea\u00f1os. Todo esto, ya sin el pelo largo que lo caracterizaba, casi rapado.<\/p>\n<\/div>\n<div class=\"custom-text \" readability=\"40\">\n<p>El australiano viene de correr en la F\u00f3rmula 2 para la escuder\u00eda francesa de motores Renault, y ahora como corredor de la M\u00e1xima, arrancar\u00e1 como dupla de <strong>Pierre Gasly<\/strong>. Al oeste de Oxford, Doohan <strong>prob\u00f3 la butaca adaptada que usar\u00e1 con el nuevo A525<\/strong>, el que todav\u00eda no sacaron a la pista a hacer sus primeras vueltas antes del debut de la temporada 2025 en Australia, el 16 de marzo.<\/p>\n<\/div>\n<div class=\"sc-e7b891c4-0 ifHnQL image-embed\"><img alt=\"Doohan festej\u00f3 los 22 en Alpine. (@AlpineF1Team)\" loading=\"lazy\" width=\"720\" height=\"100\" decoding=\"async\" data-nimg=\"1\" src=\"http:\/\/cordobadirecto.com\/wp-content\/uploads\/2025\/01\/doohan-madrugo-a-colapinto-su-competencia-ya-llego-a-alpine-y-se-subio-al-auto.jpg\"><span class=\"epigraphe\">Doohan festej\u00f3 los 22 en Alpine. (@AlpineF1Team)<\/span><\/div>\n<div class=\"custom-text \" readability=\"36\">\n<p>Tanto Gasly como Paul Aaron (otro piloto reserva) tambi\u00e9n tuvieron sus primeros d\u00edas en la f\u00e1brica. <strong>\u00bfY Colapinto? est\u00e1 en Espa\u00f1a, esperando<\/strong> por su momento de viajar hacia el norte, para comenzar la competencia con el aussie.<\/p>\n<\/div>\n<div class=\"custom-text \" readability=\"38\">\n<p>Adem\u00e1s de la prueba del asiento, tambi\u00e9n se lo vio a Doohan de festejo por su cumplea\u00f1os, que fue el \u00faltimo lunes, y <strong>sus nuevos compa\u00f1eros de equipo le llevaron una torta<\/strong> con las velitas y dos globos gigantes con el n\u00famero 22, los a\u00f1os que cumpli\u00f3.<\/p>\n<\/div>\n<div class=\"sc-e7b891c4-0 ifHnQL image-embed\"><img alt=\"Doohan meti\u00f3 cumple en Enstone. (@AlpineF1Team)\" loading=\"lazy\" width=\"720\" height=\"100\" decoding=\"async\" data-nimg=\"1\" src=\"http:\/\/cordobadirecto.com\/wp-content\/uploads\/2025\/01\/doohan-madrugo-a-colapinto-su-competencia-ya-llego-a-alpine-y-se-subio-al-auto-1.jpg\"><span class=\"epigraphe\">Doohan meti\u00f3 cumple en Enstone. (@AlpineF1Team)<\/span><\/div>\n<div class=\"custom-text \" readability=\"41\">\n<p>Despu\u00e9s de pasar su primera jornada como piloto de F1 de Alpine, la cuenta de del equipo dirigido por Oliver Oakes (@Alpine) comparti\u00f3 un video en sus redes sociales con Doohan contando c\u00f3mo se sinti\u00f3, con el mensaje &#8220;Marcando la lista de tareas pendientes, y el australiano comentando: &#8220;Hola chicos, acabo de terminar mi primer d\u00eda de regreso a la f\u00e1brica para 2025. <strong>Es genial ver que todos vinieron anoche tambien, y ver a los chicos y chicas del turno de noche<\/strong>, fue genial pasar un tiempo con ellos y ver lo que hacen&#8221;.<\/p>\n<\/div>\n<div class=\"sc-e7b891c4-0 ifHnQL image-embed\"><img alt=\"Colapinto todav\u00eda est\u00e1 disfrutando el descanso, como lo hizo con Bizarrap.\" loading=\"lazy\" width=\"720\" height=\"100\" decoding=\"async\" data-nimg=\"1\" src=\"http:\/\/cordobadirecto.com\/wp-content\/uploads\/2025\/01\/doohan-madrugo-a-colapinto-su-competencia-ya-llego-a-alpine-y-se-subio-al-auto-2.jpg\"><span class=\"epigraphe\">Colapinto todav\u00eda est\u00e1 disfrutando el descanso, como lo hizo con Bizarrap.<\/span><\/div>\n<div class=\"custom-text \" readability=\"39\">\n<p>&#8220;Estamos listos para pasar el invierno, pero el ajuste del asiento se realiz\u00f3 hoy. Tambi\u00e9n hubo algunas reuniones, pero <strong>estoy s\u00faper super feliz y emocionado de comenzar este a\u00f1o<\/strong>, nos vemos&#8221;, cerr\u00f3 el aussie, ahora m\u00e1s dif\u00edcil de reconocer por su pelo corto.<\/p>\n<\/div>\n<div class=\"custom-text \" readability=\"35\">\n<p>Adem\u00e1s, el propio Doohan comparti\u00f3 una de las fotos del d\u00eda y mencion\u00f3: &#8220;\u00a1Qu\u00e9 bueno estar de vuelta, gracias por un d\u00eda incre\u00edble @AlpineF1Team!&#8221;.<\/p>\n<\/div>\n<div class=\"sc-e7b891c4-0 ifHnQL image-embed\"><img alt=\"Jack Doohan y Flavio Briatore. (@AlpineF1Team)\" loading=\"lazy\" width=\"720\" height=\"100\" decoding=\"async\" data-nimg=\"1\" src=\"http:\/\/cordobadirecto.com\/wp-content\/uploads\/2025\/01\/doohan-madrugo-a-colapinto-su-competencia-ya-llego-a-alpine-y-se-subio-al-auto-3.jpg\"><span class=\"epigraphe\">Jack Doohan y Flavio Briatore. (@AlpineF1Team)<\/span><\/div>\n<p><h2><strong>C\u00f3mo ven a Doohan en Alpine<\/strong><\/h2>\n<\/p>\n<div class=\"custom-text \" readability=\"39\">\n<p>El jefe de equipo m\u00e1s joven de la grilla, Oakes (37), se refiri\u00f3 a la situaci\u00f3n de Doohan y Colapinto, y coment\u00f3 en el podcast James Allen on F1: &#8220;Fue un poco duro para Jack, algunas de las cosas que escribieron los guerreros del teclado, y \u00e9l tendr\u00e1 su oportunidad justa&#8221;.<\/p>\n<\/div>\n<div class=\"custom-text \" readability=\"39\">\n<p>&#8220;Y creo que la intenci\u00f3n no es ponerle presi\u00f3n sobre los hombros. <strong>Es genuinamente darle al equipo opciones m\u00e1s adelante<\/strong>. Y para m\u00ed, la F1 es un margen fino. Hay un mont\u00f3n de gente que depende de un piloto para que rinda cada fin de semana, y tenemos que asegurarnos de que tenemos a los mejores pilotos en el auto de carreras, no solo ahora, sino tambi\u00e9n en el futuro&#8221;.<\/p>\n<\/div>\n<div class=\"custom-text \" readability=\"44\">\n<p>Apuntando a eso, al equipo, y al futuro, agreg\u00f3: &#8220;Es genial tener esa plantilla que tenemos ah\u00ed, con dos pilotos j\u00f3venes como Paul (Aaron, otro reserva) y <strong>Franco esperando entre bastidores<\/strong>, porque no se trata solo de 2025, ya que 2026 o 2027 est\u00e1n a la vuelta de la esquina, y en la F1 es dif\u00edcil planificar lo que va a pasar y qu\u00e9 pilotos vas a tener que subir al coche. Y creo que para nosotros, simplemente mantiene a todos bajo prueba en t\u00e9rminos de c\u00f3mo est\u00e1n rindiendo y nos da opciones&#8221;.<\/p>\n<\/div>\n<div class=\"custom-text \" readability=\"37\">\n<p>Alpine tiene a Gasly y a Doohan como pilotos titulares para la temporada 2025, pero la insistencia del equipo en firmar a Colapinto pese a tener ya al estonio Paul Aron (20) y al japon\u00e9s Ryo Hirakawa (31) como pilotos de reserva <strong>gener\u00f3 mucho ruido sobre el futuro de Doohan<\/strong>, de quien se cree que tiene un contrato solo por las primeras cinco o seis carreras del campeonato.<\/p>\n<\/div>\n<div class=\"sc-a7166897-0 eoLsBE\" readability=\"6.5\">\n<section readability=\"3\"><picture><img alt=\"Por primera vez, un argentino formar\u00e1 parte de una fecha del NASCAR\" loading=\"lazy\" width=\"290\" height=\"290\" decoding=\"async\" data-nimg=\"1\" src=\"http:\/\/cordobadirecto.com\/wp-content\/uploads\/2025\/01\/doohan-madrugo-a-colapinto-su-competencia-ya-llego-a-alpine-y-se-subio-al-auto-4.jpg\"><\/picture>\n<p><span>Mir\u00e1 tambi\u00e9n<\/span><\/p>\n<hr>\n<h3>Por primera vez, un argentino formar\u00e1 parte de una fecha del NASCAR<\/h3>\n<\/p>\n<\/section>\n<\/div>\n<div class=\"sc-a7166897-0 eoLsBE\" readability=\"8\">\n<section readability=\"6\"><picture><img alt=\"Oakes, jefe de Alpine, habl\u00f3 por primera vez de Colapinto y qu\u00e9 pasar\u00e1 con Doohan, su competencia \" loading=\"lazy\" width=\"290\" height=\"290\" decoding=\"async\" data-nimg=\"1\" src=\"http:\/\/cordobadirecto.com\/wp-content\/uploads\/2025\/01\/doohan-madrugo-a-colapinto-su-competencia-ya-llego-a-alpine-y-se-subio-al-auto-5.jpg\"><\/picture>\n<p><span>Mir\u00e1 tambi\u00e9n<\/span><\/p>\n<hr>\n<h3>Oakes, jefe de Alpine, habl\u00f3 por primera vez de Colapinto y qu\u00e9 pasar\u00e1 con Doohan, su competencia <\/h3>\n<\/p>\n<\/section>\n<\/div>\n<div class=\"sc-a7166897-0 eoLsBE\" readability=\"6\">\n<section readability=\"2\"><picture><img alt=\"El futbolista que invirti\u00f3 en Franco Colapinto para su llegada a Alpine\" loading=\"lazy\" width=\"290\" height=\"290\" decoding=\"async\" data-nimg=\"1\" src=\"http:\/\/cordobadirecto.com\/wp-content\/uploads\/2025\/01\/doohan-madrugo-a-colapinto-su-competencia-ya-llego-a-alpine-y-se-subio-al-auto-6.jpg\"><\/picture>\n<p><span>Mir\u00e1 tambi\u00e9n<\/span><\/p>\n<hr>\n<h3>El futbolista que invirti\u00f3 en Franco Colapinto para su llegada a Alpine<\/h3>\n<\/p>\n<\/section>\n<\/div>\n<\/div>\n","protected":false},"excerpt":{"rendered":"<p>22\/01\/2025 18:01hs. Actualizado al 22\/01\/2025 18:12hs. Empez\u00f3 el tiempo de Jack Doohan en Alpine en la F\u00f3rmula 1. El nuevo piloto titular de la escuder\u00eda (\u00bfpr cu\u00e1nto tiempo?) tuvo su primer d\u00eda en la f\u00e1brica de Enstone, en la que pas\u00f3 la jornada junto a los ingenieros del equipo, prob\u00f3 el asiento del A525, meti\u00f3 [&hellip;]<\/p>\n","protected":false},"author":1,"featured_media":161237,"comment_status":"closed","ping_status":"closed","sticky":false,"template":"","format":"standard","meta":[],"categories":[21],"tags":[],"_links":{"self":[{"href":"http:\/\/cordobadirecto.com\/index.php\/wp-json\/wp\/v2\/posts\/161236"}],"collection":[{"href":"http:\/\/cordobadirecto.com\/index.php\/wp-json\/wp\/v2\/posts"}],"about":[{"href":"http:\/\/cordobadirecto.com\/index.php\/wp-json\/wp\/v2\/types\/post"}],"author":[{"embeddable":true,"href":"http:\/\/cordobadirecto.com\/index.php\/wp-json\/wp\/v2\/users\/1"}],"replies":[{"embeddable":true,"href":"http:\/\/cordobadirecto.com\/index.php\/wp-json\/wp\/v2\/comments?post=161236"}],"version-history":[{"count":0,"href":"http:\/\/cordobadirecto.com\/index.php\/wp-json\/wp\/v2\/posts\/161236\/revisions"}],"wp:featuredmedia":[{"embeddable":true,"href":"http:\/\/cordobadirecto.com\/index.php\/wp-json\/wp\/v2\/media\/161237"}],"wp:attachment":[{"href":"http:\/\/cordobadirecto.com\/index.php\/wp-json\/wp\/v2\/media?parent=161236"}],"wp:term":[{"taxonomy":"category","embeddable":true,"href":"http:\/\/cordobadirecto.com\/index.php\/wp-json\/wp\/v2\/categories?post=161236"},{"taxonomy":"post_tag","embeddable":true,"href":"http:\/\/cordobadirecto.com\/index.php\/wp-json\/wp\/v2\/tags?post=161236"}],"curies":[{"name":"wp","href":"https:\/\/api.w.org\/{rel}","templated":true}]}}